{"id":47319,"date":"2010-11-11T16:15:55","date_gmt":"2010-11-11T14:15:55","guid":{"rendered":"http:\/\/www.nationalturk.com\/?p=47319"},"modified":"2010-11-11T18:04:56","modified_gmt":"2010-11-11T16:04:56","slug":"tff-kulupler-birligi-yetkisiz-menajerlik-11102010","status":"publish","type":"post","link":"https:\/\/www.nationalturk.com\/tr\/tff-kulupler-birligi-yetkisiz-menajerlik-11102010\/","title":{"rendered":"Kul\u00fcpler Birli\u011fi Toplant\u0131s\u0131&#8217;nda yetkisiz menajerlik masaya yat\u0131r\u0131ld\u0131!.."},"content":{"rendered":"<p><strong><a href=\"http:\/\/www.nationalturk.com\/tr\/wp-content\/uploads\/2010\/11\/toplanti.jpg\"><img loading=\"lazy\" decoding=\"async\" class=\"alignleft size-medium wp-image-47342\" title=\"Toplant\u0131\" src=\"http:\/\/www.nationalturk.com\/tr\/wp-content\/uploads\/2010\/11\/toplanti-280x185.jpg\" alt=\"\" width=\"280\" height=\"185\"><\/a>T\u00fcrkiye Futbol Federasyonu ile Kul\u00fcpler Birli\u011fi toplant\u0131s\u0131 sona erdi. Toplant\u0131 sonras\u0131nda Ba\u015fkanvekili L\u00fctfi Ar\u0131bo\u011fan ve Kul\u00fcpler Birli\u011fi Vakf\u0131 Ba\u015fkan Yard\u0131mc\u0131s\u0131 G\u00f6ksel G\u00fcm\u00fc\u015fda\u011f ortak bir bas\u0131n toplant\u0131s\u0131 d\u00fczenledi.<\/strong><\/p>\n<p>T\u00fcrkiye Futbol Federasyonu&#8217;nun \u0130stinye&#8217;deki binas\u0131nda saat 13.00&#8217;te ba\u015flayan toplant\u0131da, son g\u00fcnlerde futbol kamuoyunda tart\u0131\u015fma konusu olan futbolcu temsilcilerinin talimatlara ayk\u0131r\u0131 bir \u015fekilde menajerlik faaliyetleri i\u00e7inde bulunmalar\u0131na kar\u015f\u0131 al\u0131nabilecek \u00f6nlemler g\u00f6r\u00fc\u015f\u00fcld\u00fc.<\/p>\n<p>Toplant\u0131n\u0131n i\u00e7eri\u011fi hakk\u0131nda ayr\u0131nt\u0131l\u0131 bilgi verilmezken, toplant\u0131 sonras\u0131nda TFF Ba\u015fkanvekili L\u00fctfi Ar\u0131bo\u011fan, yapt\u0131\u011f\u0131 a\u00e7\u0131klamada, &#8221;Talimatlara ayk\u0131r\u0131 olarak faaliyet g\u00f6steren menejerler ve bu yap\u0131lanma ile ilgili bir toplant\u0131 yap\u0131ld\u0131. \u00dczerinde durulmas\u0131 gereken 1-2 nokta a\u00e7\u0131kl\u0131\u011fa kavu\u015fturuldu. Kul\u00fcp y\u00f6neticileri bilgilendirildi&#8221; dedi.<\/p>\n<p>Ar\u0131bo\u011fan, toplant\u0131da kul\u00fcp ba\u015fkanlar\u0131n\u0131n her hangi bir talep ya da serzeni\u015finin olup olmad\u0131\u011f\u0131n\u0131n sorulmas\u0131na ise, &#8221;Talimatlara ayk\u0131r\u0131l\u0131k ve etik de\u011ferlere ters d\u00fc\u015fen durumlarla ilgili bilgilendirmeler yap\u0131ld\u0131. Son g\u00fcnlerde ya\u015fananlar ve al\u0131nan disiplin cezalar\u0131 g\u00f6r\u00fc\u015f\u00fcld\u00fc. Burada al\u0131nan cezalar ve kul\u00fcplerin ma\u011fduriyetleri ad\u0131na do\u011facak aksakl\u0131klarla ilgili \u00f6n\u00fcm\u00fczdeki g\u00fcnlerde bir toplant\u0131 yap\u0131lacak ve y\u00f6netim kurulu toplant\u0131s\u0131nda y\u00f6netmeliklerde baz\u0131 de\u011fi\u015fikli\u011fe gidilecek&#8221; diye cevap verdi.<\/p>\n<p>Ceza alan futbolcu ve teknik adamlarla ilgiil olarak sorulan bir soruya ise Ar\u0131bo\u011fan, &#8221;\u00c7al\u0131\u015fmalar\u0131n devam etti\u011fini, ara\u015ft\u0131rmalar\u0131n s\u00fcrd\u00fc\u011f\u00fcn\u00fc s\u00f6yleyebilirim. Kul\u00fcp y\u00f6neticileri \u00f6zellikle de Eski\u015fehir&#8217;in bir serzeni\u015fi olmad\u0131. Burada sadece bir bilgilendirme yap\u0131ld\u0131&#8221; \u015feklinde cevap verdi.<\/p>\n<p>Kas\u0131mpa\u015fa Kul\u00fcp Ba\u015fkan\u0131 S\u00fcha Sidal&#8217;\u0131n \u015fikayeti ile ba\u015flayan lisansl\u0131 menejer ara\u015ft\u0131rmalar\u0131n\u0131n oldu\u011funu da belirten Ar\u0131bo\u011fan, &#8221;Bununla ilgili \u00e7al\u0131\u015fmalar\u0131m\u0131z s\u00fcr\u00fcyor. Bu konuda hem kul\u00fcpleri, hem oyuncu ve antren\u00f6rlerimizi bilgilendiriyoruz. Bir tak\u0131m cahillikleri engellemek i\u00e7in de bilgilendirme \u00e7al\u0131\u015fmalar\u0131na devam edece\u011fiz.&#8221; dedi.<\/p>\n<p><strong>TOPLANTIYA ANKARAG\u00dcC\u00dc KUL\u00dcB\u00dc KATILMADI<\/strong><\/p>\n<p>Bu arada toplant\u0131 sonras\u0131nda a\u00e7\u0131klama yapan Kul\u00fcpler Birli\u011fi Vakf\u0131 Ba\u015fkan Yard\u0131mc\u0131s\u0131 G\u00f6ksel G\u00fcm\u00fc\u015fda\u011f ise vakf\u0131n mutat toplant\u0131lar\u0131ndan birini yapt\u0131klar\u0131n\u0131, Futbol Federasyonu&#8217;nun bilgilendirmesinden de \u00e7ok ho\u015fnut olduklar\u0131n\u0131 s\u00f6yledi.<\/p>\n<p>G\u00fcm\u00fc\u015fda\u011f, toplant\u0131ya kul\u00fcp ba\u015fkanlar\u0131n\u0131n tamam\u0131n\u0131n kat\u0131ld\u0131\u011f\u0131n\u0131 s\u00f6yledi\u011fi a\u00e7\u0131klamas\u0131nda, bir soru \u00fczerine ise, Vak\u0131f Ba\u015fkan\u0131 ve Fenerbah\u00e7e Kul\u00fcp Ba\u015fkan\u0131 Aziz Y\u0131ld\u0131r\u0131m&#8217;\u0131n gribal bir rahats\u0131zl\u0131\u011f\u0131 nedeniyle toplant\u0131ya gelmedi\u011fini, Be\u015fikta\u015f&#8217;\u0131n Metin Ke\u00e7eli ile temsil edildi\u011fini belirterek, &#8221;Ankarag\u00fcc\u00fc kul\u00fcb\u00fcnden temsilci bulunmad\u0131&#8221; dedi.<\/p>\n<p>G\u00fcm\u00fc\u015fda\u011f, TFF&#8217;nin davetiyle toplant\u0131n\u0131n \u0130stinye&#8217;de federasyonun binas\u0131nda ger\u00e7ekle\u015fti\u011fini belirterek, &#8221;Menejerlik ve futbolcu ili\u015fkileri aras\u0131nda bir sunum yap\u0131ld\u0131. Kul\u00fcpler bilgilendirildi. 3-4 Aral\u0131k&#8217;ta bir de kul\u00fcp CEO&#8217;lar\u0131na bilgi verilecek. Talimatlar\u0131n yeni \u015fekliyle bize baz\u0131 bilgiler verildi. FIFA&#8217;n\u0131n ve UEFA&#8217;n\u0131n taleplerini bize aktard\u0131lar. Umar\u0131m, T\u00fcrk futbolu i\u00e7in yararl\u0131 olacakt\u0131r&#8221; diye konu\u015ftu.<\/p>\n<p>G\u00fcm\u00fc\u015fda\u011f, lisans\u0131 olmayan menejerlerin \u00e7al\u0131\u015fma sistemleri ile ilgili bir soruya ise, &#8221;Futbolcular \u00e7al\u0131\u015ft\u0131\u011f\u0131 menejerleri kendileri belirler. Bizim bu konuda bir m\u00fcdahalemiz olamaz. Ama baz\u0131 yanl\u0131\u015flar var ve bunlar da en k\u0131sa s\u00fcrede d\u00fczeltilecek&#8221; diye cevap verdi.<\/p>\n<div class=\"a-single a-157\"><!-- nationalturk.com Bali 610x90 -->\r\n<ins data-revive-zoneid=\"412\" data-revive-ct0=\"{clickurl_enc}\" data-revive-id=\"2093837923c3e243d9d78d731533cba1\"><\/ins>\r\n<script async src=\"\/\/www.hot-affiliates.com\/ad\/www\/delivery\/asyncjs.php\"><\/script><\/div>\n<span style=\"font-weight: bold; color: #f00;\">Error, group does not exist! Check your syntax! (ID: 60)<\/span>\n","protected":false},"excerpt":{"rendered":"<p>TFF ile Kul\u00fcpler Birli\u011fi toplant\u0131s\u0131 sona erdi. TFF Ba\u015fkanvekili Ar\u0131bo\u011fan ve Kul\u00fcpler Birli\u011fi Ba\u015fkan Yard\u0131mc\u0131s\u0131 G\u00fcm\u00fc\u015fda\u011f ortak bir bas\u0131n toplant\u0131s\u0131 d\u00fczenledi<\/p>\n","protected":false},"author":28,"featured_media":47331,"comment_status":"open","ping_status":"open","sticky":false,"template":"","format":"standard","meta":{"_acf_changed":false,"footnotes":""},"categories":[6774,6155,5005,6667,6194],"tags":[54227,54228,54229,54226,10992,17197,6477,54230],"class_list":["post-47319","post","type-post","status-publish","format-standard","has-post-thumbnail","hentry","category-futbol","category-gundem","category-manset","category-medya","category-spor","tag-bazi-yanlislar-var-ve-bunlar-da","tag-en-kisa-surede-duzeltilecek","tag-goksel-gumusdag","tag-gumusdag-menajerlik-konusunda","tag-kulupler-birligi","tag-lutfi-aribogan","tag-tff","tag-yetkisiz-menajerlik-masaya-yatirildi"],"acf":[],"_links":{"self":[{"href":"https:\/\/www.nationalturk.com\/tr\/wp-json\/wp\/v2\/posts\/47319","targetHints":{"allow":["GET"]}}],"collection":[{"href":"https:\/\/www.nationalturk.com\/tr\/wp-json\/wp\/v2\/posts"}],"about":[{"href":"https:\/\/www.nationalturk.com\/tr\/wp-json\/wp\/v2\/types\/post"}],"author":[{"embeddable":true,"href":"https:\/\/www.nationalturk.com\/tr\/wp-json\/wp\/v2\/users\/28"}],"replies":[{"embeddable":true,"href":"https:\/\/www.nationalturk.com\/tr\/wp-json\/wp\/v2\/comments?post=47319"}],"version-history":[{"count":0,"href":"https:\/\/www.nationalturk.com\/tr\/wp-json\/wp\/v2\/posts\/47319\/revisions"}],"wp:featuredmedia":[{"embeddable":true,"href":"https:\/\/www.nationalturk.com\/tr\/wp-json\/wp\/v2\/media\/47331"}],"wp:attachment":[{"href":"https:\/\/www.nationalturk.com\/tr\/wp-json\/wp\/v2\/media?parent=47319"}],"wp:term":[{"taxonomy":"category","embeddable":true,"href":"https:\/\/www.nationalturk.com\/tr\/wp-json\/wp\/v2\/categories?post=47319"},{"taxonomy":"post_tag","embeddable":true,"href":"https:\/\/www.nationalturk.com\/tr\/wp-json\/wp\/v2\/tags?post=47319"}],"curies":[{"name":"wp","href":"https:\/\/api.w.org\/{rel}","templated":true}]}}