{"id":48310,"date":"2010-11-22T15:45:52","date_gmt":"2010-11-22T13:45:52","guid":{"rendered":"http:\/\/www.nationalturk.com\/?p=48310"},"modified":"2010-11-22T15:54:34","modified_gmt":"2010-11-22T13:54:34","slug":"basbakan-erdogan-protesto-itu-ogrencileri-hapis-4639277","status":"publish","type":"post","link":"https:\/\/www.nationalturk.com\/tr\/basbakan-erdogan-protesto-itu-ogrencileri-hapis-4639277\/","title":{"rendered":"Erdo\u011fan&#8217;\u0131 protesto eden \u0130T\u00dc \u00f6\u011frencilerine hapis cezas\u0131"},"content":{"rendered":"<p><strong><img loading=\"lazy\" decoding=\"async\" class=\"alignleft size-medium wp-image-48311\" src=\"http:\/\/www.nationalturk.com\/tr\/wp-content\/uploads\/2010\/11\/itu_protestooo-220x220.jpg\" alt=\"\" width=\"220\" height=\"220\" title=\"\" srcset=\"https:\/\/www.nationalturk.com\/tr\/wp-content\/uploads\/2010\/11\/itu_protestooo-220x220.jpg 220w, https:\/\/www.nationalturk.com\/tr\/wp-content\/uploads\/2010\/11\/itu_protestooo-50x50.jpg 50w, https:\/\/www.nationalturk.com\/tr\/wp-content\/uploads\/2010\/11\/itu_protestooo.jpg 240w\" sizes=\"auto, (max-width: 220px) 100vw, 220px\" \/>2 y\u0131l \u00f6nce Ba\u015fbakan Recep Tayyip Erdo\u011fan&#8217;\u0131 protesto eden \u0130stanbul Teknik \u00dcniversitesi (\u0130T\u00dc) \u00f6\u011frencilerine 1 y\u0131l 3&#8217;er ay hapis cezas\u0131 verildi.<\/strong><\/p>\n<p>NTV&#8217;nin haberine g\u00f6re, \u00f6\u011frenciler hakk\u0131nda a\u00e7\u0131lan dava, 2 y\u0131l sonra sonu\u00e7land\u0131.<\/p>\n<p>Sar\u0131yer 3. Asliye ceza Mahkemesi, \u00f6\u011frencileri izinsiz g\u00f6steri yapt\u0131klar\u0131 gerek\u00e7esiyle 1 y\u0131l 3&#8217;er ay hapis cezas\u0131na \u00e7arpt\u0131rd\u0131.<\/p>\n<p>Ancak mahkeme \u00f6\u011frencilerin cezas\u0131n\u0131, daha \u00f6nce su\u00e7 i\u015flemedikleri i\u00e7in erteledi.<br \/>\n\u00d6\u011frenciler 5 y\u0131l i\u00e7inde ayn\u0131 su\u00e7u tekrar i\u015flerlerse hapse girecek.<\/p>\n<!-- Error, Advert is not available at this time due to schedule\/geolocation restrictions! -->\n","protected":false},"excerpt":{"rendered":"<p>\u0130T\u00dc&#8217;l\u00fc \u00f6\u011frencilere hapis! 2 y\u0131l \u00f6nce Ba\u015fbakan Recep Tayyip Erdo\u011fan&#8217;\u0131 protesto eden \u0130stanbul Teknik \u00dcniversitesi (\u0130T\u00dc) \u00f6\u011frencilerine 1 y\u0131l 3&#8217;er ay hapis cezas\u0131 verildi.<\/p>\n","protected":false},"author":4,"featured_media":48311,"comment_status":"open","ping_status":"open","sticky":false,"template":"","format":"standard","meta":{"_acf_changed":false,"footnotes":""},"categories":[6663,6155,6202,349,6805],"tags":[54848,18392],"class_list":["post-48310","post","type-post","status-publish","format-standard","has-post-thumbnail","hentry","category-egitim","category-gundem","category-politika","category-son-dakika","category-turkiye","tag-basbakan-erdogan-protesto","tag-itu"],"acf":[],"_links":{"self":[{"href":"https:\/\/www.nationalturk.com\/tr\/wp-json\/wp\/v2\/posts\/48310","targetHints":{"allow":["GET"]}}],"collection":[{"href":"https:\/\/www.nationalturk.com\/tr\/wp-json\/wp\/v2\/posts"}],"about":[{"href":"https:\/\/www.nationalturk.com\/tr\/wp-json\/wp\/v2\/types\/post"}],"author":[{"embeddable":true,"href":"https:\/\/www.nationalturk.com\/tr\/wp-json\/wp\/v2\/users\/4"}],"replies":[{"embeddable":true,"href":"https:\/\/www.nationalturk.com\/tr\/wp-json\/wp\/v2\/comments?post=48310"}],"version-history":[{"count":0,"href":"https:\/\/www.nationalturk.com\/tr\/wp-json\/wp\/v2\/posts\/48310\/revisions"}],"wp:featuredmedia":[{"embeddable":true,"href":"https:\/\/www.nationalturk.com\/tr\/wp-json\/wp\/v2\/media\/48311"}],"wp:attachment":[{"href":"https:\/\/www.nationalturk.com\/tr\/wp-json\/wp\/v2\/media?parent=48310"}],"wp:term":[{"taxonomy":"category","embeddable":true,"href":"https:\/\/www.nationalturk.com\/tr\/wp-json\/wp\/v2\/categories?post=48310"},{"taxonomy":"post_tag","embeddable":true,"href":"https:\/\/www.nationalturk.com\/tr\/wp-json\/wp\/v2\/tags?post=48310"}],"curies":[{"name":"wp","href":"https:\/\/api.w.org\/{rel}","templated":true}]}}