{"id":48320,"date":"2010-11-22T16:20:48","date_gmt":"2010-11-22T14:20:48","guid":{"rendered":"http:\/\/www.nationalturk.com\/?p=48320"},"modified":"2010-11-22T17:45:54","modified_gmt":"2010-11-22T15:45:54","slug":"izmir-konak-nihat-aktug-nergis-karatas-cinayet-intihar-6106663","status":"publish","type":"post","link":"https:\/\/www.nationalturk.com\/tr\/izmir-konak-nihat-aktug-nergis-karatas-cinayet-intihar-6106663\/","title":{"rendered":"Konak&#8217;ta cinnet! Eski sevgilisini \u00f6ld\u00fcr\u00fcp intihar etti!"},"content":{"rendered":"<p><strong><img loading=\"lazy\" decoding=\"async\" class=\"alignleft size-medium wp-image-48343\" src=\"http:\/\/www.nationalturk.com\/tr\/wp-content\/uploads\/2010\/11\/konak_fevzipasa_olay-280x186.jpg\" alt=\"\" width=\"280\" height=\"186\" title=\"\" srcset=\"https:\/\/www.nationalturk.com\/tr\/wp-content\/uploads\/2010\/11\/konak_fevzipasa_olay-280x186.jpg 280w, https:\/\/www.nationalturk.com\/tr\/wp-content\/uploads\/2010\/11\/konak_fevzipasa_olay.jpg 500w\" sizes=\"auto, (max-width: 280px) 100vw, 280px\" \/>\u0130zmir&#8217;in Konak il\u00e7esinde Nihat Aktu\u011f (22), adl\u0131 vatanda\u015f, eski k\u0131z arkada\u015f\u0131 Nergis Karata\u015f&#8217;\u0131 \u00f6ld\u00fcr\u00fcp karde\u015fi Song\u00fcl Karata\u015f&#8217;\u0131 yaralad\u0131 ve intihar etti. <\/strong><\/p>\n<p>Fevzipa\u015fa Caddesinde meydana gelen olay\u0131n ard\u0131ndan Nergis Karata\u015f olay yerinde hayat\u0131n\u0131 kaybederken Nihat Aktu\u011f, Tepecik E\u011fitim ve Ara\u015ft\u0131rma Hastanesi&#8217;ne kald\u0131r\u0131l\u0131rken yolda can verdi.<\/p>\n<p>Baca\u011f\u0131ndan yaralanan Song\u00fcl Karata\u015f ise Alsancak Devlet Hastanesi&#8217;nde tedavi alt\u0131na al\u0131nd\u0131.<\/p>\n<p>Al\u0131nan bilgilere g\u00f6re Nihat Aktu\u011f, ayr\u0131ld\u0131\u011f\u0131 sevgilisi Nergis Karata\u015f&#8217;\u0131n ba\u015fka biriyle ni\u015fanland\u0131\u011f\u0131n\u0131 \u00f6\u011frendikten sonra solu\u011fu Fevzipa\u015fa caddesindeki Karadeniz \u0130\u015f Han\u0131, 41\/1 numarada ald\u0131.<\/p>\n<p>Nihat Aktu\u011f, bir s\u00fcre tart\u0131\u015ft\u0131\u011f\u0131 Nergis Karata\u015f&#8217;\u0131 g\u00f6\u011fs\u00fcnden, Nergis&#8217;in k\u0131z karde\u015fi Song\u00fcl Karata\u015f&#8217;\u0131 ise baca\u011f\u0131ndan vurduktan sonra kendi kalbine ate\u015f etti.<\/p>\n<!-- Error, Advert is not available at this time due to schedule\/geolocation restrictions! -->\n","protected":false},"excerpt":{"rendered":"<p>\u0130zmir&#8217;in Konak il\u00e7esinde Nihat Aktu\u011f (22), adl\u0131 vatanda\u015f, eski k\u0131z arkada\u015f\u0131 Nergis Karata\u015f&#8217;\u0131 \u00f6ld\u00fcr\u00fcp karde\u015fi Song\u00fcl Karata\u015f&#8217;\u0131 yaralad\u0131 ve intihar etti.<\/p>\n","protected":false},"author":4,"featured_media":48343,"comment_status":"open","ping_status":"open","sticky":false,"template":"","format":"standard","meta":{"_acf_changed":false,"footnotes":""},"categories":[6155,5005,6805],"tags":[54856,54857,54860,54858,54859,54861],"class_list":["post-48320","post","type-post","status-publish","format-standard","has-post-thumbnail","hentry","category-gundem","category-manset","category-turkiye","tag-konak-cinayet","tag-nergis-karatas","tag-nergis-karatas-cinayet","tag-nihat-aktug","tag-nihat-aktug-cinayet","tag-songul-karatas"],"acf":[],"_links":{"self":[{"href":"https:\/\/www.nationalturk.com\/tr\/wp-json\/wp\/v2\/posts\/48320","targetHints":{"allow":["GET"]}}],"collection":[{"href":"https:\/\/www.nationalturk.com\/tr\/wp-json\/wp\/v2\/posts"}],"about":[{"href":"https:\/\/www.nationalturk.com\/tr\/wp-json\/wp\/v2\/types\/post"}],"author":[{"embeddable":true,"href":"https:\/\/www.nationalturk.com\/tr\/wp-json\/wp\/v2\/users\/4"}],"replies":[{"embeddable":true,"href":"https:\/\/www.nationalturk.com\/tr\/wp-json\/wp\/v2\/comments?post=48320"}],"version-history":[{"count":0,"href":"https:\/\/www.nationalturk.com\/tr\/wp-json\/wp\/v2\/posts\/48320\/revisions"}],"wp:featuredmedia":[{"embeddable":true,"href":"https:\/\/www.nationalturk.com\/tr\/wp-json\/wp\/v2\/media\/48343"}],"wp:attachment":[{"href":"https:\/\/www.nationalturk.com\/tr\/wp-json\/wp\/v2\/media?parent=48320"}],"wp:term":[{"taxonomy":"category","embeddable":true,"href":"https:\/\/www.nationalturk.com\/tr\/wp-json\/wp\/v2\/categories?post=48320"},{"taxonomy":"post_tag","embeddable":true,"href":"https:\/\/www.nationalturk.com\/tr\/wp-json\/wp\/v2\/tags?post=48320"}],"curies":[{"name":"wp","href":"https:\/\/api.w.org\/{rel}","templated":true}]}}