{"id":48851,"date":"2010-11-25T11:54:43","date_gmt":"2010-11-25T09:54:43","guid":{"rendered":"http:\/\/www.nationalturk.com\/?p=48851"},"modified":"2010-11-25T11:54:43","modified_gmt":"2010-11-25T09:54:43","slug":"cengiz-topel-havaalani-ne-zaman-aciliyor-4037017","status":"publish","type":"post","link":"https:\/\/www.nationalturk.com\/tr\/cengiz-topel-havaalani-ne-zaman-aciliyor-4037017\/","title":{"rendered":"Kocaeli Cengiz Topel Havaalan\u0131 7 ay sonra a\u00e7\u0131l\u0131yor"},"content":{"rendered":"<p><strong><img loading=\"lazy\" decoding=\"async\" class=\"alignleft size-medium wp-image-48852\" title=\"Cengiz Topel Havaalan\u0131\" src=\"http:\/\/www.nationalturk.com\/tr\/wp-content\/uploads\/2010\/11\/cengiz_topel_havaalani-268x220.jpg\" alt=\"\" width=\"268\" height=\"220\" srcset=\"https:\/\/www.nationalturk.com\/tr\/wp-content\/uploads\/2010\/11\/cengiz_topel_havaalani-268x220.jpg 268w, https:\/\/www.nationalturk.com\/tr\/wp-content\/uploads\/2010\/11\/cengiz_topel_havaalani-488x400.jpg 488w, https:\/\/www.nationalturk.com\/tr\/wp-content\/uploads\/2010\/11\/cengiz_topel_havaalani.jpg 600w\" sizes=\"auto, (max-width: 268px) 100vw, 268px\" \/>Kocaeli Cengiz Topel Havaalan\u0131 7 ay sonra sivil havac\u0131l\u0131\u011fa a\u00e7\u0131lacak. <\/strong><\/p>\n<p>Havaalan\u0131nda incelemelerde bulunan Kocaeli Valisi Ercan Topaca ve Kocaeli B\u00fcy\u00fck\u015fehir Belediye Ba\u015fkan\u0131 \u0130brahim Karaosmano\u011flu \u00e7al\u0131\u015fmalar\u0131n s\u00fcratle tamamlanaca\u011f\u0131n\u0131 ifade etti.<\/p>\n<p>Vali Topaca, &#8220;Ula\u015ft\u0131rma Bakanl\u0131\u011f\u0131, B\u00fcy\u00fck\u015fehir Belediyesi ve Kocaeli Valili\u011fi olarak Cengiz Topel Havaalan\u0131&#8217;n\u0131 2011 y\u0131l\u0131n\u0131n 6. ay\u0131na yeti\u015ftirmeye \u00e7al\u0131\u015f\u0131yoruz. 2011 y\u0131l\u0131nda Cengiz Topel Havaalan\u0131&#8217;nda yurt i\u00e7i yolcu u\u00e7u\u015flar\u0131 ba\u015flayacak. Mevcut 30 metrelik pist kullan\u0131lacak. \u0130leride yeni bir pist yap\u0131lmas\u0131 da g\u00fcndeme gelebilir. Havaalan\u0131n\u0131n sivil havac\u0131l\u0131\u011fa a\u00e7\u0131lmas\u0131 i\u00e7in neye ihtiya\u00e7 varsa s\u00fcratle yap\u0131m\u0131na ba\u015flanacak. Eksik k\u0131s\u0131mlar\u0131n tamamlanmas\u0131n\u0131n ard\u0131ndan 2011 y\u0131l\u0131n\u0131n 6. ay\u0131nda Cengiz Topel Havaalan\u0131&#8217;ndan ilk u\u00e7ak kalkacak&#8221; a\u00e7\u0131klamas\u0131n\u0131 yapt\u0131.<\/p>\n<p>YER H\u0130ZMETLER\u0130 B\u00dcY\u00dcK\u015eEH\u0130R&#8217;DEN<\/p>\n<p>\u0130lk a\u015famada Cengiz Topel Havaalan\u0131&#8217;nda yer hizmetlerinin Kocaeli B\u00fcy\u00fck\u015fehir Belediyesi taraf\u0131ndan y\u00fcr\u00fct\u00fclece\u011fi bilgisini veren Ba\u015fkan Karaosmano\u011flu, &#8220;Cengiz Topel Havaalan\u0131&#8217;n\u0131n sivil havac\u0131l\u0131\u011fa a\u00e7\u0131lmas\u0131 kente ayr\u0131 bir de\u011fer katacak&#8221; ifadesini kulland\u0131. DHM\u0130, Karayollar\u0131 ve Bay\u0131nd\u0131rl\u0131k Kocaeli M\u00fcd\u00fcrl\u00fc\u011f\u00fc yetkilileriyle g\u00f6r\u00fc\u015fen Ba\u015fkan Karaosmano\u011flu ile Vali Topaca, \u00e7al\u0131\u015fmalar\u0131n geldi\u011fi noktaya y\u00f6nelik bilgi ald\u0131.<\/p>\n<!-- Error, Advert is not available at this time due to schedule\/geolocation restrictions! -->\n","protected":false},"excerpt":{"rendered":"<p>Kocaeli Cengiz Topel Havaalan\u0131 7 ay sonra sivil havac\u0131l\u0131\u011fa a\u00e7\u0131lacak.<\/p>\n","protected":false},"author":4,"featured_media":48852,"comment_status":"open","ping_status":"open","sticky":false,"template":"","format":"standard","meta":{"_acf_changed":false,"footnotes":""},"categories":[6199,6155,5005,6671,6805],"tags":[55150,46164,55152,55151,5586,5585],"class_list":["post-48851","post","type-post","status-publish","format-standard","has-post-thumbnail","hentry","category-ekonomi","category-gundem","category-manset","category-seyahat","category-turkiye","tag-cengiz-topel","tag-cengiz-topel-havaalani","tag-ercan-topaca","tag-ibrahim-karaosmanoglu","tag-izmit","tag-kocaeli"],"acf":[],"_links":{"self":[{"href":"https:\/\/www.nationalturk.com\/tr\/wp-json\/wp\/v2\/posts\/48851","targetHints":{"allow":["GET"]}}],"collection":[{"href":"https:\/\/www.nationalturk.com\/tr\/wp-json\/wp\/v2\/posts"}],"about":[{"href":"https:\/\/www.nationalturk.com\/tr\/wp-json\/wp\/v2\/types\/post"}],"author":[{"embeddable":true,"href":"https:\/\/www.nationalturk.com\/tr\/wp-json\/wp\/v2\/users\/4"}],"replies":[{"embeddable":true,"href":"https:\/\/www.nationalturk.com\/tr\/wp-json\/wp\/v2\/comments?post=48851"}],"version-history":[{"count":0,"href":"https:\/\/www.nationalturk.com\/tr\/wp-json\/wp\/v2\/posts\/48851\/revisions"}],"wp:featuredmedia":[{"embeddable":true,"href":"https:\/\/www.nationalturk.com\/tr\/wp-json\/wp\/v2\/media\/48852"}],"wp:attachment":[{"href":"https:\/\/www.nationalturk.com\/tr\/wp-json\/wp\/v2\/media?parent=48851"}],"wp:term":[{"taxonomy":"category","embeddable":true,"href":"https:\/\/www.nationalturk.com\/tr\/wp-json\/wp\/v2\/categories?post=48851"},{"taxonomy":"post_tag","embeddable":true,"href":"https:\/\/www.nationalturk.com\/tr\/wp-json\/wp\/v2\/tags?post=48851"}],"curies":[{"name":"wp","href":"https:\/\/api.w.org\/{rel}","templated":true}]}}