{"id":49405,"date":"2010-11-30T00:50:03","date_gmt":"2010-11-29T22:50:03","guid":{"rendered":"http:\/\/www.nationalturk.com\/?p=49405"},"modified":"2010-11-30T00:52:18","modified_gmt":"2010-11-29T22:52:18","slug":"manuel-fernandes-besiktasta-29112010","status":"publish","type":"post","link":"https:\/\/www.nationalturk.com\/tr\/manuel-fernandes-besiktasta-29112010\/","title":{"rendered":"&#8220;Manuel Fernandes Be\u015fikta\u015f&#8217;ta&#8221; \/ Video"},"content":{"rendered":"<p><strong><img loading=\"lazy\" decoding=\"async\" class=\"alignnone size-large wp-image-49408\" title=\"Manuel Fernandes\" src=\"http:\/\/www.nationalturk.com\/tr\/wp-content\/uploads\/2010\/11\/Manuel_Fernandes-610x307.jpg\" alt=\"\" width=\"610\" height=\"307\" srcset=\"https:\/\/www.nationalturk.com\/tr\/wp-content\/uploads\/2010\/11\/Manuel_Fernandes-610x307.jpg 610w, https:\/\/www.nationalturk.com\/tr\/wp-content\/uploads\/2010\/11\/Manuel_Fernandes-280x141.jpg 280w, https:\/\/www.nationalturk.com\/tr\/wp-content\/uploads\/2010\/11\/Manuel_Fernandes.jpg 639w\" sizes=\"auto, (max-width: 610px) 100vw, 610px\" \/><\/strong><\/p>\n<p><strong>Be\u015fikta\u015f, Valencia&#8217;da forma giyen Portekizli orta saha oyuncusu Fernandes&#8217;i kiral\u0131k olarak transfer etti.<\/strong><\/p>\n<p>Valencia ve futbolcunun menajeri Jorge Mendez&#8217;den gerekli belgeler Be\u015fikta\u015f Kul\u00fcb\u00fc&#8217;ne geldi, siyah-beyazl\u0131 idareciler, son detaylar\u0131 halledip, s\u00f6zle\u015fme \u00f6rne\u011fini \u0130spanya&#8217;ya g\u00f6nderecekler. Be\u015fikta\u015f, sat\u0131n alma opsiyonunu da ald\u0131\u011f\u0131 Fernandes&#8217;i 6 ayl\u0131\u011f\u0131na kiralad\u0131.<\/p>\n<p>Siyah-beyazl\u0131lar, performans\u0131na g\u00f6re, sezon sonunda Portekizli futbolcunun bonservisini de almay\u0131 planl\u0131yor. Sat\u0131n alma opsiyonu 8 milyon euro olarak g\u00f6z\u00fck\u00fcyor; ancak idareciler, \u0130spanya&#8217;da ekonomik kriz nedeniyle d\u00fc\u015fen bonservis \u00fccretleri nedeniyle fiyat\u0131 5 milyon euroya \u00e7ekmeyi planl\u0131yor.<\/p>\n<p><strong>METE D\u00dcREN, TRANSFERDE BO\u015e DURMUYORUZ<\/strong><\/p>\n<p>Radyospor&#8217;da \u00d6zg\u00fcr Sancar&#8217;la Haber \u00d6zel Program\u0131&#8217;na kat\u0131lan \u0130leti\u015fim Komitesi ve Sa\u011fl\u0131k Kurulu Ba\u015fak\u0131n Mete D\u00fcren, &#8220;Transfer \u00e7al\u0131\u015fmalar\u0131n\u0131 s\u00fcrd\u00fcr\u00fcyoruz. Futbol \u015fubesi ve transfer komitesi bu konuda \u00e7al\u0131\u015f\u0131yor. De\u011fi\u015fik isimler g\u00fcndeme gelecektir.<\/p>\n<p>Daha pek \u00e7ok isim olu\u015facakt\u0131r. Biz bu konuda gerekli a\u00e7\u0131klamay\u0131 yapaca\u011f\u0131z. Ara transfer d\u00f6nemini Be\u015fikta\u015f bo\u015f ge\u00e7irmeyecektir. Avrupa Ligi&#8217;nde de hedefimiz var, do\u011fal olarak bo\u015f durmuyoruz, transfer yapaca\u011f\u0131z&#8221; cevab\u0131n\u0131 vermi\u015fti.<\/p>\n<p><strong>BE\u015e\u0130KTA\u015e, FERNANDEZ&#8217;\u0130 GE\u00c7EN TEMMUZ AYINDA DA \u0130STEM\u0130\u015eT\u0130<\/strong><\/p>\n<p>Fernandes&#8217;in kiral\u0131k olarak Be\u015fikta\u015f&#8217;a transfer oldu\u011funu duyuran AS Gazetesi&#8217;nin yazarlar\u0131ndan Dani Hidalgo ise \u00d6zg\u00fcr Sancar&#8217;a yapt\u0131\u011f\u0131 a\u00e7\u0131klamada, &#8220;Be\u015fikta\u015f, Temmuz ay\u0131nda da Fernandes i\u00e7in Valencia ile pazarl\u0131k masas\u0131na oturdu.<\/p>\n<p>Unai Emerey&#8217;de bu futbolcunun Be\u015fikta\u015f&#8217;a gitmesine onay verdi. Abelda, Tino Costa ve Banega gibi oyuncular\u0131n varl\u0131\u011f\u0131nda Fernandez&#8217;e fazla forma \u015fans\u0131 vermiyor. Emerey, onu daha fazla d\u00fc\u015f\u00fcnm\u00fcyor; ama Schuster istiyor.<\/p>\n<p>Temmuz ay\u0131ndaki pazarl\u0131klardan sonu\u00e7 al\u0131namam\u0131\u015ft\u0131; ama Valencia&#8217;n\u0131n Sevilla&#8217;yla oynad\u0131\u011f\u0131 ma\u00e7tan sonra Be\u015fikta\u015f, Fernandaz i\u00e7in teklifini yineledi. Bize gelen bilgilere g\u00f6re, her iki kul\u00fcp bu futbolcunun kiral\u0131k olarak transferi konusunda anla\u015fma sa\u011flad\u0131&#8221; dedi.<\/p>\n<p><strong>SCHUSTER&#8217;\u0130N OYUN PLANINA UYGUN<\/strong><\/p>\n<p>Dani Hidalgo, Fernandes&#8217;in oyunun her iki taraf\u0131n\u0131 da oynayabilen, hem defansa hem de ofansa yard\u0131mc\u0131 olmay\u0131 seven bir futbolcu oldu\u011funu belirterek, &#8220;\u00d6zel bir yetenektir. Orta sahada topu \u00e7ok iyi kullan\u0131r.<\/p>\n<p>Guti, Fernandez&#8217;e g\u00f6re daha ofansiftir; Fernandez&#8217;in g\u00f6be\u011fe yak\u0131n oynad\u0131\u011f\u0131n\u0131 s\u00f6yleyebilirim. Schuster&#8217;in sisteminde \u00f6nemli bir yer tutaca\u011f\u0131na eminim. Be\u015fikta\u015f i\u00e7in \u00e7ok faydal\u0131 bir oyuncu olacakt\u0131r&#8221; \u015feklinde konu\u015ftu.<\/p>\n<p>Tam ad\u0131 Manuel Henriques Tavares Fernandes olan Portekizli futbolcu, Valencia 2006 y\u0131l\u0131nda Benfica&#8217;dan 15 milyon euro kar\u015f\u0131l\u0131\u011f\u0131nda transfer oldu, hi\u00e7 forma giymeden \u0130ngiltere&#8217;nin yolunu tuttu.<\/p>\n<p>2006 ve 2007 y\u0131llar\u0131nda Everton ve Portsmount&#8217;ta kiral\u0131k oynad\u0131. Sonras\u0131nda Valencia&#8217;ya tekrar d\u00f6nd\u00fc; ancak 2008&#8217;de bir kez daha Ada&#8217;n\u0131n yolunu tuttu.\u00a0Portekiz Milli Tak\u0131m\u0131&#8217;n\u0131n formas\u0131n\u0131 3 kez giyen Fernandez, bu sezon Valencia&#8217;da fazla forama \u015fans\u0131 bulamad\u0131.<\/p>\n<p><strong>TRANSFER\u0130 \u0130LK VALENC\u0130A&#8217;DA FORMA G\u0130YEN MEHMET TOPAL DUYURDU <\/strong><\/p>\n<p>Fernandes&#8217;in tak\u0131m arkada\u015f\u0131 Mehmet Topal, d\u00fcn izledi\u011fi Galatasaray Be\u015fikta\u015f ma\u00e7\u0131n\u0131n ard\u0131ndan Lig TV&#8217;den Atakan Kurt&#8217;a transferle ilgili a\u00e7\u0131klamalarda bulundu.\u00a0Mehmet Topal \u015funlar\u0131 s\u00f6yledi:<\/p>\n<p>2 g\u00fcn \u00f6nce Fernandes benim yan\u0131ma geldi ve Be\u015fikta\u015f&#8217;la, T\u00fcrkiye&#8217;yle ve Be\u015fikta\u015f taraftar\u0131yla ilgili bir tak\u0131m sorular sordu. Ben de kendisine &#8216;Be\u015fikta\u015f \u00e7ok iyi bir tak\u0131m. Taraftar ve camia da iyi.<\/p>\n<p>\u0130stanbul&#8217;da \u00e7ok mutlu olursun. Be\u015fikta\u015f&#8217;ta da ba\u015far\u0131l\u0131 olursun&#8217; dedim. Bana &#8216;B\u00fcy\u00fck ihtimalle Be\u015fikta\u015f ile anla\u015ft\u0131m. B\u00fcy\u00fck bir olas\u0131l\u0131kla Be\u015fikta\u015f&#8217;a transfer olaca\u011f\u0131m&#8217; dedi. Ben de &#8216;Hay\u0131rl\u0131 olsun&#8217; dedim kendisine.<\/p>\n<p>Mehmet Topal, Fernandes hakk\u0131nda da bilgi vererek &#8220;\u00c7ok iyi ve ger\u00e7ekten etkili bir futbolcu. Be\u015fikta\u015f \u00e7ok b\u00fcy\u00fck bir i\u015f yapar&#8221; dedi.\u00a024 ya\u015f\u0131ndaki futbolcu bu sezon 7 La Liga, 4 \u015eampiyonlar Ligi m\u00fccadelesinde forma giydi. Fernandes bu sezon 2 kez de Portekiz Milli Tak\u0131m\u0131nda m\u00fccadele etti.<\/p>\n[media id=859 width=610 height=340]\n<div class=\"a-single a-157\"><!-- nationalturk.com Bali 610x90 -->\r\n<ins data-revive-zoneid=\"412\" data-revive-ct0=\"{clickurl_enc}\" data-revive-id=\"2093837923c3e243d9d78d731533cba1\"><\/ins>\r\n<script async src=\"\/\/www.hot-affiliates.com\/ad\/www\/delivery\/asyncjs.php\"><\/script><\/div>\n<!-- Error, Advert is not available at this time due to schedule\/geolocation restrictions! -->\n","protected":false},"excerpt":{"rendered":"<p>Valencial\u0131 Fernandez Be\u015fikta\u015f&#8217;ta<\/p>\n","protected":false},"author":4,"featured_media":49408,"comment_status":"open","ping_status":"open","sticky":false,"template":"","format":"standard","meta":{"_acf_changed":false,"footnotes":""},"categories":[6774,6155,5005,349,6194,342],"tags":[1748,8263,55462,55461,10683,28716],"class_list":["post-49405","post","type-post","status-publish","format-standard","has-post-thumbnail","hentry","category-futbol","category-gundem","category-manset","category-son-dakika","category-spor","category-video","tag-besiktas","tag-besiktas-transfer","tag-manuel-fernandes","tag-manuel-fernandes-video","tag-mehmet-topal","tag-mete-duren"],"acf":[],"_links":{"self":[{"href":"https:\/\/www.nationalturk.com\/tr\/wp-json\/wp\/v2\/posts\/49405","targetHints":{"allow":["GET"]}}],"collection":[{"href":"https:\/\/www.nationalturk.com\/tr\/wp-json\/wp\/v2\/posts"}],"about":[{"href":"https:\/\/www.nationalturk.com\/tr\/wp-json\/wp\/v2\/types\/post"}],"author":[{"embeddable":true,"href":"https:\/\/www.nationalturk.com\/tr\/wp-json\/wp\/v2\/users\/4"}],"replies":[{"embeddable":true,"href":"https:\/\/www.nationalturk.com\/tr\/wp-json\/wp\/v2\/comments?post=49405"}],"version-history":[{"count":0,"href":"https:\/\/www.nationalturk.com\/tr\/wp-json\/wp\/v2\/posts\/49405\/revisions"}],"wp:featuredmedia":[{"embeddable":true,"href":"https:\/\/www.nationalturk.com\/tr\/wp-json\/wp\/v2\/media\/49408"}],"wp:attachment":[{"href":"https:\/\/www.nationalturk.com\/tr\/wp-json\/wp\/v2\/media?parent=49405"}],"wp:term":[{"taxonomy":"category","embeddable":true,"href":"https:\/\/www.nationalturk.com\/tr\/wp-json\/wp\/v2\/categories?post=49405"},{"taxonomy":"post_tag","embeddable":true,"href":"https:\/\/www.nationalturk.com\/tr\/wp-json\/wp\/v2\/tags?post=49405"}],"curies":[{"name":"wp","href":"https:\/\/api.w.org\/{rel}","templated":true}]}}