{"id":50338,"date":"2010-12-07T11:13:35","date_gmt":"2010-12-07T09:13:35","guid":{"rendered":"http:\/\/www.nationalturk.com\/?p=50338"},"modified":"2012-05-04T16:28:05","modified_gmt":"2012-05-04T13:28:05","slug":"emre-aydin-hoscakal-7122010","status":"publish","type":"post","link":"https:\/\/www.nationalturk.com\/tr\/emre-aydin-hoscakal-7122010\/","title":{"rendered":"Emre Ayd\u0131n Ho\u015f\u00e7akal klibine ilgi s\u00fcr\u00fcyor \/ Video"},"content":{"rendered":"<p><strong><a href=\"http:\/\/www.nationalturk.com\/tr\/wp-content\/uploads\/2010\/11\/emre-aydin-hoscakal-klibi1.jpg\"><img loading=\"lazy\" decoding=\"async\" class=\"alignleft size-medium wp-image-48867\" title=\"Emre Ayd\u0131n Ho\u015f\u00e7akal videosu ile hep zirvede\" src=\"http:\/\/www.nationalturk.com\/tr\/wp-content\/uploads\/2010\/11\/emre-aydin-hoscakal-klibi1-280x212.jpg\" alt=\"\" width=\"280\" height=\"212\" srcset=\"https:\/\/www.nationalturk.com\/tr\/wp-content\/uploads\/2010\/11\/emre-aydin-hoscakal-klibi1-280x212.jpg 280w, https:\/\/www.nationalturk.com\/tr\/wp-content\/uploads\/2010\/11\/emre-aydin-hoscakal-klibi1-526x400.jpg 526w, https:\/\/www.nationalturk.com\/tr\/wp-content\/uploads\/2010\/11\/emre-aydin-hoscakal-klibi1.jpg 640w\" sizes=\"auto, (max-width: 280px) 100vw, 280px\" \/><\/a>Emre Ayd\u0131n Ho\u015f\u00e7akal videosu ile g\u00fcndemde kalmaya devam ediyor. <\/strong><\/p>\n<p>Hayranlar\u0131ndan gelen istek \u00fczerine son alb\u00fcm\u00fcndeki Ho\u015f\u00e7akal \u015fark\u0131s\u0131na klip \u00e7eken Emre Ayd\u0131n, yine zirvede.<\/p>\n<p>\u00dcnl\u00fc rock m\u00fczik \u015fark\u0131c\u0131s\u0131 Emre Ayd\u0131n\u2019\u0131n \u2018Ho\u015f\u00e7akal\u2019 klibi google\u2019da en \u00e7ok arananlar listesinde yer al\u0131yor.<\/p>\n<p>Ge\u00e7ti\u011fimiz haftalarda Ho\u015f\u00e7akal \u015fark\u0131s\u0131na klip \u00e7eken Emre Ayd\u0131n y\u00fckseli\u015fini s\u00fcrd\u00fcr\u00fcyor. Son alb\u00fcm\u00fc Ka\u011f\u0131t Evler ile yakalad\u0131\u011f\u0131 ba\u015far\u0131y\u0131 s\u00fcrd\u00fcren Emre Ayd\u0131n, Ho\u015f\u00e7akal \u015fark\u0131s\u0131na \u00e7ekti\u011fi klip ile de ad\u0131ndan s\u0131k\u00e7a s\u00f6z ettiriyor.<\/p>\n<h1>Google aramalar\u0131nda en \u00e7ok aranan klip Emre Ayd\u0131n \u2013 Ho\u015f\u00e7akal<\/h1>\n<p>Emre Ayd\u0131n\u2019\u0131n Ka\u011f\u0131t Evler alb\u00fcm\u00fcnde yer alan \u015fark\u0131lar\u0131; Bu Ya\u011fmurlar, Al\u0131\u015ft\u0131m Susumaya, Ho\u015f\u00e7akal, Tam D\u00f6rt Y\u0131l Olmu\u015f, Duymak \u0130stiyorum, Ayr\u0131 Ayr\u0131, Kimse Olmad\u0131 Senin Gibi, Geni\u015f Zamanlar Yok, Son Defa ve Ka\u011f\u0131t Evler.<\/p>\n<p><strong>Emre Ayd\u0131n\u2019\u0131n Ho\u015f\u00e7akal \u015fark\u0131s\u0131n\u0131n s\u00f6zleri:<\/strong><\/p>\n<p>Sen hi\u00e7 g\u00f6rmedin\/Su vermeye benzedik\/Plastik \u00e7i\u00e7eklere\/Hi\u00e7 g\u00f6rmedin<\/p>\n<p>Sen hi\u00e7 g\u00f6rmedin\/Dans ettik durmadan\/K\u0131r\u0131k camlar \u00fcst\u00fcnde<\/p>\n<p>Sen \u00f6yle sana benzeyen her \u015fey gibi\/Erirken avu\u00e7lar\u0131mda\/Ben unutuyorum<\/p>\n<p>Ho\u015f\u00e7akal\/Olacaklar sensiz olsun\/Daha durmam bo\u015fluklar\u0131nda ben\/Unutuyorum<\/p>\n<p>Sen hi\u00e7 g\u00f6rmedin\/Ba\u015ftan b\u00f6yle yaz\u0131lm\u0131\u015f\/Yok kimsesi kimsenin\/Hi\u00e7 kimsenin<\/p>\n<p>Sen hi\u00e7 g\u00f6rmedin\/Sonu ba\u015ftan yaz\u0131lm\u0131\u015f\/Bitti kelimelerim<\/p>\n<p>1 Nisan\u2019da m\u00fczik marketlerde yerini alan Ka\u011f\u0131t Evler alb\u00fcm\u00fc ile hayranlar\u0131na b\u00fcy\u00fck bir s\u00fcrpriz yapan Emre Ayd\u0131n, dillerden d\u00fc\u015fmeyen Ho\u015f\u00e7akal \u015fark\u0131s\u0131n\u0131 ise eski sevgilisi i\u00e7in yazd\u0131\u011f\u0131n\u0131 a\u00e7\u0131klad\u0131. Emre Ayd\u0131n, \u015fark\u0131lar\u0131n\u0131 uzun bir ili\u015fki ya\u015fad\u0131\u011f\u0131 ve ba\u015fkas\u0131 ile evlenen eski sevgilisine yazd\u0131\u011f\u0131n\u0131 itiraf etti.<\/p>\n<p><strong>\u0130\u015fte Emre Ayd\u0131n\u2019\u0131n dillerden d\u00fc\u015fmeyen \u2018Ho\u015f\u00e7akal\u2019 \u015fark\u0131s\u0131na \u00e7ekti\u011fi klip:<\/strong><\/p>\n<p><strong>[media id=839 width=610 height=340]<\/strong><\/p>\n<span style=\"font-weight: bold; color: #f00;\">Error, group does not exist! Check your syntax! (ID: 53)<\/span>\n<span style=\"font-weight: bold; color: #f00;\">Error, group does not exist! Check your syntax! (ID: 51)<\/span>\n","protected":false},"excerpt":{"rendered":"<p>Emre Ayd\u0131n Ho\u015f\u00e7akal videosu ile g\u00fcndemde kalmaya devam ediyor.<\/p>\n","protected":false},"author":4,"featured_media":189145,"comment_status":"open","ping_status":"open","sticky":false,"template":"","format":"standard","meta":{"_acf_changed":false,"footnotes":""},"categories":[1],"tags":[6930,54233,54234,54237],"class_list":["post-50338","post","type-post","status-publish","format-standard","has-post-thumbnail","hentry","category-nationalturk","tag-emre-aydin","tag-emre-aydin-hoscakal-klibi","tag-emre-aydin-hoscakal-video","tag-hoscakal-klibi-izle"],"acf":[],"_links":{"self":[{"href":"https:\/\/www.nationalturk.com\/tr\/wp-json\/wp\/v2\/posts\/50338","targetHints":{"allow":["GET"]}}],"collection":[{"href":"https:\/\/www.nationalturk.com\/tr\/wp-json\/wp\/v2\/posts"}],"about":[{"href":"https:\/\/www.nationalturk.com\/tr\/wp-json\/wp\/v2\/types\/post"}],"author":[{"embeddable":true,"href":"https:\/\/www.nationalturk.com\/tr\/wp-json\/wp\/v2\/users\/4"}],"replies":[{"embeddable":true,"href":"https:\/\/www.nationalturk.com\/tr\/wp-json\/wp\/v2\/comments?post=50338"}],"version-history":[{"count":0,"href":"https:\/\/www.nationalturk.com\/tr\/wp-json\/wp\/v2\/posts\/50338\/revisions"}],"wp:featuredmedia":[{"embeddable":true,"href":"https:\/\/www.nationalturk.com\/tr\/wp-json\/wp\/v2\/media\/189145"}],"wp:attachment":[{"href":"https:\/\/www.nationalturk.com\/tr\/wp-json\/wp\/v2\/media?parent=50338"}],"wp:term":[{"taxonomy":"category","embeddable":true,"href":"https:\/\/www.nationalturk.com\/tr\/wp-json\/wp\/v2\/categories?post=50338"},{"taxonomy":"post_tag","embeddable":true,"href":"https:\/\/www.nationalturk.com\/tr\/wp-json\/wp\/v2\/tags?post=50338"}],"curies":[{"name":"wp","href":"https:\/\/api.w.org\/{rel}","templated":true}]}}