{"id":50502,"date":"2010-12-08T09:54:57","date_gmt":"2010-12-08T07:54:57","guid":{"rendered":"http:\/\/www.nationalturk.com\/?p=50502"},"modified":"2010-12-08T09:54:57","modified_gmt":"2010-12-08T07:54:57","slug":"besiktas-bursaspor-olaylari-8122010","status":"publish","type":"post","link":"https:\/\/www.nationalturk.com\/tr\/besiktas-bursaspor-olaylari-8122010\/","title":{"rendered":"Be\u015fikta\u015f &#8211; Bursaspor olaylar\u0131! 2 taraftar tutukland\u0131"},"content":{"rendered":"<p><strong><img loading=\"lazy\" decoding=\"async\" class=\"alignleft size-medium wp-image-50503\" src=\"http:\/\/www.nationalturk.com\/tr\/wp-content\/uploads\/2010\/12\/bursa_olaylarr1-280x205.jpg\" alt=\"\" width=\"280\" height=\"205\" title=\"\" srcset=\"https:\/\/www.nationalturk.com\/tr\/wp-content\/uploads\/2010\/12\/bursa_olaylarr1-280x205.jpg 280w, https:\/\/www.nationalturk.com\/tr\/wp-content\/uploads\/2010\/12\/bursa_olaylarr1.jpeg 450w\" sizes=\"auto, (max-width: 280px) 100vw, 280px\" \/>Be\u015fikta\u015f-Bursaspor olaylar\u0131n\u0131n ard\u0131ndan g\u00f6zalt\u0131na al\u0131nan 10 Be\u015fikta\u015fl\u0131 taraftardan 2&#8217;si tutuklanarak Metris Cezaevi&#8217;ne g\u00f6nderildi. <\/strong><\/p>\n<p>Sorgular\u0131 tamamlanan 8 ki\u015fi ise serbest b\u0131rak\u0131ld\u0131.<\/p>\n<p>Pazar g\u00fcn\u00fc \u0130n\u00f6n\u00fc Stadyumu\u2019nda oynanan Be\u015fikta\u015f &#8211; Bursaspor ma\u00e7\u0131 \u00f6ncesinde \u00e7\u0131kan olaylar 3&#8217;\u00fc b\u0131\u00e7akla 4 ki\u015finin yaralanmas\u0131na sebep olmu\u015ftu.<\/p>\n<p>Be\u015fikta\u015f Bursaspor olaylar\u0131n\u0131n ard\u0131ndan soru\u015fturma ba\u015flatan \u0130stanbul polisi 10 ki\u015fiyi g\u00f6zalt\u0131na ald\u0131.<\/p>\n<p>10 ki\u015fi d\u00fcn \u0130stanbul Adliyesi&#8217;ne sevk edildi. Savc\u0131l\u0131ktaki sorgular\u0131 tamamlanan \u015fah\u0131slardan ikisi tutuklanma istemiyle n\u00f6bet\u00e7i mahkemeye sevk edildi. \u015eah\u0131slardan 8\u2019i ise serbest b\u0131rak\u0131ld\u0131.<\/p>\n<p>N\u00f6bet\u00e7i mahkemede ifadeleri al\u0131nan zanl\u0131lardan \u0130brahim A. ve Onur K. b\u0131\u00e7akla yaralama su\u00e7undan tutukland\u0131.<\/p>\n<p>\u0130brahim A. ve Onur K.&#8217;n\u0131n adliyeden \u00e7\u0131k\u0131\u015f\u0131 s\u0131ras\u0131nda Be\u015fikta\u015fl\u0131 bir grup taraftar tezah\u00fcrat yapt\u0131.<\/p>\n<p>Be\u015fikta\u015f Bursaspor olaylar\u0131n\u0131n ard\u0131ndan konuk Bursaspor taraftarlar\u0131ndan hi\u00e7 kimse g\u00f6zalt\u0131na al\u0131nmad\u0131.<\/p>\n<!-- Error, Advert is not available at this time due to schedule\/geolocation restrictions! -->\n","protected":false},"excerpt":{"rendered":"<p>Be\u015fikta\u015f &#8211; Bursaspor olaylar\u0131! G\u00f6zalt\u0131na al\u0131nan 10 Be\u015fikta\u015fl\u0131 taraftardan 2&#8217;si tutuklanarak Metris Cezaevi&#8217;ne g\u00f6nderildi.<\/p>\n","protected":false},"author":4,"featured_media":50503,"comment_status":"open","ping_status":"open","sticky":false,"template":"","format":"standard","meta":{"_acf_changed":false,"footnotes":""},"categories":[6774,6155,349,6194],"tags":[1748,55845,56088,56086,56087],"class_list":["post-50502","post","type-post","status-publish","format-standard","has-post-thumbnail","hentry","category-futbol","category-gundem","category-son-dakika","category-spor","tag-besiktas","tag-besiktas-bursaspor-olaylar","tag-besiktas-bursaspor-olaylari","tag-besiktasli-2-taraftar-tutuklandi","tag-tutuklanan-besiktas-taraftarlari"],"acf":[],"_links":{"self":[{"href":"https:\/\/www.nationalturk.com\/tr\/wp-json\/wp\/v2\/posts\/50502","targetHints":{"allow":["GET"]}}],"collection":[{"href":"https:\/\/www.nationalturk.com\/tr\/wp-json\/wp\/v2\/posts"}],"about":[{"href":"https:\/\/www.nationalturk.com\/tr\/wp-json\/wp\/v2\/types\/post"}],"author":[{"embeddable":true,"href":"https:\/\/www.nationalturk.com\/tr\/wp-json\/wp\/v2\/users\/4"}],"replies":[{"embeddable":true,"href":"https:\/\/www.nationalturk.com\/tr\/wp-json\/wp\/v2\/comments?post=50502"}],"version-history":[{"count":0,"href":"https:\/\/www.nationalturk.com\/tr\/wp-json\/wp\/v2\/posts\/50502\/revisions"}],"wp:featuredmedia":[{"embeddable":true,"href":"https:\/\/www.nationalturk.com\/tr\/wp-json\/wp\/v2\/media\/50503"}],"wp:attachment":[{"href":"https:\/\/www.nationalturk.com\/tr\/wp-json\/wp\/v2\/media?parent=50502"}],"wp:term":[{"taxonomy":"category","embeddable":true,"href":"https:\/\/www.nationalturk.com\/tr\/wp-json\/wp\/v2\/categories?post=50502"},{"taxonomy":"post_tag","embeddable":true,"href":"https:\/\/www.nationalturk.com\/tr\/wp-json\/wp\/v2\/tags?post=50502"}],"curies":[{"name":"wp","href":"https:\/\/api.w.org\/{rel}","templated":true}]}}