{"id":50651,"date":"2010-12-08T17:25:12","date_gmt":"2010-12-08T15:25:12","guid":{"rendered":"http:\/\/www.nationalturk.com\/?p=50651"},"modified":"2010-12-08T17:31:38","modified_gmt":"2010-12-08T15:31:38","slug":"travel-turkey-2010-izmir-basliyor-081210","status":"publish","type":"post","link":"https:\/\/www.nationalturk.com\/tr\/travel-turkey-2010-izmir-basliyor-081210\/","title":{"rendered":"Travel Turkey 2010 \u0130zmir Turizm Fuar ve Konferans\u0131 yar\u0131n ba\u015fl\u0131yor"},"content":{"rendered":"<p><strong><a href=\"http:\/\/www.nationalturk.com\/tr\/wp-content\/uploads\/2010\/12\/travel-turkey-izmir-2010.jpg\"><img loading=\"lazy\" decoding=\"async\" class=\"alignleft size-full wp-image-50660\" title=\"Travel Turkey 2010 \u0130zmir Turizm Fuar ve Konferans\u0131 yar\u0131n ba\u015fl\u0131yor\" src=\"http:\/\/www.nationalturk.com\/tr\/wp-content\/uploads\/2010\/12\/travel-turkey-izmir-2010.jpg\" alt=\"\" width=\"268\" height=\"300\" srcset=\"https:\/\/www.nationalturk.com\/tr\/wp-content\/uploads\/2010\/12\/travel-turkey-izmir-2010.jpg 268w, https:\/\/www.nationalturk.com\/tr\/wp-content\/uploads\/2010\/12\/travel-turkey-izmir-2010-196x220.jpg 196w\" sizes=\"auto, (max-width: 268px) 100vw, 268px\" \/><\/a>Travel Turkey 2010 \u0130zmir Turizm Fuar ve Konferans\u0131 9 Aral\u0131k&#8217;ta ba\u015fl\u0131yor.<\/strong><\/p>\n<p>12 Aral\u0131k&#8217;a kadar devam edecek olan Travel Turkey 2010 \u0130zmir Turizm Fuar ve Konferans\u0131 bu y\u0131l d\u00f6rd\u00fcnc\u00fc kez \u0130ZFA\u015e, T\u00fcrkiye Seyahat Acentalar\u0131 Birli\u011fi (T\u00dcRSAB) ve Hannover-Messe International \u0130stanbul i\u015fbirli\u011fi ile organize edilecek.<\/p>\n<p>\u0130zmir Uluslararas\u0131 Fuar Alan\u0131&#8217;nda d\u00fczenlenecek olan 2010 Travel Turkey \u0130zmir Turizm Fuar\u0131, d\u00fcnyan\u0131n ve T\u00fcrkiye&#8217;nin farkl\u0131 destinasyonlar\u0131ndan sekt\u00f6r\u00fcn profesyonellerini bulu\u015fturmaya haz\u0131rlan\u0131yor.<\/p>\n<p>Travel Turkey 2010 \u0130zmir Turizm Fuar ve Konferans\u0131na; Seyahat Acentalar\u0131, Tur Operat\u00f6rleri, Toplant\u0131, Organizasyon, Kongre Turizmi, Turizm Tan\u0131tma B\u00fcrolar\u0131 ve Organizasyonlar\u0131, \u0130\u015f ve Kongre Turizmi, Sa\u011fl\u0131k &#8211; Termal &amp; SPA Turizmi, Spor Turizmi, Aktif ve Macera Turizmi, E\u011fitim ve K\u00fclt\u00fcr Turizmi, Tatil K\u00f6yleri, Bankac\u0131l\u0131k, Sigorta ve Denetim Hizmetleri, Medya, Oteller, \u0130leti\u015fim Hizmetleri, Turizm E\u011fitimi ve Dil Okullar\u0131, Turizm Ta\u015f\u0131mac\u0131l\u0131\u011f\u0131 Firmalar\u0131, Hava Yollar\u0131 Firmalar\u0131, \u0130l K\u00fclt\u00fcr ve Turizm M\u00fcd\u00fcrl\u00fckleri, Belediyeler, Turizm Dernek ve Birlikleri, Sekt\u00f6rel Yay\u0131nlar, Restoranlar ve Kafeler, Ara\u00e7 Kiralama Firmalar\u0131 kat\u0131lacak.<\/p>\n<p>\u0130lk d\u00fczenlendi\u011fi tarihten itiberen kat\u0131l\u0131mc\u0131 ve ziyaret\u00e7i say\u0131s\u0131n\u0131 h\u0131zla artt\u0131ran Travel Turkey \u0130zmir Turizm Fuar ve Konferans\u0131, 2010 y\u0131l\u0131nda da daha kapsaml\u0131 ve uluslararas\u0131 ziyaret\u00e7ilerin yo\u011funlu\u011fu ile \u00f6ne \u00e7\u0131kan bir fuar olmay\u0131 hedefliyor.<\/p>\n<p>Travel Turkey 2010 \u0130zmir Turizm Fuar ve Konferans\u0131&#8217;nda \u0130zmir a\u011f\u0131rl\u0131kl\u0131 olmak \u00fczere t\u00fcm T\u00fcrkiye&#8217;nin turizm zenginlikleri, farkl\u0131 destinasyonlar\u0131 yerli ve yabanc\u0131 turizm yat\u0131r\u0131mc\u0131lar\u0131na, acentalara, sat\u0131n al\u0131c\u0131lara ve tatil plan\u0131 yapmakta olan son t\u00fcketicilere tan\u0131t\u0131lacak. Fuar her y\u0131l oldu\u011fu gibi bu y\u0131l da \u00e7evre \u00fclkelerden \u00e7ok say\u0131da sat\u0131n al\u0131c\u0131ya ev sahipli\u011fi yapacak.<\/p>\n<h1>National Turk de\u00a0 Travel Turkey 2010 \u0130zmir&#8217;de<\/h1>\n<p>Medya Olu\u015fum ailesinden National Turk gazetesi de Travel Turkey 2010 \u0130zmir fuar\u0131nda olacak. National Turk&#8217;\u00fcn ba\u011fl\u0131 oldu\u011fu Medya Olu\u015fum gurubu;\u00a0 fuar\u0131n ba\u015flad\u0131\u011f\u0131 9 Aral\u0131k&#8217;tan biti\u015f tarihi olan\u00a0 12 Aral\u0131k&#8217;a kadar fuar alan\u0131nda 2. salon ve F112 nolu standda haz\u0131r bulunacak.<\/p>\n<span style=\"font-weight: bold; color: #f00;\">Error, group does not exist! Check your syntax! (ID: 111)<\/span>\n","protected":false},"excerpt":{"rendered":"<p>Travel Turkey 2010 \u0130zmir Turizm Fuar ve Konferans\u0131 9 Aral\u0131k&#8217;ta ba\u015fl\u0131yor.<\/p>\n","protected":false},"author":3,"featured_media":50660,"comment_status":"open","ping_status":"open","sticky":false,"template":"","format":"standard","meta":{"_acf_changed":false,"footnotes":""},"categories":[6155,5005],"tags":[56194,56195,56193,56196,10061,56191,56189,56190,56192],"class_list":["post-50651","post","type-post","status-publish","format-standard","has-post-thumbnail","hentry","category-gundem","category-manset","tag-fuar-otelleri","tag-izmir-kultur-park","tag-izmir-turizm-fuari","tag-medya-olusum","tag-nationalturk","tag-travel-turkey","tag-travel-turkey-2010","tag-travel-turkey-2010-fuar","tag-travel-turkey-2010-izmir-turizm-fuar-ve-konferansi"],"acf":[],"_links":{"self":[{"href":"https:\/\/www.nationalturk.com\/tr\/wp-json\/wp\/v2\/posts\/50651","targetHints":{"allow":["GET"]}}],"collection":[{"href":"https:\/\/www.nationalturk.com\/tr\/wp-json\/wp\/v2\/posts"}],"about":[{"href":"https:\/\/www.nationalturk.com\/tr\/wp-json\/wp\/v2\/types\/post"}],"author":[{"embeddable":true,"href":"https:\/\/www.nationalturk.com\/tr\/wp-json\/wp\/v2\/users\/3"}],"replies":[{"embeddable":true,"href":"https:\/\/www.nationalturk.com\/tr\/wp-json\/wp\/v2\/comments?post=50651"}],"version-history":[{"count":0,"href":"https:\/\/www.nationalturk.com\/tr\/wp-json\/wp\/v2\/posts\/50651\/revisions"}],"wp:featuredmedia":[{"embeddable":true,"href":"https:\/\/www.nationalturk.com\/tr\/wp-json\/wp\/v2\/media\/50660"}],"wp:attachment":[{"href":"https:\/\/www.nationalturk.com\/tr\/wp-json\/wp\/v2\/media?parent=50651"}],"wp:term":[{"taxonomy":"category","embeddable":true,"href":"https:\/\/www.nationalturk.com\/tr\/wp-json\/wp\/v2\/categories?post=50651"},{"taxonomy":"post_tag","embeddable":true,"href":"https:\/\/www.nationalturk.com\/tr\/wp-json\/wp\/v2\/tags?post=50651"}],"curies":[{"name":"wp","href":"https:\/\/api.w.org\/{rel}","templated":true}]}}