{"id":50741,"date":"2010-12-09T11:37:27","date_gmt":"2010-12-09T09:37:27","guid":{"rendered":"http:\/\/www.nationalturk.com\/?p=50741"},"modified":"2010-12-09T11:38:42","modified_gmt":"2010-12-09T09:38:42","slug":"anelkadan-kufur-itirafi-istanbul-gibisini-gormedim-9122010","status":"publish","type":"post","link":"https:\/\/www.nationalturk.com\/tr\/anelkadan-kufur-itirafi-istanbul-gibisini-gormedim-9122010\/","title":{"rendered":"Anelka&#8217;dan k\u00fcf\u00fcr itiraf\u0131 &#8220;\u0130stanbul gibisini g\u00f6rmedim&#8221;"},"content":{"rendered":"<p><strong><img loading=\"lazy\" decoding=\"async\" class=\"alignleft size-medium wp-image-50744\" title=\"nicolas-anelka\" src=\"http:\/\/www.nationalturk.com\/tr\/wp-content\/uploads\/2010\/12\/nicolas-anelka-280x192.jpg\" alt=\"\" width=\"280\" height=\"192\" srcset=\"https:\/\/www.nationalturk.com\/tr\/wp-content\/uploads\/2010\/12\/nicolas-anelka-280x192.jpg 280w, https:\/\/www.nationalturk.com\/tr\/wp-content\/uploads\/2010\/12\/nicolas-anelka.jpg 320w\" sizes=\"auto, (max-width: 280px) 100vw, 280px\" \/>Fenerbah\u00e7e formas\u0131n\u0131 giydikten sonra \u0130ngiltere&#8217;ye giden Frans\u0131z Nicolas Anelka, T\u00fcrkiye&#8217;de kendisine y\u00f6nelik k\u00fcf\u00fcrleri hi\u00e7 bir yerde duymad\u0131\u011f\u0131n\u0131 s\u00f6yledi. Golc\u00fc oyuncu &#8220;K\u00fcf\u00fcr konusunda \u0130stanbul 100 kere daha beter&#8221; dedi.<\/strong><\/p>\n<p>\u0130stanbul&#8217;da \u00e7\u0131kt\u0131\u011f\u0131 derbilerdeki atmosferi hi\u00e7 bir yerde g\u00f6rmedi\u011fini s\u00f6yleyen Anelka, topa her aya\u011f\u0131n\u0131 vurdu\u011funda da kendisine yap\u0131lan k\u00fcf\u00fcrleri unutamad\u0131\u011f\u0131n\u0131 s\u00f6yledi.<\/p>\n<p>Chelsea&#8217;nin d\u00fcn Marsilya&#8217;yla yapt\u0131\u011f\u0131 ve 1-0 yenildi\u011fi ma\u00e7\u0131n kadrosuna al\u0131nmayan Anelka, neden kadroya al\u0131nmad\u0131\u011f\u0131n\u0131 a\u00e7\u0131klad\u0131. Chelsea menajeri Carlo Ancelotti&#8217;nin kendisine gelecek tepkilerden \u00e7ekindi\u011fi i\u00e7in kadroya almad\u0131\u011f\u0131 \u015feklindeki yorumlara kat\u0131lmad\u0131\u011f\u0131n\u0131 s\u00f6yleyen Anelka, &#8220;O kadar uzun s\u00fcredir futbol oynuyorum ki&#8230; Art\u0131k al\u0131\u015ft\u0131m. Marsilya&#8217;daki taraftarlar ben \u0131sl\u0131klasa, bu beni etkilemezdi. Bu stada (V\u00e9lodrome) PSG ve Fransa formas\u0131yla da geldim, yine \u0131sl\u0131kland\u0131m, ama ard\u0131ndan gece rahat uyudum&#8221; dedi.<\/p>\n<p>France-Soir adl\u0131 radyo kanal\u0131na yapt\u0131\u011f\u0131 a\u00e7\u0131klamalara, T\u00fcrkiye&#8217;de futbol oynad\u0131\u011f\u0131 d\u00f6nemi anlatarak devam eden Anelka, taraftarlar\u0131n \u0131sl\u0131klar\u0131na k\u0131zmad\u0131\u011f\u0131n\u0131 vurgulayarak, &#8220;Tersine. Ho\u015fuma gidiyor! Arsenal kar\u015f\u0131s\u0131nda Liverpool formas\u0131yla yuhalanm\u0131\u015ft\u0131m. Ayn\u0131 \u015fekilde Fenerbah\u00e7e formas\u0131yla \u00e7\u0131kt\u0131\u011f\u0131m derbilerde, topa her dokundu\u011fumuzda trib\u00fcnlerden k\u00fcf\u00fcr f\u0131\u015fk\u0131r\u0131yordu. \u0130stanbul, 100 kere daha beter. B\u00fct\u00fcn bunlar beni \u00f6ld\u00fcrmedi. Futbol sadece bir oyun; \u00e7o\u011fu zaman bunu unutuyoruz&#8221; \u015feklinde konu\u015ftu.<\/p>\n<p>2005-2006 sezonunda Fenerbah\u00e7e formas\u0131 giyen y\u0131ld\u0131z oyuncu, bir sonraki sezonun ortas\u0131nda Bolton Wanderers&#8217;a transfer olmu\u015f; ard\u0131ndan da Premier League&#8217;in en iddial\u0131 tak\u0131mlar\u0131ndan Chelsea formas\u0131 giymeye ba\u015flam\u0131\u015ft\u0131.<\/p>\n<!-- Error, Advert is not available at this time due to schedule\/geolocation restrictions! -->\n","protected":false},"excerpt":{"rendered":"<p>Fenerbah\u00e7e formas\u0131n\u0131 giydikten sonra \u0130ngiltere&#8217;ye giden Frans\u0131z Nicolas Anelka, T\u00fcrkiye&#8217;de kendisine y\u00f6nelik k\u00fcf\u00fcrleri hi\u00e7 bir yerde duymad\u0131\u011f\u0131n\u0131 s\u00f6yledi. Golc\u00fc oyuncu &#8220;K\u00fcf\u00fcr konusunda \u0130stanbul 100 kere daha beter&#8221; dedi.<\/p>\n","protected":false},"author":4,"featured_media":50744,"comment_status":"open","ping_status":"open","sticky":false,"template":"","format":"standard","meta":{"_acf_changed":false,"footnotes":""},"categories":[6774,5005,6194],"tags":[1036,20824,849,17,56264,29689,30488,6342,195938,56263],"class_list":["post-50741","post","type-post","status-publish","format-standard","has-post-thumbnail","hentry","category-futbol","category-manset","category-spor","tag-chelsea","tag-derbi","tag-fenerbahce","tag-fransa","tag-kufur","tag-marsilya","tag-nicolas-anelka","tag-psg","tag-turkiye","tag-velodrom"],"acf":[],"_links":{"self":[{"href":"https:\/\/www.nationalturk.com\/tr\/wp-json\/wp\/v2\/posts\/50741","targetHints":{"allow":["GET"]}}],"collection":[{"href":"https:\/\/www.nationalturk.com\/tr\/wp-json\/wp\/v2\/posts"}],"about":[{"href":"https:\/\/www.nationalturk.com\/tr\/wp-json\/wp\/v2\/types\/post"}],"author":[{"embeddable":true,"href":"https:\/\/www.nationalturk.com\/tr\/wp-json\/wp\/v2\/users\/4"}],"replies":[{"embeddable":true,"href":"https:\/\/www.nationalturk.com\/tr\/wp-json\/wp\/v2\/comments?post=50741"}],"version-history":[{"count":0,"href":"https:\/\/www.nationalturk.com\/tr\/wp-json\/wp\/v2\/posts\/50741\/revisions"}],"wp:featuredmedia":[{"embeddable":true,"href":"https:\/\/www.nationalturk.com\/tr\/wp-json\/wp\/v2\/media\/50744"}],"wp:attachment":[{"href":"https:\/\/www.nationalturk.com\/tr\/wp-json\/wp\/v2\/media?parent=50741"}],"wp:term":[{"taxonomy":"category","embeddable":true,"href":"https:\/\/www.nationalturk.com\/tr\/wp-json\/wp\/v2\/categories?post=50741"},{"taxonomy":"post_tag","embeddable":true,"href":"https:\/\/www.nationalturk.com\/tr\/wp-json\/wp\/v2\/tags?post=50741"}],"curies":[{"name":"wp","href":"https:\/\/api.w.org\/{rel}","templated":true}]}}