{"id":50796,"date":"2010-12-09T15:17:28","date_gmt":"2010-12-09T13:17:28","guid":{"rendered":"http:\/\/www.nationalturk.com\/?p=50796"},"modified":"2010-12-09T15:17:28","modified_gmt":"2010-12-09T13:17:28","slug":"ayvalikta-cinayet-silahli-kavga-9122010","status":"publish","type":"post","link":"https:\/\/www.nationalturk.com\/tr\/ayvalikta-cinayet-silahli-kavga-9122010\/","title":{"rendered":"Ayval\u0131k&#8217;ta silahl\u0131 kavga! 1 \u00f6l\u00fc"},"content":{"rendered":"<p><strong><img loading=\"lazy\" decoding=\"async\" class=\"alignleft size-medium wp-image-50797\" src=\"http:\/\/www.nationalturk.com\/tr\/wp-content\/uploads\/2010\/12\/silahhhh1-280x196.jpg\" alt=\"\" width=\"280\" height=\"196\" title=\"\" srcset=\"https:\/\/www.nationalturk.com\/tr\/wp-content\/uploads\/2010\/12\/silahhhh1-280x196.jpg 280w, https:\/\/www.nationalturk.com\/tr\/wp-content\/uploads\/2010\/12\/silahhhh1.jpg 300w\" sizes=\"auto, (max-width: 280px) 100vw, 280px\" \/>Bal\u0131kesir&#8217;in Ayval\u0131k il\u00e7esindeki Yeni Sanayi b\u00f6lgesinde \u00e7\u0131kan silahl\u0131 kavgada 1 ki\u015fi hayat\u0131n\u0131 kaybetti, 1 ki\u015fi de a\u011f\u0131r yaraland\u0131. <\/strong><\/p>\n<p>Al\u0131nan bilgilere g\u00f6re Edremit&#8217;in Kad\u0131k\u00f6y beldesinde f\u0131r\u0131nc\u0131l\u0131kla u\u011fra\u015fan O.B. (25), yan\u0131nda \u00e7al\u0131\u015fan N.Y. ile birlikte Ayval\u0131k&#8217;a geldi. \u0130ddiaya g\u00f6re ikisi, S.S.&#8217;nin f\u0131r\u0131n\u0131n\u0131 kundaklad\u0131. F\u0131r\u0131n\u0131n yand\u0131\u011f\u0131n\u0131 duyan ve karde\u015fiyle beraber olay yerine giden S.S., \u015f\u00fcpheli O.B. ile kar\u015f\u0131la\u015ft\u0131. \u0130ki ki\u015fi aras\u0131nda \u00f6nce tart\u0131\u015fma ve ard\u0131ndan kavgayla devam eden olayda O.B.&#8217;nin, tabancas\u0131yla S.S. ve karde\u015flerini kur\u015fun ya\u011fmuruna tuttu\u011fu iddia edildi. S.S. hayat\u0131n\u0131 kaybederken karde\u015fi S.S. (19), a\u011f\u0131r yaral\u0131 olarak hastaneye kald\u0131r\u0131ld\u0131. Olay yerine gelen itfaiye ekipleri yang\u0131n\u0131 s\u00f6nd\u00fcr\u00fcrken polisler de O.B. ve N.Y.&#8217;yi g\u00f6zalt\u0131na ald\u0131.<\/p>\n<p>\u00d6len S.S.&#8217;nin, 2009 y\u0131l\u0131nda MHP Ayval\u0131k \u0130l\u00e7e Te\u015fkilat\u0131&#8217;nda y\u00f6netim kurulu \u00fcyeli\u011fi yapt\u0131\u011f\u0131, daha sonra istifa etti\u011fi \u00f6\u011frenildi. Evvli ve iki \u00e7ocuk babas\u0131 olan, e\u015finin de hamile oldu\u011fu \u00f6\u011frenilen S.S.&#8217;nin, bor\u00e7lar\u0131 y\u00fcz\u00fcnden maddi s\u0131k\u0131nt\u0131 i\u00e7inde oldu\u011fu belirtildi.<\/p>\n<p>Zanl\u0131 O.B.&#8217;ninse ge\u00e7en aylarda Edremit Belediye Ba\u015fkan\u0131 Tuncay K\u0131l\u0131\u00e7&#8217;a yumrukla sald\u0131ranlar aras\u0131nda bulundu\u011fu belirlendi. Evine giderken Ba\u015fkan K\u0131l\u0131\u00e7&#8217;\u0131n \u00f6n\u00fcn\u00fc kesip darp eden zanl\u0131lar, yakalanarak adli makamlara teslim edilmi\u015fti. O.B.&#8217;nin bu olaydan dolay\u0131 ceza almad\u0131\u011f\u0131 \u00f6\u011frenildi. Zanl\u0131, Ayval\u0131k Adliyesi&#8217;ne sevk edildi. Olayla ilgili soru\u015fturma devam ediyor.<\/p>\n<!-- Error, Advert is not available at this time due to schedule\/geolocation restrictions! -->\n","protected":false},"excerpt":{"rendered":"<p>Bal\u0131kesir&#8217;in Ayval\u0131k il\u00e7esindeki Yeni Sanayi b\u00f6lgesinde \u00e7\u0131kan silahl\u0131 kavgada 1 ki\u015fi hayat\u0131n\u0131 kaybetti, 1 ki\u015fi de a\u011f\u0131r yaraland\u0131.<\/p>\n","protected":false},"author":4,"featured_media":50797,"comment_status":"open","ping_status":"open","sticky":false,"template":"","format":"standard","meta":{"_acf_changed":false,"footnotes":""},"categories":[349,6805],"tags":[3081,56287,20568,56288],"class_list":["post-50796","post","type-post","status-publish","format-standard","has-post-thumbnail","hentry","category-son-dakika","category-turkiye","tag-ayvalik","tag-ayvalik-catisma","tag-ayvalik-cinayet","tag-ayvalik-silahli-kavga"],"acf":[],"_links":{"self":[{"href":"https:\/\/www.nationalturk.com\/tr\/wp-json\/wp\/v2\/posts\/50796","targetHints":{"allow":["GET"]}}],"collection":[{"href":"https:\/\/www.nationalturk.com\/tr\/wp-json\/wp\/v2\/posts"}],"about":[{"href":"https:\/\/www.nationalturk.com\/tr\/wp-json\/wp\/v2\/types\/post"}],"author":[{"embeddable":true,"href":"https:\/\/www.nationalturk.com\/tr\/wp-json\/wp\/v2\/users\/4"}],"replies":[{"embeddable":true,"href":"https:\/\/www.nationalturk.com\/tr\/wp-json\/wp\/v2\/comments?post=50796"}],"version-history":[{"count":0,"href":"https:\/\/www.nationalturk.com\/tr\/wp-json\/wp\/v2\/posts\/50796\/revisions"}],"wp:featuredmedia":[{"embeddable":true,"href":"https:\/\/www.nationalturk.com\/tr\/wp-json\/wp\/v2\/media\/50797"}],"wp:attachment":[{"href":"https:\/\/www.nationalturk.com\/tr\/wp-json\/wp\/v2\/media?parent=50796"}],"wp:term":[{"taxonomy":"category","embeddable":true,"href":"https:\/\/www.nationalturk.com\/tr\/wp-json\/wp\/v2\/categories?post=50796"},{"taxonomy":"post_tag","embeddable":true,"href":"https:\/\/www.nationalturk.com\/tr\/wp-json\/wp\/v2\/tags?post=50796"}],"curies":[{"name":"wp","href":"https:\/\/api.w.org\/{rel}","templated":true}]}}