{"id":51389,"date":"2010-12-14T15:22:55","date_gmt":"2010-12-14T13:22:55","guid":{"rendered":"http:\/\/www.nationalturk.com\/?p=51389"},"modified":"2010-12-14T15:22:55","modified_gmt":"2010-12-14T13:22:55","slug":"peter-pacult-besiktas-141210","status":"publish","type":"post","link":"https:\/\/www.nationalturk.com\/tr\/peter-pacult-besiktas-141210\/","title":{"rendered":"Peter Pacult: Be\u015fikta\u015f bizi yenebilecek bir tak\u0131m de\u011fil"},"content":{"rendered":"<p><strong><img loading=\"lazy\" decoding=\"async\" class=\"alignleft size-medium wp-image-51390\" title=\"Peter Pacult\" src=\"http:\/\/www.nationalturk.com\/tr\/wp-content\/uploads\/2010\/12\/peter_pacultt-280x161.jpg\" alt=\"\" width=\"280\" height=\"161\" srcset=\"https:\/\/www.nationalturk.com\/tr\/wp-content\/uploads\/2010\/12\/peter_pacultt-280x161.jpg 280w, https:\/\/www.nationalturk.com\/tr\/wp-content\/uploads\/2010\/12\/peter_pacultt.jpg 514w\" sizes=\"auto, (max-width: 280px) 100vw, 280px\" \/>UEFA Avrupa Ligi&#8217;nde yar\u0131n oynanacak Be\u015fikta\u015f Rapid Wien ma\u00e7\u0131 \u00f6ncesinde konuk tak\u0131m\u0131n teknik direkt\u00f6r\u00fc Peter Pacult, \u0130stanbul&#8217;a galibiyet i\u00e7in geldiklerini s\u00f6yledi. <\/strong><\/p>\n<p>Atat\u00fcrk Havaliman\u0131&#8217;nda bas\u0131n mensuplar\u0131n\u0131n sorular\u0131n\u0131 yan\u0131tlayan Pacult, &#8220;\u0130stanbul&#8217;a ma\u00e7\u0131 kazanmaya geldik. Tabii Be\u015fikta\u015f bize m\u00fcsaade edecek mi onu g\u00f6rece\u011fiz. Be\u015fikta\u015f&#8217;\u0131n T\u00fcrkiye&#8217;de k\u00f6t\u00fc, UEFA&#8217;da iyi oymamas\u0131, kadrosundaki sakat futbolcular gibi konular bizi ilgilendirmiyor. Be\u015fikta\u015f bizim ma\u00e7\u0131 kazanmam\u0131za engel olabilecek bir tak\u0131m de\u011fil&#8221; diyerek \u00e7ok iddial\u0131 s\u00f6zler sarf etti.<\/p>\n<p>Hat\u0131rlanaca\u011f\u0131 gibi Avusturya&#8217;daki ilk ma\u00e7\u0131 Be\u015fikta\u015f 2-1 kazanm\u0131\u015ft\u0131. Grupta 3 puan\u0131 bulunan Rapid Wien&#8217;in \u00fcst tura y\u00fckselme \u015fans\u0131 bulunmuyor.<\/p>\n<!-- Error, Advert is not available at this time due to schedule\/geolocation restrictions! -->\n","protected":false},"excerpt":{"rendered":"<p>UEFA Avrupa Ligi&#8217;nde yar\u0131n oynanacak Be\u015fikta\u015f Rapid Wien ma\u00e7\u0131 \u00f6ncesinde konuk tak\u0131m\u0131n teknik direkt\u00f6r\u00fc Peter Pacult, \u0130stanbul&#8217;a galibiyet i\u00e7in geldiklerini s\u00f6yledi.<\/p>\n","protected":false},"author":4,"featured_media":51390,"comment_status":"open","ping_status":"open","sticky":false,"template":"","format":"standard","meta":{"_acf_changed":false,"footnotes":""},"categories":[6774,5005,6194],"tags":[56652,56653,56654],"class_list":["post-51389","post","type-post","status-publish","format-standard","has-post-thumbnail","hentry","category-futbol","category-manset","category-spor","tag-besiktas-rapid","tag-peter-pacult","tag-peter-pacult-aciklamalari"],"acf":[],"_links":{"self":[{"href":"https:\/\/www.nationalturk.com\/tr\/wp-json\/wp\/v2\/posts\/51389","targetHints":{"allow":["GET"]}}],"collection":[{"href":"https:\/\/www.nationalturk.com\/tr\/wp-json\/wp\/v2\/posts"}],"about":[{"href":"https:\/\/www.nationalturk.com\/tr\/wp-json\/wp\/v2\/types\/post"}],"author":[{"embeddable":true,"href":"https:\/\/www.nationalturk.com\/tr\/wp-json\/wp\/v2\/users\/4"}],"replies":[{"embeddable":true,"href":"https:\/\/www.nationalturk.com\/tr\/wp-json\/wp\/v2\/comments?post=51389"}],"version-history":[{"count":0,"href":"https:\/\/www.nationalturk.com\/tr\/wp-json\/wp\/v2\/posts\/51389\/revisions"}],"wp:featuredmedia":[{"embeddable":true,"href":"https:\/\/www.nationalturk.com\/tr\/wp-json\/wp\/v2\/media\/51390"}],"wp:attachment":[{"href":"https:\/\/www.nationalturk.com\/tr\/wp-json\/wp\/v2\/media?parent=51389"}],"wp:term":[{"taxonomy":"category","embeddable":true,"href":"https:\/\/www.nationalturk.com\/tr\/wp-json\/wp\/v2\/categories?post=51389"},{"taxonomy":"post_tag","embeddable":true,"href":"https:\/\/www.nationalturk.com\/tr\/wp-json\/wp\/v2\/tags?post=51389"}],"curies":[{"name":"wp","href":"https:\/\/api.w.org\/{rel}","templated":true}]}}