{"id":51403,"date":"2010-12-14T16:24:56","date_gmt":"2010-12-14T14:24:56","guid":{"rendered":"http:\/\/www.nationalturk.com\/?p=51403"},"modified":"2010-12-14T16:49:44","modified_gmt":"2010-12-14T14:49:44","slug":"deniz-akkaya-kizi-ayse-dogum-gunu-partisi-141210","status":"publish","type":"post","link":"https:\/\/www.nationalturk.com\/tr\/deniz-akkaya-kizi-ayse-dogum-gunu-partisi-141210\/","title":{"rendered":"Deniz Akkaya, k\u0131z\u0131 Ay\u015fe i\u00e7in do\u011fum g\u00fcn\u00fc partisi d\u00fczenledi"},"content":{"rendered":"<p><strong><a href=\"http:\/\/www.nationalturk.com\/tr\/wp-content\/uploads\/2010\/12\/deniz-akkaya-kizi-ayse.jpg\"><img loading=\"lazy\" decoding=\"async\" class=\"alignleft size-medium wp-image-51405\" title=\"Deniz Akkaya, k\u0131z\u0131 Ay\u015fe i\u00e7in do\u011fum g\u00fcn\u00fc partisi d\u00fczenledi\" src=\"http:\/\/www.nationalturk.com\/tr\/wp-content\/uploads\/2010\/12\/deniz-akkaya-kizi-ayse-280x209.jpg\" alt=\"\" width=\"280\" height=\"209\" srcset=\"https:\/\/www.nationalturk.com\/tr\/wp-content\/uploads\/2010\/12\/deniz-akkaya-kizi-ayse-280x209.jpg 280w, https:\/\/www.nationalturk.com\/tr\/wp-content\/uploads\/2010\/12\/deniz-akkaya-kizi-ayse.jpg 311w\" sizes=\"auto, (max-width: 280px) 100vw, 280px\" \/><\/a>Eski manken Deniz Akkaya, k\u0131z\u0131 Ay\u015fe\u2019nin 1\u2019inci ya\u015f\u0131n\u0131 kutlamak i\u00e7in bir do\u011fum g\u00fcn\u00fc partisi organize etti.<br \/>\n<\/strong><br \/>\nDeniz Akkaya, k\u0131z\u0131 Ay\u015fe\u2019nin do\u011fum g\u00fcn\u00fc i\u00e7in Bebek\u2019teki Mel\u2019s adl\u0131 mekanda parti verirken, Ay\u015fe&#8217;nin babas\u0131 Efe \u00d6nbilgin&#8217;in partiye kat\u0131lmamas\u0131 g\u00f6zlerden ka\u00e7mad\u0131. Deniz Akkaya kutlamaya sevgilisi Ferruh Ta\u015fdemir\u2019le giderken, ge\u00e7ti\u011fimiz haftalarda Duygu Ek\u015fi ile evlenen i\u015fadam\u0131 Efe \u00d6nbilgin, k\u0131z\u0131n\u0131n do\u011fum g\u00fcn\u00fc partisine kat\u0131lmad\u0131.<\/p>\n<p>Deniz Akkaya&#8217;n\u0131n k\u0131z\u0131 Ay\u015fe i\u00e7in verdi\u011fi partiye; P\u0131nar Altu\u011f, Esra Eron ve Cengiz Abazo\u011flu gibi \u00e7ok say\u0131da \u00fcnl\u00fc kat\u0131ld\u0131.<\/p>\n<p>Partinin sonunda Ferruh Ta\u015fdemir ve Deniz Akkaya, bas\u0131na birlikte g\u00f6r\u00fcnt\u00fc vermemek i\u00e7in kutlamadan ayr\u0131 ayr\u0131 \u00e7\u0131kt\u0131.<\/p>\n<span style=\"font-weight: bold; color: #f00;\">Error, group does not exist! Check your syntax! (ID: 111)<\/span>\n","protected":false},"excerpt":{"rendered":"<p>Eski manken Deniz Akkaya, k\u0131z\u0131 Ay\u015fe\u2019nin 1\u2019inci ya\u015f\u0131n\u0131 kutlamak i\u00e7in bir do\u011fum g\u00fcn\u00fc partisi organize etti.<\/p>\n","protected":false},"author":3,"featured_media":51405,"comment_status":"open","ping_status":"open","sticky":false,"template":"","format":"standard","meta":{"_acf_changed":false,"footnotes":""},"categories":[6232,5005,6229],"tags":[56667,56672,56671,6725,56668,56673,52902,6736,56670,48454,56669,6927],"class_list":["post-51403","post","type-post","status-publish","format-standard","has-post-thumbnail","hentry","category-magazin","category-manset","category-moda","tag-ayse","tag-ayse-dogum-gunu-partisi","tag-cengiz-abazoglu","tag-deniz-akkaya","tag-deniz-akkaya-kizi-ayse","tag-deniz-akkaya-kizi-ayse-dogum-gunu","tag-duygu-eksi","tag-efe-onbilgin","tag-esra-eron","tag-ferruh-tasdemir","tag-ferruh-tasdemir-deniz-akkaya","tag-pinar-altug"],"acf":[],"_links":{"self":[{"href":"https:\/\/www.nationalturk.com\/tr\/wp-json\/wp\/v2\/posts\/51403","targetHints":{"allow":["GET"]}}],"collection":[{"href":"https:\/\/www.nationalturk.com\/tr\/wp-json\/wp\/v2\/posts"}],"about":[{"href":"https:\/\/www.nationalturk.com\/tr\/wp-json\/wp\/v2\/types\/post"}],"author":[{"embeddable":true,"href":"https:\/\/www.nationalturk.com\/tr\/wp-json\/wp\/v2\/users\/3"}],"replies":[{"embeddable":true,"href":"https:\/\/www.nationalturk.com\/tr\/wp-json\/wp\/v2\/comments?post=51403"}],"version-history":[{"count":0,"href":"https:\/\/www.nationalturk.com\/tr\/wp-json\/wp\/v2\/posts\/51403\/revisions"}],"wp:featuredmedia":[{"embeddable":true,"href":"https:\/\/www.nationalturk.com\/tr\/wp-json\/wp\/v2\/media\/51405"}],"wp:attachment":[{"href":"https:\/\/www.nationalturk.com\/tr\/wp-json\/wp\/v2\/media?parent=51403"}],"wp:term":[{"taxonomy":"category","embeddable":true,"href":"https:\/\/www.nationalturk.com\/tr\/wp-json\/wp\/v2\/categories?post=51403"},{"taxonomy":"post_tag","embeddable":true,"href":"https:\/\/www.nationalturk.com\/tr\/wp-json\/wp\/v2\/tags?post=51403"}],"curies":[{"name":"wp","href":"https:\/\/api.w.org\/{rel}","templated":true}]}}