{"id":51581,"date":"2010-12-16T09:39:04","date_gmt":"2010-12-16T07:39:04","guid":{"rendered":"http:\/\/www.nationalturk.com\/?p=51581"},"modified":"2010-12-16T09:39:42","modified_gmt":"2010-12-16T07:39:42","slug":"kemal-kilicdaroglu-internet-site-161210","status":"publish","type":"post","link":"https:\/\/www.nationalturk.com\/tr\/kemal-kilicdaroglu-internet-site-161210\/","title":{"rendered":"Kemal K\u0131l\u0131\u00e7daro\u011flu: T\u00fcm belgeleri internet sitemize koyduk"},"content":{"rendered":"<p><strong><a href=\"http:\/\/www.nationalturk.com\/tr\/wp-content\/uploads\/2010\/12\/kemal-kilicdaroglu-internet-sitesi.jpg\"><img loading=\"lazy\" decoding=\"async\" class=\"alignleft size-medium wp-image-51587\" title=\"Kemal K\u0131l\u0131\u00e7daro\u011flu: T\u00fcm belgeleri internet sitemize koyduk\" src=\"http:\/\/www.nationalturk.com\/tr\/wp-content\/uploads\/2010\/12\/kemal-kilicdaroglu-internet-sitesi-280x165.jpg\" alt=\"\" width=\"280\" height=\"165\" srcset=\"https:\/\/www.nationalturk.com\/tr\/wp-content\/uploads\/2010\/12\/kemal-kilicdaroglu-internet-sitesi-280x165.jpg 280w, https:\/\/www.nationalturk.com\/tr\/wp-content\/uploads\/2010\/12\/kemal-kilicdaroglu-internet-sitesi.jpg 500w\" sizes=\"auto, (max-width: 280px) 100vw, 280px\" \/><\/a>\u0130\u00e7i\u015fleri Bakan\u0131 Be\u015fir Atalay\u2019\u0131n &#8216;K\u0131l\u0131\u00e7daro\u011flu belge gizliyor&#8217; iddias\u0131yla ilgili konu\u015fan CHP lideri Kemal K\u0131l\u0131\u00e7daro\u011flu, \u201cBizim gizledi\u011fimiz herhangi bir belge yok. Adalet ve Kalk\u0131nma Partisi bir koro halinde Kayseri\u2019deki yolsuzlu\u011fun \u00fcst\u00fcn\u00fc kapatmaya \u00e7al\u0131\u015f\u0131yor.\u201d ded<\/strong>i.<\/p>\n<p>\u0130stanbul\u2019daki bir programa kat\u0131lmak i\u00e7in Esenbo\u011fa Havaliman\u0131\u2019na gelen CHP Genel Ba\u015fkan\u0131 Kemal K\u0131l\u0131\u00e7daro\u011flu, burada gazetecilerin g\u00fcndeme ili\u015fkin sorular\u0131n\u0131 yan\u0131tlad\u0131. D\u00fcn \u0130\u00e7i\u015fleri Bakan\u0131 Be\u015fir Atalay\u2019\u0131n &#8216;K\u0131l\u0131\u00e7daro\u011flu belge gizliyor&#8217; a\u00e7\u0131klamas\u0131yla ilgili d\u00fc\u015f\u00fcncesini soran gazetecilere \u201cBizim gizledi\u011fimiz herhangi bir belge yok. B\u00fct\u00fcn her \u015feyi internet sitemize koyduk. Adalet ve Kalk\u0131nma Partisi bir koro halinde Kayseri\u2019deki yolsuzlu\u011fun \u00fcst\u00fcn\u00fc kapatmaya \u00e7al\u0131\u015f\u0131yor.\u201d dedi.<\/p>\n<p>ODT\u00dc\u2019deki \u00f6\u011frenci olaylar\u0131yla ilgili de konu\u015fan Kemal K\u0131l\u0131\u00e7daro\u011flu, \u00f6\u011frencilerin protestolar\u0131n\u0131 demokratik yollardan ve daha dikkatli \u015fekilde yerine getirmelerini, polisin de orant\u0131s\u0131z g\u00fc\u00e7 konusunda daha hassas davranmas\u0131n\u0131 istedi.<\/p>\n<p>\u0130ki g\u00fcn sonra ba\u015flayacak Balyoz davas\u0131nda g\u00f6revden uzakla\u015ft\u0131r\u0131lan iki mahkeme ba\u015fkan\u0131 hakk\u0131ndaki bir soru \u00fczerine ise Kemal K\u0131l\u0131\u00e7daro\u011flu, \u201cAyr\u0131nt\u0131lar\u0131n\u0131 g\u00f6rd\u00fckten sonra cevap verebilirim\u201d \u015feklinde konu\u015ftu.<\/p>\n<span style=\"font-weight: bold; color: #f00;\">Error, group does not exist! Check your syntax! (ID: 51)<\/span>\n","protected":false},"excerpt":{"rendered":"<p>Kemal K\u0131l\u0131\u00e7daro\u011flu: Bizim gizledi\u011fimiz herhangi bir belge yok. Adalet ve Kalk\u0131nma Partisi bir koro halinde Kayseri\u2019deki yolsuzlu\u011fun \u00fcst\u00fcn\u00fc kapatmaya \u00e7al\u0131\u015f\u0131yor.<\/p>\n","protected":false},"author":3,"featured_media":51587,"comment_status":"open","ping_status":"open","sticky":false,"template":"","format":"standard","meta":{"_acf_changed":false,"footnotes":""},"categories":[6155,5005,6805],"tags":[8730,56680,5115,56792],"class_list":["post-51581","post","type-post","status-publish","format-standard","has-post-thumbnail","hentry","category-gundem","category-manset","category-turkiye","tag-besir-atalay","tag-kayseri-yolsuzluk","tag-kemal-kilicdaroglu","tag-yolsuzluk-iddialari"],"acf":[],"_links":{"self":[{"href":"https:\/\/www.nationalturk.com\/tr\/wp-json\/wp\/v2\/posts\/51581","targetHints":{"allow":["GET"]}}],"collection":[{"href":"https:\/\/www.nationalturk.com\/tr\/wp-json\/wp\/v2\/posts"}],"about":[{"href":"https:\/\/www.nationalturk.com\/tr\/wp-json\/wp\/v2\/types\/post"}],"author":[{"embeddable":true,"href":"https:\/\/www.nationalturk.com\/tr\/wp-json\/wp\/v2\/users\/3"}],"replies":[{"embeddable":true,"href":"https:\/\/www.nationalturk.com\/tr\/wp-json\/wp\/v2\/comments?post=51581"}],"version-history":[{"count":0,"href":"https:\/\/www.nationalturk.com\/tr\/wp-json\/wp\/v2\/posts\/51581\/revisions"}],"wp:featuredmedia":[{"embeddable":true,"href":"https:\/\/www.nationalturk.com\/tr\/wp-json\/wp\/v2\/media\/51587"}],"wp:attachment":[{"href":"https:\/\/www.nationalturk.com\/tr\/wp-json\/wp\/v2\/media?parent=51581"}],"wp:term":[{"taxonomy":"category","embeddable":true,"href":"https:\/\/www.nationalturk.com\/tr\/wp-json\/wp\/v2\/categories?post=51581"},{"taxonomy":"post_tag","embeddable":true,"href":"https:\/\/www.nationalturk.com\/tr\/wp-json\/wp\/v2\/tags?post=51581"}],"curies":[{"name":"wp","href":"https:\/\/api.w.org\/{rel}","templated":true}]}}