{"id":52099,"date":"2010-12-20T12:31:44","date_gmt":"2010-12-20T10:31:44","guid":{"rendered":"http:\/\/www.nationalturk.com\/?p=52099"},"modified":"2010-12-20T12:31:44","modified_gmt":"2010-12-20T10:31:44","slug":"maras-olaylar-kahramanmaras-201210","status":"publish","type":"post","link":"https:\/\/www.nationalturk.com\/tr\/maras-olaylar-kahramanmaras-201210\/","title":{"rendered":"Tarihten ders al\u0131nmam\u0131\u015f! Mara\u015f&#8217;ta yine provokasyon!"},"content":{"rendered":"<p><strong><img loading=\"lazy\" decoding=\"async\" class=\"alignnone size-full wp-image-52103\" title=\"Kahramanmara\u015f\" src=\"http:\/\/www.nationalturk.com\/tr\/wp-content\/uploads\/2010\/12\/maras_olaylar.jpg\" alt=\"\" width=\"600\" height=\"396\" srcset=\"https:\/\/www.nationalturk.com\/tr\/wp-content\/uploads\/2010\/12\/maras_olaylar.jpg 600w, https:\/\/www.nationalturk.com\/tr\/wp-content\/uploads\/2010\/12\/maras_olaylar-280x184.jpg 280w\" sizes=\"auto, (max-width: 600px) 100vw, 600px\" \/><\/strong><\/p>\n<p><strong>1978&#8217;deki Mara\u015f olaylar\u0131n\u0131n 32. y\u0131ld\u00f6n\u00fcm\u00fcnde yine provokat\u00f6rler sahneye \u00e7\u0131kt\u0131. Y\u00fcr\u00fcy\u00fc\u015f\u00fc protesto eden grup &#8220;Bozkurt&#8221; i\u015faretleriyle kar\u015f\u0131 y\u00fcr\u00fcy\u00fc\u015f yapt\u0131. <\/strong><\/p>\n<p>Devletin resmi kay\u0131tlar\u0131na g\u00f6re 111 ki\u015finin, g\u00f6rg\u00fc tan\u0131klar\u0131na g\u00f6re ise y\u00fczlerce ki\u015finin hayat\u0131n\u0131 kaybetti\u011fi Mara\u015f olaylar\u0131n\u0131n y\u0131ld\u00f6n\u00fcm\u00fcnde Alevi Bekta\u015fi Federasyonu anma etkinli\u011fi d\u00fczenledi.<\/p>\n<p>Ancak \u201cBozkurt\u201d i\u015fareti yapan kalabal\u0131k bir grup, Alevi gruba do\u011fru y\u00fcr\u00fcy\u00fc\u015fe ge\u00e7ti. Polisin yo\u011fun u\u011fra\u015f\u0131 ve \u00f6nlemleri sonucunda iki grup kar\u015f\u0131la\u015fmad\u0131.<\/p>\n<p>D\u00fcn sabah Kahramanmara\u015f M\u00fcft\u00fcl\u00fck Meydan\u0131\u2019nda saat 10\u2019da ba\u015flayan anma t\u00f6renine binlerce Alevi kat\u0131ld\u0131. Alevi Bekta\u015fi Federasyonu Genel Ba\u015fkan\u0131 Ali Balk\u0131z yapt\u0131\u011f\u0131 konu\u015fmada Kahramanmara\u015f&#8217;a olay \u00e7\u0131karmaya gelmediklerini ifade ederek &#8220;Ne Kerbela\u2019y\u0131 unuttuk; ne de Dersim\u2019i, Mara\u015f\u2019\u0131, Sivas\u2019\u0131, Malatya\u2019y\u0131, Gazi\u2019yi. Biz Aleviler kin tutmay\u0131z, \u00f6\u00e7 almay\u0131z, cana k\u0131ymay\u0131z. \u0130ncitilsek de incitmeyiz. Ama incitile incitile incitilecek yerimizin kalmad\u0131\u011f\u0131n\u0131n da fark\u0131nday\u0131z. Bu nedenle \u00f6rg\u00fctleniyoruz.\u00a0Ne S\u00fcnni karde\u015flerimizin Alevilerle, ne Alevilerin S\u00fcnniler ile bir sorunu var. Temel sorun; sistemin devletin biz Alevileri g\u00f6rmezden gelmesi yok saymas\u0131d\u0131r\u2019\u2019 diye konu\u015ftu.<\/p>\n<p>Ali Balk\u0131z konu\u015fmas\u0131n\u0131 yaparken meydan\u0131n yak\u0131n\u0131ndaki bir sokakta Alperen Ocaklar\u0131 ve \u00dclk\u00fc Ocaklar\u0131&#8217;na mensup ki\u015filer tekbir getirerek y\u00fcr\u00fcy\u00fc\u015fe ge\u00e7ti.<\/p>\n<p>\u201cBuras\u0131 Mara\u015f buradan \u00e7\u0131k\u0131\u015f yok\u201d slogan\u0131 atan provokat\u00f6rler \u00c7evik Kuvvet polisi ile kar\u015f\u0131 kar\u015f\u0131ya geldi. Anma t\u00f6reninin yap\u0131ld\u0131\u011f\u0131 meydana ula\u015fmaya \u00e7al\u0131\u015fan kalabal\u0131k ta\u015f ve sopalarla y\u00fcr\u00fcy\u00fc\u015f\u00fcn\u00fc s\u00fcrd\u00fcrmek isteyince \u00e7evik kuvvet polisleri biber gaz\u0131 ve copla m\u00fcdahale etti.<\/p>\n<p>Kahramanmara\u015f Valisi Mehmet Niyazi Tan\u0131l\u0131r, Emniyet M\u00fcd\u00fcr\u00fc Mustafa Ayd\u0131n ve MHP \u0130l Ba\u015fkan\u0131 Mustafa Past\u0131rmac\u0131 grubu sakinle\u015ftirmeye \u00e7al\u0131\u015f\u0131rken grup daha sonra valilik \u00f6n\u00fcnde topland\u0131. &#8220;Vali d\u0131\u015far\u0131&#8221; diye slogan atan grubu MHP il ba\u015fkan\u0131 Past\u0131rmac\u0131 \u00f6nlemeye \u00e7al\u0131\u015ft\u0131. Tekbir getirerek tekrar M\u00fcft\u00fcl\u00fck meydan\u0131na y\u00fcr\u00fcyen grup daha sonra gittikleri Atat\u00fcrk meydan\u0131nda \u0130stiklal Mar\u015f\u0131 okuduktan sonra da\u011f\u0131ld\u0131.<\/p>\n<p>1978&#8217;deki olaylar\u0131n bir numaral\u0131 san\u0131\u011f\u0131 olan \u00d6kke\u015f \u015eendiller ise olaylar\u0131 Valilik meydan\u0131ndaki irtibat b\u00fcrosunun balkonundan izledi. \u00d6kke\u015f \u015eendiller 78&#8217;deki Mara\u015f olaylar\u0131n\u0131n ard\u0131ndan Alparslan T\u00fcrke\u015f&#8217;in partisi M\u00c7P&#8221;den milletvekili se\u00e7ilmi\u015f, daha sonra BBP&#8217;ye ge\u00e7mi\u015fti. \u00d6kke\u015f \u015eendiller Mara\u015f katliam\u0131nda &#8220;Kenger&#8221; olan soyad\u0131n\u0131 da mahkeme karar\u0131yla de\u011fi\u015ftirmi\u015fti.<\/p>\n<span style=\"font-weight: bold; color: #f00;\">Error, group does not exist! Check your syntax! (ID: 51)<\/span>\n","protected":false},"excerpt":{"rendered":"<p>1978&#8217;deki Mara\u015f olaylar\u0131n\u0131n 32. y\u0131ld\u00f6n\u00fcm\u00fcnde yine provokat\u00f6rler sahneye \u00e7\u0131kt\u0131. Y\u00fcr\u00fcy\u00fc\u015f\u00fc protesto eden grup &#8220;Bozkurt&#8221; i\u015faretleriyle kar\u015f\u0131 y\u00fcr\u00fcy\u00fc\u015f yapt\u0131.<\/p>\n","protected":false},"author":4,"featured_media":52103,"comment_status":"open","ping_status":"open","sticky":false,"template":"","format":"standard","meta":{"_acf_changed":false,"footnotes":""},"categories":[6155,5005,6202,6805],"tags":[10144,9833,57193,57192,57194],"class_list":["post-52099","post","type-post","status-publish","format-standard","has-post-thumbnail","hentry","category-gundem","category-manset","category-politika","category-turkiye","tag-ali-balkiz","tag-kahramanmaras","tag-kahramanmaras-olaylari","tag-maras-olaylari","tag-maras-olaylari-yildonumu"],"acf":[],"_links":{"self":[{"href":"https:\/\/www.nationalturk.com\/tr\/wp-json\/wp\/v2\/posts\/52099","targetHints":{"allow":["GET"]}}],"collection":[{"href":"https:\/\/www.nationalturk.com\/tr\/wp-json\/wp\/v2\/posts"}],"about":[{"href":"https:\/\/www.nationalturk.com\/tr\/wp-json\/wp\/v2\/types\/post"}],"author":[{"embeddable":true,"href":"https:\/\/www.nationalturk.com\/tr\/wp-json\/wp\/v2\/users\/4"}],"replies":[{"embeddable":true,"href":"https:\/\/www.nationalturk.com\/tr\/wp-json\/wp\/v2\/comments?post=52099"}],"version-history":[{"count":0,"href":"https:\/\/www.nationalturk.com\/tr\/wp-json\/wp\/v2\/posts\/52099\/revisions"}],"wp:featuredmedia":[{"embeddable":true,"href":"https:\/\/www.nationalturk.com\/tr\/wp-json\/wp\/v2\/media\/52103"}],"wp:attachment":[{"href":"https:\/\/www.nationalturk.com\/tr\/wp-json\/wp\/v2\/media?parent=52099"}],"wp:term":[{"taxonomy":"category","embeddable":true,"href":"https:\/\/www.nationalturk.com\/tr\/wp-json\/wp\/v2\/categories?post=52099"},{"taxonomy":"post_tag","embeddable":true,"href":"https:\/\/www.nationalturk.com\/tr\/wp-json\/wp\/v2\/tags?post=52099"}],"curies":[{"name":"wp","href":"https:\/\/api.w.org\/{rel}","templated":true}]}}