{"id":52446,"date":"2010-12-22T11:04:32","date_gmt":"2010-12-22T09:04:32","guid":{"rendered":"http:\/\/www.nationalturk.com\/?p=52446"},"modified":"2010-12-22T11:19:55","modified_gmt":"2010-12-22T09:19:55","slug":"erkeklerde-kisirligin-nedenleri-22122010","status":"publish","type":"post","link":"https:\/\/www.nationalturk.com\/tr\/erkeklerde-kisirligin-nedenleri-22122010\/","title":{"rendered":"Erkeklerde k\u0131s\u0131rl\u0131\u011f\u0131n nedenleri"},"content":{"rendered":"<p><a href=\"http:\/\/www.nationalturk.com\/tr\/wp-content\/uploads\/2010\/12\/kisirlik.jpg\"><img loading=\"lazy\" decoding=\"async\" class=\"alignleft size-medium wp-image-52456\" title=\"kisirlik\" src=\"http:\/\/www.nationalturk.com\/tr\/wp-content\/uploads\/2010\/12\/kisirlik-280x209.jpg\" alt=\"\" width=\"280\" height=\"209\" srcset=\"https:\/\/www.nationalturk.com\/tr\/wp-content\/uploads\/2010\/12\/kisirlik-280x209.jpg 280w, https:\/\/www.nationalturk.com\/tr\/wp-content\/uploads\/2010\/12\/kisirlik.jpg 314w\" sizes=\"auto, (max-width: 280px) 100vw, 280px\" \/><\/a>Erkeklerde k\u0131s\u0131rl\u0131\u011f\u0131n en \u00f6nemli nedenleri aras\u0131nda k\u0131s\u0131rl\u0131k g\u00f6steriliyor. \u00d6yleki d\u00fcnyada k\u0131s\u0131rl\u0131\u011f\u0131na neden olan en \u00f6nemli olay olarak &#8220;inmemi\u015f testis&#8221; var. \u0130nmemi\u015f testis, yeni do\u011fmu\u015f erkek bebekte, testislerinin torbalarda bulunmamas\u0131na deniyor. Testislerin 2 ya\u015f\u0131ndan \u00f6nce olmalar\u0131 gereken yere indirilmeleri gerekiyor. Aksi takdirde bu ki\u015filerin babal\u0131k \u015fans\u0131 azal\u0131yor, hatta hi\u00e7 kalm\u0131yor.<\/p>\n<p>Testislerin v\u00fccut \u0131s\u0131s\u0131ndan en az 3 derece so\u011fukta ya\u015famas\u0131 ve durmas\u0131 gerekiyor. Normalde testisler kas\u0131k kanallar\u0131ndan ge\u00e7ip torbalar\u0131n i\u00e7ine iniyor. Baz\u0131 durumlarda kar\u0131n i\u00e7inde olabiliyor.<\/p>\n<p>Bebeklerin \u00e7o\u011funda genellikle tek taraf\u0131nda inmemi\u015f testis g\u00f6zleniyor. Ancak baz\u0131 bebeklerde her iki testis torbas\u0131 da bo\u015f olabiliyor. E\u011fer torbalarda testis g\u00f6r\u00fclmemi\u015fse ilk \u00f6nce ultrasonla ya da MR ile testislerin nerede olduklar\u0131 tespit ediliyor. Bir ila\u00e7 tedavisiyle uyar\u0131 yaparak o testisin torbalar i\u00e7erisine sinmesi sa\u011flanabiliyor. E\u011fer indirilemiyorsa cerrahi i\u015flemle indirilmesi gerekiyor.<\/p>\n<p>Ancak bu durumun en az 2 ya\u015f\u0131na kadar tespit edilmesi gerekiyor. Kad\u0131n Hastal\u0131klar\u0131 ve Do\u011fum Uzman\u0131 Operat\u00f6r Dr. Aret Kamar&#8217;a g\u00f6re belli bir ya\u015ftan sonra testisleri indirseniz bile s\u0131cak ortam i\u00e7erisinde testisin kanal yap\u0131lar\u0131 bozuldu\u011fu i\u00e7in, o testisin indirildikten sonra bile sperm \u00fcretmesi 0&#8217;a yak\u0131n.<br \/>\n<strong><br \/>\nProblemli erkeklerin y\u00fczde 10&#8217;unda azospermi var<br \/>\n<\/strong><br \/>\nKamar&#8217;a bebek sahibi olamayan \u00e7iftlerden erkeklerin y\u00fczde ka\u00e7\u0131nda inmemi\u015f testis tespit ettiklerini soruyorum. Y\u00fczde 10&#8217;unda azospermi yani hi\u00e7 sperm bulunmamas\u0131 vakas\u0131 tespit ettiklerini ve \u00e7o\u011funda inmemi\u015f testis bulduklar\u0131n\u0131 s\u00f6yl\u00fcyor.<\/p>\n<p>&#8220;Azospermilerin b\u00fcy\u00fck bir \u00e7o\u011funlu\u011funun temelinde inmemi\u015f testis var. Ya ge\u00e7 ya\u015flarda indirilmi\u015f oluyor ya da askerlikte fark edilip indirilmi\u015f oluyor. Tabii \u00f6yle oldu\u011fu zaman normalde testis i\u00e7erisinde sperm ar\u0131yoruz. Sperm bulursak gebelik elde ediyoruz, tabii t\u00fcp bebek y\u00f6ntemiyle. \u0130nmemi\u015f testis sonucu olan azospermiler sonradan indirilse bile testiste sperm bulma \u015fans\u0131 0&#8217;a yak\u0131n, Hatta 0. Erken d\u00f6nemde tan\u0131nd\u0131\u011f\u0131nda ki \u00e7ok kolay, torbalar\u0131n elle muayenesi ve testislerin orda olup olmad\u0131\u011f\u0131n\u0131n anla\u015f\u0131lmas\u0131 problemi \u00e7\u00f6z\u00fcyor. 2 ya\u015f\u0131na kadar hala torbalar\u0131n i\u00e7ine indirilemediyse cerrahi olarak testisin a\u015fa\u011f\u0131ya ta\u015f\u0131nmas\u0131 ameliyat\u0131 yap\u0131l\u0131yor. Bu ameliyat y\u00fczde 98&#8217;e yak\u0131n ba\u015far\u0131l\u0131. Erken tan\u0131 \u00f6nemli, o \u00e7ocu\u011fun ileri ya\u015ftaki sperm \u00fcretimi ve \u00e7ocuk sahibi olabilmesini tamamen etkiliyor.&#8221;<\/p>\n<p>Kamar, 5, 6 \u00e7ocuktan birinde inmemi\u015f testise rastlad\u0131klar\u0131n\u0131 s\u00f6yl\u00fcyor. Tespit edilen vakalar\u0131n bir k\u0131sm\u0131 da retraktil yani hareketli. Testis bir kanala \u00e7\u0131k\u0131yor bazen torbalara iniyor. \u00c7ok korkulacak bir durum de\u011fil. Cerrahi y\u00f6ntemle testisin yukar\u0131dan al\u0131n\u0131p a\u015fa\u011f\u0131ya yerle\u015ftirilmesi gerekiyor. Tekrar yukar\u0131 \u00e7\u0131kmas\u0131n\u0131 engellemek i\u00e7in de dikiliyor.<\/p>\n<p><strong><br \/>\nKanser geli\u015fme \u015fans\u0131 15 kat fazla<br \/>\n<\/strong><br \/>\n\u0130nmemi\u015f testis bir numaral\u0131 k\u0131s\u0131rl\u0131k nedeni peki ba\u015fka sorunlara yol a\u00e7\u0131yor mu? Aret Kamar inmemi\u015f testis sorunu olan \u00e7ocuklar\u0131n testislerinde kanser geli\u015fme riskinin di\u011ferlerine oranla 15 kat fazla oldu\u011funa dikkat \u00e7ekiyor. Bu ki\u015filerde kas\u0131k f\u0131t\u0131\u011f\u0131 g\u00f6r\u00fclme oran\u0131 ise y\u00fczde 65. Sorun ileri ya\u015flarda estetik\/psikolojik problemlere de yol a\u00e7abiliyor.<\/p>\n<p><strong>YALIN&#8217;IN DURUMU TESAD\u00dcFEN ORTAYA \u00c7IKTI<br \/>\n<\/strong><br \/>\nYal\u0131n 2 ya\u015f\u0131nda. Yal\u0131n&#8217;\u0131n testislerindeki problem 18 ayl\u0131kken tespit edildi. Ameliyat edildi ve testisler olmas\u0131 gereken yere indirildi. Babas\u0131 Emrah, sorular\u0131m\u0131 i\u00e7tenlikle yan\u0131tlad\u0131:<\/p>\n<p><strong>&#8211; Yal\u0131n&#8217;daki sorun nas\u0131l ortaya \u00e7\u0131kt\u0131?<br \/>\n<\/strong><br \/>\nYal\u0131n 2009 do\u011fumlu, 17 Ocakta 2 ya\u015f\u0131na girecek. Geli\u015fimi gayet normal bir seyirde ilerliyordu. Bir ara erkek bebeklerde ya\u015fanan kire\u00e7lenme sorunu ya\u015fad\u0131k. Bundan \u00f6t\u00fcr\u00fc de Yal\u0131n\u2019\u0131 erken s\u00fcnnet ettirmek zorunda kald\u0131k. Bu s\u00fcre\u00e7ten sonra rutin kontrolleri i\u00e7in \u00e7ocuk doktoruna g\u00f6t\u00fcr\u00fcyordum. Bu kontrollerden birinde doktoru fark etti. O esnada 2 ya\u015f\u0131ndan \u00f6nce mutlaka tedavi edilmesi gerekti\u011fini ve ciddiyetini doktorundan ald\u0131\u011f\u0131m bilgilerden sonra anlad\u0131m.<\/p>\n<p><strong>&#8211; Ne tedavisi uyguland\u0131? \u0130la\u00e7 m\u0131 cerrahi mi?<br \/>\n<\/strong><br \/>\nTedaviye \u00f6nce ila\u00e7la ba\u015flanacakt\u0131. Fakat Yal\u0131n 2 ya\u015f\u0131na yakla\u015fm\u0131\u015ft\u0131 ve daha \u00f6nce doktorundan edindi\u011fimiz 2 ya\u015f\u0131ndan \u00f6nce tedavi edilmesi gerekti\u011fi bilgisinden \u00f6t\u00fcr\u00fc cerrahi operasyon uygulamas\u0131n\u0131 tercih ettik. \u0130lerleyen d\u00f6nemde kansere ve k\u0131s\u0131rl\u0131\u011fa neden oldu\u011funu \u00f6\u011frendi\u011fimizde bir an \u00f6nce kesin tedavinin ger\u00e7ekle\u015fmesini istedik.<\/p>\n<p><strong>&#8211; \u0130yile\u015fme s\u00fcrecinde s\u0131k\u0131nt\u0131 ya\u015fand\u0131 m\u0131?<br \/>\n<\/strong><br \/>\nTabii \u00f6nce biraz kayg\u0131land\u0131k. Ama Yal\u0131n\u2019\u0131n bu sorundan tamamen kurtulmas\u0131 i\u00e7in ameliyata onay verdik. Operasyon s\u0131ras\u0131nda herhangi bir sorun ya\u015famad\u0131k. Operasyon g\u00fcn\u00fcnde 5 saat kadar hastanede kald\u0131k. Sonraki birka\u00e7 g\u00fcn hafif a\u011fr\u0131s\u0131 bundan dolay\u0131 a\u011fr\u0131 kesici kulland\u0131k, ayr\u0131ca antibiyotik de verildi. Doktoru taraf\u0131ndan bir hafta banyo yapt\u0131r\u0131lmamas\u0131 belirtilmi\u015fti. Bir haftada tamamen iyile\u015fti. \u015eu an herhangi bir \u015fikayeti yok. \u015eimdi \u00e7evremde ula\u015fabildi\u011fim t\u00fcm ebeveynlerle bu konuyu konu\u015fma ihtiyac\u0131 duyuyorum. Anne babalar\u0131 2 ya\u015f\u0131ndan \u00f6nce fark edilmesi gereken bu vaka ile ilgili uyarmaya \u00e7al\u0131\u015f\u0131yorum.<\/p>\n<!-- Error, Advert is not available at this time due to schedule\/geolocation restrictions! -->\n","protected":false},"excerpt":{"rendered":"<p>Erkeklerde k\u0131s\u0131rl\u0131\u011f\u0131n en \u00f6nemli nedenleri aras\u0131nda k\u0131s\u0131rl\u0131k g\u00f6steriliyor.<\/p>\n","protected":false},"author":4,"featured_media":52456,"comment_status":"open","ping_status":"open","sticky":false,"template":"","format":"standard","meta":{"_acf_changed":false,"footnotes":""},"categories":[5005,6669],"tags":[57443,57440,57439,57441,57442],"class_list":["post-52446","post","type-post","status-publish","format-standard","has-post-thumbnail","hentry","category-manset","category-saglik","tag-azospermi","tag-erkeklerde-kisirligin-nedenleri","tag-erkeklerde-kisirlik","tag-inmemis-testis","tag-kadin-hastaliklari-ve-dogum-uzmani-operator-dr-aret-kamar"],"acf":[],"_links":{"self":[{"href":"https:\/\/www.nationalturk.com\/tr\/wp-json\/wp\/v2\/posts\/52446","targetHints":{"allow":["GET"]}}],"collection":[{"href":"https:\/\/www.nationalturk.com\/tr\/wp-json\/wp\/v2\/posts"}],"about":[{"href":"https:\/\/www.nationalturk.com\/tr\/wp-json\/wp\/v2\/types\/post"}],"author":[{"embeddable":true,"href":"https:\/\/www.nationalturk.com\/tr\/wp-json\/wp\/v2\/users\/4"}],"replies":[{"embeddable":true,"href":"https:\/\/www.nationalturk.com\/tr\/wp-json\/wp\/v2\/comments?post=52446"}],"version-history":[{"count":0,"href":"https:\/\/www.nationalturk.com\/tr\/wp-json\/wp\/v2\/posts\/52446\/revisions"}],"wp:featuredmedia":[{"embeddable":true,"href":"https:\/\/www.nationalturk.com\/tr\/wp-json\/wp\/v2\/media\/52456"}],"wp:attachment":[{"href":"https:\/\/www.nationalturk.com\/tr\/wp-json\/wp\/v2\/media?parent=52446"}],"wp:term":[{"taxonomy":"category","embeddable":true,"href":"https:\/\/www.nationalturk.com\/tr\/wp-json\/wp\/v2\/categories?post=52446"},{"taxonomy":"post_tag","embeddable":true,"href":"https:\/\/www.nationalturk.com\/tr\/wp-json\/wp\/v2\/tags?post=52446"}],"curies":[{"name":"wp","href":"https:\/\/api.w.org\/{rel}","templated":true}]}}