{"id":52673,"date":"2010-12-23T13:46:56","date_gmt":"2010-12-23T11:46:56","guid":{"rendered":"http:\/\/www.nationalturk.com\/?p=52673"},"modified":"2010-12-23T13:46:56","modified_gmt":"2010-12-23T11:46:56","slug":"hanefi-avci-tahliye-231210","status":"publish","type":"post","link":"https:\/\/www.nationalturk.com\/tr\/hanefi-avci-tahliye-231210\/","title":{"rendered":"Hanefi Avc\u0131&#8217;n\u0131n tahliye talebine yine ret!"},"content":{"rendered":"<p><strong><img loading=\"lazy\" decoding=\"async\" class=\"alignleft size-medium wp-image-52674\" title=\"Hanefi Avc\u0131\" src=\"http:\/\/www.nationalturk.com\/tr\/wp-content\/uploads\/2010\/12\/hanefi__avci_adliyee-243x220.jpg\" alt=\"\" width=\"243\" height=\"220\" srcset=\"https:\/\/www.nationalturk.com\/tr\/wp-content\/uploads\/2010\/12\/hanefi__avci_adliyee-243x220.jpg 243w, https:\/\/www.nationalturk.com\/tr\/wp-content\/uploads\/2010\/12\/hanefi__avci_adliyee-443x400.jpg 443w, https:\/\/www.nationalturk.com\/tr\/wp-content\/uploads\/2010\/12\/hanefi__avci_adliyee.jpg 500w\" sizes=\"auto, (max-width: 243px) 100vw, 243px\" \/>&#8220;Hali\u00e7&#8217;te Ya\u015fayan Simonlar&#8221; adl\u0131 kitab\u0131ndan sonra T\u00fcrkiye g\u00fcndemine bomba gibi d\u00fc\u015fen eski emniyet m\u00fcd\u00fcr\u00fc Hanefi Avc\u0131&#8217;n\u0131n tahliye talebi reddedildi.<\/strong><\/p>\n<p>Hanefi Avc\u0131, G\u00fclen cemaatini konu alan kitab\u0131n\u0131n ard\u0131ndan Devrimci Karargah ter\u00f6r \u00f6rg\u00fct\u00fcne yard\u0131m etmek su\u00e7uyla tutuklanarak cezaevine g\u00f6nderilmi\u015fti.<\/p>\n<p>Hanefi Avc\u0131 i\u00e7in \u0130stanbul 9. A\u011f\u0131r Ceza Mahkemesi\u2019ne yap\u0131lan tahliye talebi, karar ba\u011fland\u0131. Bu talebi inceleyen mahkeme heyeti ret karar\u0131 verdi.<\/p>\n<span style=\"font-weight: bold; color: #f00;\">Error, group does not exist! Check your syntax! (ID: 109)<\/span>\n","protected":false},"excerpt":{"rendered":"<p>Hanefi Avc\u0131&#8217;n\u0131n tahliye talebine yine ret! &#8220;Yazd\u0131\u011f\u0131 kitaptan sonra g\u00fcndeme bomba gibi d\u00fc\u015fen eski emniyet m\u00fcd\u00fcr\u00fc Hanefi Avc\u0131&#8217;n\u0131n tahliye talebi reddedildi.<\/p>\n","protected":false},"author":4,"featured_media":52674,"comment_status":"open","ping_status":"open","sticky":false,"template":"","format":"standard","meta":{"_acf_changed":false,"footnotes":""},"categories":[6155,6202,349,6805],"tags":[5050,41904,57595,57596,57597,1011],"class_list":["post-52673","post","type-post","status-publish","format-standard","has-post-thumbnail","hentry","category-gundem","category-politika","category-son-dakika","category-turkiye","tag-devrimci-karargah-orgutu","tag-hanefi-avci","tag-hanefi-avci-tahliye","tag-hanefi-avci-tahliye-ret","tag-hanefi-avci-tahliye-talebi","tag-istanbul"],"acf":[],"_links":{"self":[{"href":"https:\/\/www.nationalturk.com\/tr\/wp-json\/wp\/v2\/posts\/52673","targetHints":{"allow":["GET"]}}],"collection":[{"href":"https:\/\/www.nationalturk.com\/tr\/wp-json\/wp\/v2\/posts"}],"about":[{"href":"https:\/\/www.nationalturk.com\/tr\/wp-json\/wp\/v2\/types\/post"}],"author":[{"embeddable":true,"href":"https:\/\/www.nationalturk.com\/tr\/wp-json\/wp\/v2\/users\/4"}],"replies":[{"embeddable":true,"href":"https:\/\/www.nationalturk.com\/tr\/wp-json\/wp\/v2\/comments?post=52673"}],"version-history":[{"count":0,"href":"https:\/\/www.nationalturk.com\/tr\/wp-json\/wp\/v2\/posts\/52673\/revisions"}],"wp:featuredmedia":[{"embeddable":true,"href":"https:\/\/www.nationalturk.com\/tr\/wp-json\/wp\/v2\/media\/52674"}],"wp:attachment":[{"href":"https:\/\/www.nationalturk.com\/tr\/wp-json\/wp\/v2\/media?parent=52673"}],"wp:term":[{"taxonomy":"category","embeddable":true,"href":"https:\/\/www.nationalturk.com\/tr\/wp-json\/wp\/v2\/categories?post=52673"},{"taxonomy":"post_tag","embeddable":true,"href":"https:\/\/www.nationalturk.com\/tr\/wp-json\/wp\/v2\/tags?post=52673"}],"curies":[{"name":"wp","href":"https:\/\/api.w.org\/{rel}","templated":true}]}}