{"id":52677,"date":"2010-12-23T14:07:31","date_gmt":"2010-12-23T12:07:31","guid":{"rendered":"http:\/\/www.nationalturk.com\/?p=52677"},"modified":"2010-12-23T14:07:31","modified_gmt":"2010-12-23T12:07:31","slug":"tansu-ciller-dp-demokrat-parti-haberleri-231210","status":"publish","type":"post","link":"https:\/\/www.nationalturk.com\/tr\/tansu-ciller-dp-demokrat-parti-haberleri-231210\/","title":{"rendered":"&#8220;Tansu \u00c7iller DP&#8217;ye d\u00f6nmeyecek&#8221;"},"content":{"rendered":"<p><strong><img loading=\"lazy\" decoding=\"async\" class=\"alignnone size-full wp-image-52678\" title=\"Ey\u00fcp A\u015f\u0131k\" src=\"http:\/\/www.nationalturk.com\/tr\/wp-content\/uploads\/2010\/12\/eyup__asik.jpg\" alt=\"\" width=\"500\" height=\"265\" srcset=\"https:\/\/www.nationalturk.com\/tr\/wp-content\/uploads\/2010\/12\/eyup__asik.jpg 500w, https:\/\/www.nationalturk.com\/tr\/wp-content\/uploads\/2010\/12\/eyup__asik-280x148.jpg 280w\" sizes=\"auto, (max-width: 500px) 100vw, 500px\" \/><\/strong><\/p>\n<p><strong>Eski Devlet Bakan\u0131 Ey\u00fcp A\u015f\u0131k, eski Ba\u015fbakan Tansu \u00c7iller&#8217;in karar\u0131n\u0131 verdi\u011fini ve Demokrat Parti (DP) Genel Ba\u015fkan aday\u0131 olmayaca\u011f\u0131n\u0131 a\u00e7\u0131klad\u0131. <\/strong><\/p>\n<p>A\u015f\u0131k, Tansu \u00c7iller&#8217;e yak\u0131n isimlerle g\u00f6r\u00fc\u015ft\u00fc\u011f\u00fcn\u00fc ifade ederek &#8220;Tansu \u00c7iller d\u00f6nmeyecek&#8221; dedi.<\/p>\n<p>DP haberleri g\u00fcndemdeki yerini korurken Tansu \u00c7iller&#8217;e DP&#8217;ye Genel Ba\u015fkan aday\u0131 olmas\u0131 i\u00e7in bask\u0131lar da s\u00fcr\u00fcyor. Eski milletvekillerinden Y\u0131ld\u0131r\u0131m Ulup\u0131nar sadece DP taban\u0131n\u0131n de\u011fil, halk\u0131n bir\u00e7ok kesiminin Tansu \u00c7iller&#8217;i istedi\u011fini ileri s\u00fcrd\u00fc.<\/p>\n<p>Ulup\u0131nar Genel Ba\u015fkan H\u00fcsamettin Cindoruk&#8217;un a\u00e7\u0131klamalar\u0131n\u0131 samimi bulmad\u0131\u011f\u0131n\u0131 vurgulayarak &#8220;Cindoruk&#8217;un politikalar\u0131 DP&#8217;yi\u00a0y\u00fczde 1&#8217;lere getirdi. Cindoruk&#8217;un davetini samimi bulmuyoruz. Sadece partililer de\u011fil sokaklar \u2018\u00c7iller\u2019 diyor. Aday olursa kongre salonuna fular\u0131 g\u00f6nderse se\u00e7ilir\u201d diye konu\u015ftu.<\/p>\n<span style=\"font-weight: bold; color: #f00;\">Error, group does not exist! Check your syntax! (ID: 109)<\/span>\n","protected":false},"excerpt":{"rendered":"<p>Eski Devlet Bakan\u0131 Ey\u00fcp A\u015f\u0131k, eski Ba\u015fbakan Tansu \u00c7iller&#8217;in karar\u0131n\u0131 verdi\u011fini ve Demokrat Parti (DP) Genel Ba\u015fkan aday\u0131 olmayaca\u011f\u0131n\u0131 a\u00e7\u0131klad\u0131.<\/p>\n","protected":false},"author":4,"featured_media":52678,"comment_status":"open","ping_status":"open","sticky":false,"template":"","format":"standard","meta":{"_acf_changed":false,"footnotes":""},"categories":[6155,5005,6202,6805],"tags":[7793,16121,19013,57598,32024],"class_list":["post-52677","post","type-post","status-publish","format-standard","has-post-thumbnail","hentry","category-gundem","category-manset","category-politika","category-turkiye","tag-demokrat-parti","tag-dp","tag-tansu-ciller","tag-tansu-ciller-demokrat-parti","tag-tansu-ciller-dp"],"acf":[],"_links":{"self":[{"href":"https:\/\/www.nationalturk.com\/tr\/wp-json\/wp\/v2\/posts\/52677","targetHints":{"allow":["GET"]}}],"collection":[{"href":"https:\/\/www.nationalturk.com\/tr\/wp-json\/wp\/v2\/posts"}],"about":[{"href":"https:\/\/www.nationalturk.com\/tr\/wp-json\/wp\/v2\/types\/post"}],"author":[{"embeddable":true,"href":"https:\/\/www.nationalturk.com\/tr\/wp-json\/wp\/v2\/users\/4"}],"replies":[{"embeddable":true,"href":"https:\/\/www.nationalturk.com\/tr\/wp-json\/wp\/v2\/comments?post=52677"}],"version-history":[{"count":0,"href":"https:\/\/www.nationalturk.com\/tr\/wp-json\/wp\/v2\/posts\/52677\/revisions"}],"wp:featuredmedia":[{"embeddable":true,"href":"https:\/\/www.nationalturk.com\/tr\/wp-json\/wp\/v2\/media\/52678"}],"wp:attachment":[{"href":"https:\/\/www.nationalturk.com\/tr\/wp-json\/wp\/v2\/media?parent=52677"}],"wp:term":[{"taxonomy":"category","embeddable":true,"href":"https:\/\/www.nationalturk.com\/tr\/wp-json\/wp\/v2\/categories?post=52677"},{"taxonomy":"post_tag","embeddable":true,"href":"https:\/\/www.nationalturk.com\/tr\/wp-json\/wp\/v2\/tags?post=52677"}],"curies":[{"name":"wp","href":"https:\/\/api.w.org\/{rel}","templated":true}]}}