{"id":52785,"date":"2010-12-24T09:41:58","date_gmt":"2010-12-24T07:41:58","guid":{"rendered":"http:\/\/www.nationalturk.com\/?p=52785"},"modified":"2022-09-14T16:15:11","modified_gmt":"2022-09-14T13:15:11","slug":"turkmenistan-azerbaycan-buyukelci-toylu-komekov-241210","status":"publish","type":"post","link":"https:\/\/www.nationalturk.com\/tr\/turkmenistan-azerbaycan-buyukelci-toylu-komekov-241210\/","title":{"rendered":"T\u00fcrkmenistan, Azerbaycan\u2019a yeni b\u00fcy\u00fckel\u00e7i olarak Toylu K\u00f6mekov\u2019u atad\u0131"},"content":{"rendered":"<figure id=\"attachment_52791\" aria-describedby=\"caption-attachment-52791\" style=\"width: 280px\" class=\"wp-caption alignleft\"><img loading=\"lazy\" decoding=\"async\" class=\"size-medium wp-image-52791\" title=\"T\u00fcrkmenistan, Azerbaycan\u2019a yeni b\u00fcy\u00fckel\u00e7i olarak Toylu K\u00f6mekov\u2019u atad\u0131\" src=\"http:\/\/www.nationalturk.com\/tr\/wp-content\/uploads\/2010\/12\/turkmenistan-gurbanguli-berdimuhamedov-280x175.jpg\" alt=\"\" width=\"280\" height=\"175\" srcset=\"https:\/\/www.nationalturk.com\/tr\/wp-content\/uploads\/2010\/12\/turkmenistan-gurbanguli-berdimuhamedov-280x175.jpg 280w, https:\/\/www.nationalturk.com\/tr\/wp-content\/uploads\/2010\/12\/turkmenistan-gurbanguli-berdimuhamedov.jpg 500w\" sizes=\"auto, (max-width: 280px) 100vw, 280px\" \/><figcaption id=\"caption-attachment-52791\" class=\"wp-caption-text\">Gurbanguli Berdimuhamedov<\/figcaption><\/figure>\n<p><strong>T\u00fcrkmenistan, Azerbaycan\u2019a yeni b\u00fcy\u00fckel\u00e7i olarak Toylu K\u00f6mekov\u2019u atad\u0131.<br \/>\n<\/strong><br \/>\nT\u00fcrkmenistan Devlet Ba\u015fkan\u0131 Gurbanguli Berdimuhamedov, Azerbaycan&#8217;a yeni b\u00fcy\u00fckel\u00e7i atamas\u0131n\u0131 \u00f6n g\u00f6ren kararnameyi imzalad\u0131. Gurbanguli Berdimuhamedov, eski D\u0131\u015fi\u015fleri Bakan Yard\u0131mc\u0131s\u0131 ve Hazar\u2019dan sorumlu temsilcisi Toylu K\u00f6mekov\u2019u Azerbaycan\u2019a b\u00fcy\u00fckel\u00e7i olarak atad\u0131.<\/p>\n<p>Toylu K\u00f6mekov, son iki y\u0131ld\u0131r T\u00fcrkmenistan D\u0131\u015fi\u015fleri Bakan Yard\u0131mc\u0131s\u0131 ve Hazar\u2019dan sorumlu temsilci olarak g\u00f6rev yap\u0131yordu. Toylu K\u00f6mekov, A\u015fkabat ile Bak\u00fc aras\u0131ndaki ikili g\u00f6r\u00fc\u015fmelerde T\u00fcrkmen heyetine ba\u015fkanl\u0131k ediyordu.<\/p>\n<p>Ayr\u0131ca T\u00fcrkmen lider Berdimuhamedov, D\u0131\u015fi\u015fleri Bakan Yard\u0131mc\u0131s\u0131 g\u00f6revine T\u00fcrkmenistan\u2019\u0131n eski \u00c7in B\u00fcy\u00fckel\u00e7isi Murat Nazarov\u2019u atad\u0131.<\/p>\n<p>Hazar Denizi&#8217;nin do\u011fu ve bat\u0131 yakas\u0131n\u0131n iki \u00f6nemli kom\u015fu \u00fclkesi T\u00fcrkmenistan ile Azerbaycan aras\u0131ndaki ili\u015fkiler, 2007 y\u0131l\u0131n\u0131n ortas\u0131nda yeniden canland\u0131r\u0131ld\u0131. \u0130ki \u00fclke aras\u0131nda ya\u015fanan uzun s\u00fcreli diplomatik aksakl\u0131klar, \u015eubat 2007&#8217;de g\u00f6reve gelen Berdimuhamedov ile birlikte d\u00fczeldi. 2001 y\u0131l\u0131nda kapat\u0131lan T\u00fcrkmenistan&#8217;\u0131n Bak\u00fc B\u00fcy\u00fckel\u00e7ili\u011fi, 7 y\u0131l aradan sonra tekrar a\u00e7\u0131ld\u0131. Hazar&#8217;\u0131n stat\u00fcs\u00fc ve b\u00f6lgede bulunan petrol ve do\u011falgaz kuyular\u0131n\u0131n payla\u015f\u0131m\u0131 konusunda \u00e7\u0131kan anla\u015fmazl\u0131klar sebebiyle, diplomatik ili\u015fkiler uzun bir s\u00fcre ask\u0131ya al\u0131nm\u0131\u015ft\u0131.<\/p>\n<span style=\"font-weight: bold; color: #f00;\">Error, group does not exist! Check your syntax! (ID: 111)<\/span>\n","protected":false},"excerpt":{"rendered":"<p>T\u00fcrkmenistan, Azerbaycan\u2019a yeni b\u00fcy\u00fckel\u00e7i olarak Toylu K\u00f6mekov\u2019u atad\u0131. Gurbanguli Berdimuhamedov, Azerbaycan&#8217;a yeni b\u00fcy\u00fckel\u00e7i atamas\u0131n\u0131 \u00f6n g\u00f6ren kararnameyi imzalad\u0131.<\/p>\n","protected":false},"author":3,"featured_media":52791,"comment_status":"open","ping_status":"open","sticky":false,"template":"","format":"standard","meta":{"_acf_changed":false,"footnotes":""},"categories":[6769,6770,6665,6155,5005,6202],"tags":[1958,57658,37761,57657,2689,57659,38017],"class_list":["post-52785","post","type-post","status-publish","format-standard","has-post-thumbnail","hentry","category-asya","category-avrupa","category-dunya","category-gundem","category-manset","category-politika","tag-azerbaycan","tag-buyukelci-toylu-komekov","tag-gurbanguli-berdimuhamedov","tag-toylu-komekov","tag-turkmenistan","tag-turkmenistan-azerbaycan-toylu-komekov","tag-turkmenistan-devlet-baskani-gurbanguli-berdimuhamedov"],"acf":[],"_links":{"self":[{"href":"https:\/\/www.nationalturk.com\/tr\/wp-json\/wp\/v2\/posts\/52785","targetHints":{"allow":["GET"]}}],"collection":[{"href":"https:\/\/www.nationalturk.com\/tr\/wp-json\/wp\/v2\/posts"}],"about":[{"href":"https:\/\/www.nationalturk.com\/tr\/wp-json\/wp\/v2\/types\/post"}],"author":[{"embeddable":true,"href":"https:\/\/www.nationalturk.com\/tr\/wp-json\/wp\/v2\/users\/3"}],"replies":[{"embeddable":true,"href":"https:\/\/www.nationalturk.com\/tr\/wp-json\/wp\/v2\/comments?post=52785"}],"version-history":[{"count":0,"href":"https:\/\/www.nationalturk.com\/tr\/wp-json\/wp\/v2\/posts\/52785\/revisions"}],"wp:featuredmedia":[{"embeddable":true,"href":"https:\/\/www.nationalturk.com\/tr\/wp-json\/wp\/v2\/media\/52791"}],"wp:attachment":[{"href":"https:\/\/www.nationalturk.com\/tr\/wp-json\/wp\/v2\/media?parent=52785"}],"wp:term":[{"taxonomy":"category","embeddable":true,"href":"https:\/\/www.nationalturk.com\/tr\/wp-json\/wp\/v2\/categories?post=52785"},{"taxonomy":"post_tag","embeddable":true,"href":"https:\/\/www.nationalturk.com\/tr\/wp-json\/wp\/v2\/tags?post=52785"}],"curies":[{"name":"wp","href":"https:\/\/api.w.org\/{rel}","templated":true}]}}