{"id":53008,"date":"2010-12-27T11:21:19","date_gmt":"2010-12-27T09:21:19","guid":{"rendered":"http:\/\/www.nationalturk.com\/?p=53008"},"modified":"2010-12-27T11:21:19","modified_gmt":"2010-12-27T09:21:19","slug":"acun-ilicali-seyma-subasi-271210","status":"publish","type":"post","link":"https:\/\/www.nationalturk.com\/tr\/acun-ilicali-seyma-subasi-271210\/","title":{"rendered":"Acun Il\u0131cal\u0131: \u015eeyma Suba\u015f\u0131&#8217;y\u0131 b\u0131rakmayaca\u011f\u0131m"},"content":{"rendered":"<p><strong><img loading=\"lazy\" decoding=\"async\" class=\"alignnone size-full wp-image-53009\" title=\"Acun Il\u0131cal\u0131 ve \u015eeyma Suba\u015f\u0131\" src=\"http:\/\/www.nationalturk.com\/tr\/wp-content\/uploads\/2010\/12\/acun_ilicali_seymaaa.jpeg\" alt=\"\" width=\"550\" height=\"380\" srcset=\"https:\/\/www.nationalturk.com\/tr\/wp-content\/uploads\/2010\/12\/acun_ilicali_seymaaa.jpeg 550w, https:\/\/www.nationalturk.com\/tr\/wp-content\/uploads\/2010\/12\/acun_ilicali_seymaaa-280x193.jpg 280w\" sizes=\"auto, (max-width: 550px) 100vw, 550px\" \/><\/strong><\/p>\n<h1><strong>Acun Il\u0131cal\u0131 \u015eeyma Suba\u015f\u0131 ili\u015fkisinde yeni bir iddia ortaya at\u0131ld\u0131. Acun Il\u0131cal\u0131 &#8220;\u015eeyma Suba\u015f\u0131 ile ili\u015fkimi bitirmeyece\u011fim&#8221; dedi mi?<\/strong><\/h1>\n<p>E\u015fi Zeynep Il\u0131cal\u0131 ile bo\u015fanma davas\u0131n\u0131n ilk duru\u015fmas\u0131 14 \u015eubat&#8217;ta g\u00f6r\u00fclecek olan Acun Il\u0131cal\u0131, sevgilisi oldu\u011fu iddia edilen \u015eeyma Suba\u015f\u0131 ile ilgili olarak yak\u0131n \u00e7evresine ilgin\u00e7 a\u00e7\u0131klamalar yapt\u0131.<\/p>\n<h2>ACUN ILICALI \u015eEYMA SUBA\u015eI \u0130LE YEMEK YED\u0130<\/h2>\n<p>Milliyet gazetesinin haberine g\u00f6re Acun Il\u0131cal\u0131 imam nikah\u0131 k\u0131yd\u0131\u011f\u0131 iddia edilen 20 ya\u015f\u0131ndaki sevgilisi Suba\u015f\u0131 ve arkada\u015flar\u0131yla \u00f6nceki ak\u015fam Levent Venge&#8217;de yemek yedi.<\/p>\n<p>Mekana giri\u015fte foto\u011fraflar\u0131 \u00e7ekildi\u011finde Il\u0131cal\u0131 \u00f6nce \u015fa\u015f\u0131rd\u0131, ard\u0131ndan g\u00fcl\u00fcmsemeyi tercih etti. Ge\u00e7en aylarda e\u015fi ve \u00e7ocuklar\u0131yla ya\u015fad\u0131\u011f\u0131 Beykoz Konaklar\u0131&#8217;ndaki evden ayr\u0131lan Il\u0131cal\u0131&#8217;n\u0131n Platin Konutlar\u0131&#8217;na ta\u015f\u0131nd\u0131\u011f\u0131 da \u00f6\u011frenildi.<\/p>\n<p>Acun Il\u0131cal\u0131 \u015eeyma Suba\u015f\u0131 ile ilgili olarak yak\u0131n \u00e7evresine Milliyet&#8217;in iddias\u0131na g\u00f6re &#8220;\u015eeyma&#8217;y\u0131 seviyorum, onu kesinlikle b\u0131rakmayaca\u011f\u0131m&#8221; dedi.<\/p>\n<span style=\"font-weight: bold; color: #f00;\">Error, group does not exist! Check your syntax! (ID: 109)<\/span>\n","protected":false},"excerpt":{"rendered":"<p>Acun Il\u0131cal\u0131 \u015eeyma Suba\u015f\u0131 ili\u015fkisinde yeni bir iddia ortaya at\u0131ld\u0131. Acun Il\u0131cal\u0131 &#8220;\u015eeyma Suba\u015f\u0131 ile ili\u015fkimi bitirmeyece\u011fim&#8221; dedi mi?<\/p>\n","protected":false},"author":4,"featured_media":53009,"comment_status":"open","ping_status":"open","sticky":false,"template":"","format":"standard","meta":{"_acf_changed":false,"footnotes":""},"categories":[6232,5005,6805],"tags":[20413,55337,57814,56678,55339],"class_list":["post-53008","post","type-post","status-publish","format-standard","has-post-thumbnail","hentry","category-magazin","category-manset","category-turkiye","tag-acun-ilicali","tag-acun-ilicali-bosaniyor","tag-acun-ilicali-seyma-subasi","tag-seyma-subasi","tag-zeynep-ilicali"],"acf":[],"_links":{"self":[{"href":"https:\/\/www.nationalturk.com\/tr\/wp-json\/wp\/v2\/posts\/53008","targetHints":{"allow":["GET"]}}],"collection":[{"href":"https:\/\/www.nationalturk.com\/tr\/wp-json\/wp\/v2\/posts"}],"about":[{"href":"https:\/\/www.nationalturk.com\/tr\/wp-json\/wp\/v2\/types\/post"}],"author":[{"embeddable":true,"href":"https:\/\/www.nationalturk.com\/tr\/wp-json\/wp\/v2\/users\/4"}],"replies":[{"embeddable":true,"href":"https:\/\/www.nationalturk.com\/tr\/wp-json\/wp\/v2\/comments?post=53008"}],"version-history":[{"count":0,"href":"https:\/\/www.nationalturk.com\/tr\/wp-json\/wp\/v2\/posts\/53008\/revisions"}],"wp:featuredmedia":[{"embeddable":true,"href":"https:\/\/www.nationalturk.com\/tr\/wp-json\/wp\/v2\/media\/53009"}],"wp:attachment":[{"href":"https:\/\/www.nationalturk.com\/tr\/wp-json\/wp\/v2\/media?parent=53008"}],"wp:term":[{"taxonomy":"category","embeddable":true,"href":"https:\/\/www.nationalturk.com\/tr\/wp-json\/wp\/v2\/categories?post=53008"},{"taxonomy":"post_tag","embeddable":true,"href":"https:\/\/www.nationalturk.com\/tr\/wp-json\/wp\/v2\/tags?post=53008"}],"curies":[{"name":"wp","href":"https:\/\/api.w.org\/{rel}","templated":true}]}}