{"id":53043,"date":"2010-12-27T12:18:58","date_gmt":"2010-12-27T10:18:58","guid":{"rendered":"http:\/\/www.nationalturk.com\/?p=53043"},"modified":"2010-12-27T12:18:58","modified_gmt":"2010-12-27T10:18:58","slug":"diyarbakir-pazar-kurtce-etiket-271210","status":"publish","type":"post","link":"https:\/\/www.nationalturk.com\/tr\/diyarbakir-pazar-kurtce-etiket-271210\/","title":{"rendered":"Diyarbak\u0131r&#8217;da pazarlara K\u00fcrt\u00e7e etiket da\u011f\u0131t\u0131ld\u0131"},"content":{"rendered":"<p><strong><img loading=\"lazy\" decoding=\"async\" class=\"alignleft size-large wp-image-53044\" src=\"http:\/\/www.nationalturk.com\/tr\/wp-content\/uploads\/2010\/12\/kurtce_etiket-390x400.jpg\" alt=\"\" width=\"390\" height=\"400\" title=\"\" srcset=\"https:\/\/www.nationalturk.com\/tr\/wp-content\/uploads\/2010\/12\/kurtce_etiket-390x400.jpg 390w, https:\/\/www.nationalturk.com\/tr\/wp-content\/uploads\/2010\/12\/kurtce_etiket-50x50.jpg 50w, https:\/\/www.nationalturk.com\/tr\/wp-content\/uploads\/2010\/12\/kurtce_etiket-215x220.jpg 215w, https:\/\/www.nationalturk.com\/tr\/wp-content\/uploads\/2010\/12\/kurtce_etiket.jpg 603w\" sizes=\"auto, (max-width: 390px) 100vw, 390px\" \/>\u0130ki dilli hayat tart\u0131\u015fmalar\u0131 devam ederken Diyarbak\u0131r&#8217;da ilgin\u00e7 uygulamalar devam ediyor. <\/strong><\/p>\n<p>Diyarbak\u0131r\u2019\u0131n \u00c7\u0131nar il\u00e7esinde faaliyet g\u00f6steren Kurdi-Der \u00fcyeleri, al\u0131\u015fveri\u015fin K\u00fcrt\u00e7e yap\u0131lmas\u0131 ve fiyat etiketlerinin K\u00fcrt\u00e7e yaz\u0131lmas\u0131 y\u00f6n\u00fcnde ba\u015flatt\u0131\u011f\u0131 kampanya kapsam\u0131nda semt pazar\u0131n\u0131 dola\u015ft\u0131.<\/p>\n<p>Kurdi-Der \u00c7\u0131nar Temsilcisi H\u00fcseyin Ertekin, \u00c7\u0131nar Belediye Ba\u015fkan Vekili Nur G\u00fcner, BDP \u0130l\u00e7e Ba\u015fkan\u0131 Kadir Do\u011fan ve belediye meclis \u00fcyeleri, pazaryerindeki tezgahlara K\u00fcrt\u00e7e-T\u00fcrk\u00e7e fiyat etiketlerini da\u011f\u0131tt\u0131.<\/p>\n<p>Heyet, pazarc\u0131lardan fiyat tabelalar\u0131n\u0131 K\u00fcrt\u00e7e yaz\u0131lmalar\u0131n\u0131 istedi.<\/p>\n<span style=\"font-weight: bold; color: #f00;\">Error, group does not exist! Check your syntax! (ID: 51)<\/span>\n","protected":false},"excerpt":{"rendered":"<p>\u0130ki dilli hayat tart\u0131\u015fmalar\u0131 devam ederken Diyarbak\u0131r&#8217;da ilgin\u00e7 uygulamalar devam ediyor.<\/p>\n","protected":false},"author":4,"featured_media":53044,"comment_status":"open","ping_status":"open","sticky":false,"template":"","format":"standard","meta":{"_acf_changed":false,"footnotes":""},"categories":[6155,5005,6202,6805],"tags":[1470,57837,57093,46870,57835,57834,57836],"class_list":["post-53043","post","type-post","status-publish","format-standard","has-post-thumbnail","hentry","category-gundem","category-manset","category-politika","category-turkiye","tag-diyarbakir","tag-diyarbakir-kurtce","tag-iki-dilli-hayat","tag-kurtce","tag-kurtce-etiket","tag-kurtce-tabelalar","tag-pazar-yeri-kurtce-etiket"],"acf":[],"_links":{"self":[{"href":"https:\/\/www.nationalturk.com\/tr\/wp-json\/wp\/v2\/posts\/53043","targetHints":{"allow":["GET"]}}],"collection":[{"href":"https:\/\/www.nationalturk.com\/tr\/wp-json\/wp\/v2\/posts"}],"about":[{"href":"https:\/\/www.nationalturk.com\/tr\/wp-json\/wp\/v2\/types\/post"}],"author":[{"embeddable":true,"href":"https:\/\/www.nationalturk.com\/tr\/wp-json\/wp\/v2\/users\/4"}],"replies":[{"embeddable":true,"href":"https:\/\/www.nationalturk.com\/tr\/wp-json\/wp\/v2\/comments?post=53043"}],"version-history":[{"count":0,"href":"https:\/\/www.nationalturk.com\/tr\/wp-json\/wp\/v2\/posts\/53043\/revisions"}],"wp:featuredmedia":[{"embeddable":true,"href":"https:\/\/www.nationalturk.com\/tr\/wp-json\/wp\/v2\/media\/53044"}],"wp:attachment":[{"href":"https:\/\/www.nationalturk.com\/tr\/wp-json\/wp\/v2\/media?parent=53043"}],"wp:term":[{"taxonomy":"category","embeddable":true,"href":"https:\/\/www.nationalturk.com\/tr\/wp-json\/wp\/v2\/categories?post=53043"},{"taxonomy":"post_tag","embeddable":true,"href":"https:\/\/www.nationalturk.com\/tr\/wp-json\/wp\/v2\/tags?post=53043"}],"curies":[{"name":"wp","href":"https:\/\/api.w.org\/{rel}","templated":true}]}}