{"id":53192,"date":"2010-12-28T10:25:20","date_gmt":"2010-12-28T08:25:20","guid":{"rendered":"http:\/\/www.nationalturk.com\/?p=53192"},"modified":"2010-12-28T10:25:20","modified_gmt":"2010-12-28T08:25:20","slug":"almeida-forma-numarasi-281210","status":"publish","type":"post","link":"https:\/\/www.nationalturk.com\/tr\/almeida-forma-numarasi-281210\/","title":{"rendered":"Almeida&#8217;n\u0131n da forma numaras\u0131 belli oldu"},"content":{"rendered":"<h1><img loading=\"lazy\" decoding=\"async\" class=\"alignleft size-medium wp-image-53195\" title=\"Hugo Almeida\" src=\"http:\/\/www.nationalturk.com\/tr\/wp-content\/uploads\/2010\/12\/hugo_almeida_werder2-280x186.jpg\" alt=\"\" width=\"280\" height=\"186\" srcset=\"https:\/\/www.nationalturk.com\/tr\/wp-content\/uploads\/2010\/12\/hugo_almeida_werder2-280x186.jpg 280w, https:\/\/www.nationalturk.com\/tr\/wp-content\/uploads\/2010\/12\/hugo_almeida_werder2.jpg 470w\" sizes=\"auto, (max-width: 280px) 100vw, 280px\" \/>Be\u015fikta\u015f&#8217;\u0131n Werder Bremen&#8217;den transfer etti\u011fi Hugo Almeida&#8217;n\u0131n forma numaras\u0131 belli oldu.<\/h1>\n<p>Siyah-Beyazl\u0131 kul\u00fcb\u00fcn internet sitesinden yap\u0131lan a\u00e7\u0131klamada Almeida&#8217;n\u0131n ikinci yar\u0131n\u0131n ba\u015f\u0131ndan itibaren 34 numaral\u0131 formay\u0131 giyece\u011fi duyuruldu.<\/p>\n<p>Be\u015fikta\u015f, d\u00fcn de bir ba\u015fka transferi Simao Sabrosa&#8217;n\u0131n forma numaras\u0131n\u0131 &#8220;31&#8221; olarak a\u00e7\u0131klam\u0131\u015ft\u0131. Valencia&#8217;dan kiralanan Manuel Fernandes&#8217;in forma numaras\u0131n\u0131n ise yar\u0131n a\u00e7\u0131klanmas\u0131 bekleniyor.<\/p>\n<p>Yeni transferleriyle sezon ba\u015f\u0131nda oldu\u011fu gibi yine b\u00fcy\u00fck s\u00fckse yapan Be\u015fikta\u015f, Kartal Yuvas\u0131 ma\u011fazalar\u0131ndan elde etti\u011fi kazan\u00e7la transferlerin maliyetinin bir b\u00f6l\u00fcm\u00fcn\u00fc \u00e7\u0131karmak istiyor.<\/p>\n<p>D\u00fcn Simao Sabrosa&#8217;n\u0131n forma numaras\u0131n\u0131n a\u00e7\u0131klanmas\u0131yla birlikte \u00f6zellikle \u0130n\u00f6n\u00fc Stad\u0131 ve Be\u015fikta\u015f il\u00e7esindeki Kartal Yuvas\u0131 ma\u011fazalar\u0131nda hareketlilik g\u00f6zlendi.<\/p>\n<!-- Error, Advert is not available at this time due to schedule\/geolocation restrictions! -->\n","protected":false},"excerpt":{"rendered":"<p>Be\u015fikta\u015f&#8217;\u0131n Werder Bremen&#8217;den transfer etti\u011fi Hugo Almeida&#8217;n\u0131n forma numaras\u0131 belli oldu.<\/p>\n","protected":false},"author":4,"featured_media":53195,"comment_status":"open","ping_status":"open","sticky":false,"template":"","format":"standard","meta":{"_acf_changed":false,"footnotes":""},"categories":[6774,6194],"tags":[57942,57944,57943,1748,8263,31122],"class_list":["post-53192","post","type-post","status-publish","format-standard","has-post-thumbnail","hentry","category-futbol","category-spor","tag-almeida-forma-numarasi","tag-almeida-formasi","tag-almeida-kac-numara-giyecek","tag-besiktas","tag-besiktas-transfer","tag-hugo-almeida"],"acf":[],"_links":{"self":[{"href":"https:\/\/www.nationalturk.com\/tr\/wp-json\/wp\/v2\/posts\/53192","targetHints":{"allow":["GET"]}}],"collection":[{"href":"https:\/\/www.nationalturk.com\/tr\/wp-json\/wp\/v2\/posts"}],"about":[{"href":"https:\/\/www.nationalturk.com\/tr\/wp-json\/wp\/v2\/types\/post"}],"author":[{"embeddable":true,"href":"https:\/\/www.nationalturk.com\/tr\/wp-json\/wp\/v2\/users\/4"}],"replies":[{"embeddable":true,"href":"https:\/\/www.nationalturk.com\/tr\/wp-json\/wp\/v2\/comments?post=53192"}],"version-history":[{"count":0,"href":"https:\/\/www.nationalturk.com\/tr\/wp-json\/wp\/v2\/posts\/53192\/revisions"}],"wp:featuredmedia":[{"embeddable":true,"href":"https:\/\/www.nationalturk.com\/tr\/wp-json\/wp\/v2\/media\/53195"}],"wp:attachment":[{"href":"https:\/\/www.nationalturk.com\/tr\/wp-json\/wp\/v2\/media?parent=53192"}],"wp:term":[{"taxonomy":"category","embeddable":true,"href":"https:\/\/www.nationalturk.com\/tr\/wp-json\/wp\/v2\/categories?post=53192"},{"taxonomy":"post_tag","embeddable":true,"href":"https:\/\/www.nationalturk.com\/tr\/wp-json\/wp\/v2\/tags?post=53192"}],"curies":[{"name":"wp","href":"https:\/\/api.w.org\/{rel}","templated":true}]}}