{"id":53225,"date":"2010-12-28T13:03:52","date_gmt":"2010-12-28T11:03:52","guid":{"rendered":"http:\/\/www.nationalturk.com\/?p=53225"},"modified":"2010-12-28T13:03:52","modified_gmt":"2010-12-28T11:03:52","slug":"basbakan-erdogan-grup-konusmasi-281210","status":"publish","type":"post","link":"https:\/\/www.nationalturk.com\/tr\/basbakan-erdogan-grup-konusmasi-281210\/","title":{"rendered":"Ba\u015fbakan Erdo\u011fan&#8217;dan \u00f6nemli a\u00e7\u0131klamalar"},"content":{"rendered":"<h1><img loading=\"lazy\" decoding=\"async\" class=\"alignnone size-full wp-image-53226\" title=\"Ba\u015fbakan Erdo\u011fan\" src=\"http:\/\/www.nationalturk.com\/tr\/wp-content\/uploads\/2010\/12\/erdogan_konusma_istanbul.jpg\" alt=\"\" width=\"500\" height=\"333\" srcset=\"https:\/\/www.nationalturk.com\/tr\/wp-content\/uploads\/2010\/12\/erdogan_konusma_istanbul.jpg 500w, https:\/\/www.nationalturk.com\/tr\/wp-content\/uploads\/2010\/12\/erdogan_konusma_istanbul-280x186.jpg 280w\" sizes=\"auto, (max-width: 500px) 100vw, 500px\" \/><\/h1>\n<h1>Ba\u015fbakan Recep Tayyip Erdo\u011fan AKP&#8217;nin grup toplant\u0131s\u0131nda yapt\u0131\u011f\u0131 konu\u015fmada \u00f6nemli a\u00e7\u0131klamalar yapt\u0131.<\/h1>\n<h2>ERDO\u011eAN&#8217;IN GRUP KONU\u015eMASINDAN SATIR BA\u015eLARI;<\/h2>\n<p>\u00d6nceki g\u00fcn b\u00fct\u00e7e m\u00fczakereleri tamamland\u0131. 2011 b\u00fct\u00e7esi Ak Parti h\u00fck\u00fcmetleriyle haz\u0131rlanan dokuzuncu b\u00fct\u00e7e oldu. Yeni b\u00fct\u00e7ede en b\u00fcy\u00fck pay\u0131 yine e\u011fitim al\u0131yor. Sa\u011fl\u0131\u011fa, adalet ve emniyete, toplumun her kesimini g\u00f6zeten sosyal harcamalara \u00f6nemli paylar al\u0131yor.<\/p>\n<p>\u00c7ALI\u015eMALARIMIZ CEK CEK \u0130LE DOLU DE\u011e\u0130L<\/p>\n<p>\u00d6nceki g\u00fcn de ifade ettim. Biz d\u00f6rt y\u0131l be\u015f y\u0131l sonras\u0131n\u0131 de\u011fil. Art\u0131k 13 y\u0131l sonras\u0131n\u0131, cumhuriyetimizin kurulu\u015funun 100. y\u0131l d\u00f6n\u00fcm\u00fc olan 2023 y\u0131l\u0131n\u0131 konu\u015fuyoruz. \u015eu andaki perspektif, \u015fu anda bu se\u00e7imlerde yay\u0131nlayan beyanname, 4 y\u0131ll\u0131k bir beyanname olmayacak. 2023\u2019e kadar olan s\u00fcreci planlayan bir s\u00fcreci kapsayan bir \u00e7al\u0131\u015fma olacak. Her \u015feyimiz haz\u0131r. Bizim bu \u00e7al\u0131\u015fmalar\u0131m\u0131z, cek cak ile dolu de\u011fil. Zira biz, 8 y\u0131l ne yapt\u0131ysak hepsi ortada. Bu birikim \u00fczerine art\u0131k 13 y\u0131l ve cumhuriyetimizin 100. y\u0131l\u0131nda nas\u0131l bir T\u00fcrkiye hayal etti\u011fimizi biz ortaya koyaca\u011f\u0131z.<\/p>\n<p>KAYNAK TAR\u0130H\u0130M\u0130ZD\u0130R<\/p>\n<p>Ben size benim ad\u0131m Tayyip Erdo\u011fan demiyorum onu s\u00f6yleyeyim. Biz size diyoruz ki kaynak T\u00fcrkiye\u2019dir, T\u00fcrk milletidir diyoruz. Bu kaynaktan hareketle biz bug\u00fcne geldik. B\u00fct\u00fcn hedeflerimizi ger\u00e7e\u011fe d\u00f6n\u00fc\u015ft\u00fcrece\u011fiz. Biz 14 a\u011fustos 2011\u2019de yola \u00e7\u0131karken, hedeflerimizi s\u0131ralarken, kaynak ne diye sordular. Biz de onlara kaynak T\u00fcrkiye demi\u015ftik. Hortumlar\u0131 oradan \u00e7\u0131karaca\u011f\u0131z, o hortumlar\u0131 milletimizin cebine koyaca\u011f\u0131z demi\u015ftik. Kaynak tarihimizdir, k\u00fclt\u00fcr\u00fcm\u00fczd\u00fcr.<\/p>\n<p>KAYNAK AL\u0130, VEL\u0130 DEM\u0130YORUZ<\/p>\n<p>Art\u0131k israf ekonomisinin ge\u00e7erli olmad\u0131\u011f\u0131, verim ekonomisinin ge\u00e7erli oldu\u011fu bir T\u00fcrkiye var. Kaynak s\u0131f\u0131r sorun politikas\u0131d\u0131r. Kaynak karde\u015fli\u011fimizdir. Demokrasi istikrar g\u00fcven ve huzur ortam\u0131d\u0131r. Biz bunlara inand\u0131k. Biz T\u00fcrkiye\u2019ye inand\u0131k g\u00fcvendik. \u015eimdi de yine kaynak T\u00fcrkiye\u2019dir diyerek yolumuza devam ediyoruz.<\/p>\n<p>Kaynak Ali\u2019dir Veli\u2019dir de\u011fil, T\u00fcrkiye\u2019dir diyor, 2023 hedeflerine azimle ilerliyoruz. T\u00fcrkiye 8 y\u0131lda hayalleri ger\u00e7e\u011fe d\u00f6n\u00fc\u015ft\u00fcrd\u00fc. \u0130n\u015fallah 13 y\u0131lda \u00e7ok daha farkl\u0131 bir T\u00fcrkiye in\u015fa edilmi\u015f olacakt\u0131r. Yeni bir y\u0131l\u0131n arefesinde, \u00e7ift\u00e7ilerimizi ve \u00f6\u011frencilerimizi ailelerini sevindirecek \u00fc\u00e7 \u00f6nemli m\u00fcjdeyi de vermek istiyorum.<\/p>\n<p>TARIM SEKT\u00d6R\u00dcN\u00dc DESTEKLED\u0130K<\/p>\n<p>Biz Ak Parti iktidar\u0131n\u0131 devrald\u0131\u011f\u0131m\u0131zda, adeta tar\u0131m sekt\u00f6r\u00fc \u00e7\u00f6km\u00fc\u015f, \u00e7ift\u00e7i iflas\u0131n e\u015fi\u011findeydi. \u00dcr\u00fcn de\u011fer bulmuyordu, tarlada \u00e7\u00fcr\u00fcyor, \u00e7ift\u00e7i borcunu \u00f6deyemiyordu. Zaman t\u00fcnelinde geriye gidelim, eldeki trakt\u00f6rlerin nas\u0131l haczedildi\u011fini akl\u0131m\u0131za getirelim. 8 y\u0131lda tar\u0131m sekt\u00f6r\u00fcn\u00fc destekledik. \u00c7ift\u00e7imizin yan\u0131nda olduk.<\/p>\n<p>B\u00fct\u00e7e g\u00f6r\u00fc\u015fmelerinde, muhalefetten k\u00fcrs\u00fcye \u00e7\u0131kan, \u00e7ift\u00e7iyi k\u00f6yl\u00fcy\u00fc istismara yeltenenleri g\u00f6rd\u00fcm. Anadolu\u2019yu Trakya\u2019y\u0131 gezen Ak Parti\u2019nin al\u0131n terine verdi\u011fi de\u011feri ger\u00e7ek\u00e7i g\u00f6zle bakarsa g\u00f6r\u00fcr. 3 Kas\u0131m se\u00e7imlerinden sonra girdi\u011fimiz her se\u00e7im, tar\u0131mda nas\u0131l \u00e7ift\u00e7imizin k\u00f6yl\u00fcm\u00fcz\u00fcn yan\u0131nda oldu\u011fumuzun a\u00e7\u0131k teyidi olmu\u015ftur.<\/p>\n<p>Tar\u0131m kredi kooperatiflerinin kulland\u0131rd\u0131klar\u0131 krediyle birlikte \u00e7ift\u00e7ilerin kulland\u0131\u011f\u0131 kredi miktar\u0131 15 milyar TL\u2019ye ula\u015ft\u0131. 2002\u2019de sadece, 67 bin ki\u015fi kredi kulland\u0131, biz iktidara geldi\u011fimizde. Bug\u00fcn krediden istifade eden \u00e7ift\u00e7i say\u0131s\u0131 ne oldu biliyor musunuz? 900 bin ki\u015fi oldu.<\/p>\n<p>\u00c7\u0130FT\u00c7\u0130LERE M\u00dcJDE VER\u0130YORUM<\/p>\n<p>Kredi alan \u00e7ift\u00e7ilerimizin y\u00fczde 62\u2019si borcunu \u00f6deyemiyordu. \u015eimdi bu y\u00fczde %1,6\u2019ya d\u00fc\u015ft\u00fc. \u0130nsaf\u0131n yok mu yahu? \u0130nsaf dinin yar\u0131s\u0131d\u0131r.<\/p>\n<p>\u015eimdi geliyorum \u00e7ift\u00e7ilere verece\u011fimiz m\u00fcjdeye. Ziraat Bankas\u0131\u2019n\u0131n tar\u0131msal kredi faiz oran\u0131 2002\u2019de y\u00fczde 59\u2019du. Kim var iktidarda? DSP var, MHP var, ANAP var.<\/p>\n<p>\u015eimdi 1 Ocak 2011\u2019den itibaren, tar\u0131msal kredi faiz oran\u0131n\u0131 y\u00fczde 13\u2019ten, y\u00fczde 10\u2019a \u00e7ekiyoruz. Hayvanc\u0131l\u0131k ve tar\u0131msal sulama kredilerine, y\u00fczde 100 faiz deste\u011fi vermeye devam ediyoruz. yani bu alanlarda kredi faiz oran\u0131 s\u0131f\u0131r oluyor. Di\u011fer t\u00fcm kredilerde ise, hazine art\u0131k y\u00fczde 25\u2019ini de\u011fil, y\u00fczde 50\u2019sini kar\u015f\u0131layacak.<\/p>\n<p>Yeni faiz oranlar\u0131n\u0131n \u00e7ift\u00e7imize, k\u00f6yl\u00fcm\u00fcze, \u00fcreticimize hay\u0131rl\u0131 olmas\u0131n\u0131 diliyorum.<\/p>\n<p>B\u0130R M\u00dcJDE DE \u00d6\u011eRENC\u0130YE<\/p>\n<p>Di\u011fer m\u00fcjdeye geliyorum o da \u00fcniversite \u00f6\u011frencilerimiz. T\u0131pk\u0131 \u00e7ift\u00e7ilerimiz gibi \u00f6\u011frencilerimizin de zaman zaman istismar edilmek istendi\u011fini, \u015fartlar\u0131n\u0131n de\u011fi\u015fik lanse edilerek ger\u00e7ek durumun yans\u0131t\u0131lmad\u0131\u011f\u0131n\u0131 g\u00f6r\u00fcyoruz. Esasen \u00f6\u011frencilerimiz de onlar i\u00e7in yapt\u0131\u011f\u0131m\u0131z hizmetleri g\u00f6r\u00fcyor, biliyor. Bunu da hissediyor. Ge\u00e7mi\u015fle bug\u00fcn aras\u0131ndaki fark\u0131 net olarak g\u00f6r\u00fcyorlar. B\u00fct\u00e7eden e\u011fitime ay\u0131rd\u0131\u011f\u0131m\u0131z pay\u0131, 80 yeni \u00fcniversite, \u015fimdi ne oluyor 156 \u00fcniversite oluyor. Geldi\u011fimizde 76 \u00fcniversite vard\u0131, buna 80 tane daha ilave ettik. 160 bin yeni derslik, 750 bin bilgisayar ve yeni s\u00fcre\u00e7 ba\u015fl\u0131yor, Fatih Projesi\u2019yle, kara tahta d\u00f6nemine son veriyoruz ve ayd\u0131nl\u0131k d\u00f6neme giriyoruz.<\/p>\n<p>Fatih projemiz, asl\u0131nda gen\u00e7lerimize yapt\u0131\u011f\u0131m\u0131z yat\u0131r\u0131m\u0131n ne b\u00fcy\u00fck devrimi g\u00f6tse<\/p>\n<p>Ana muhalefetin ba\u015fkan\u0131 \u00e7\u0131k\u0131yor, TOK\u0130\u2019ye yetki verece\u011fim diyor. Yahu kuru kuru atma be. Biz geldi\u011fimizde TOK\u0130\u2019nin nerede oldu\u011fu belliydi. Bizden sonra ne t\u00fcr i\u015fler yapt\u0131\u011f\u0131 belli.<\/p>\n<p>Yurt in\u015fa ettirece\u011fiz, her \u00f6\u011frenci yurda kavu\u015facak diye vaatte bulunuyor. Belli ki genel ba\u015fkan\u0131n \u00e7\u0131kar\u0131lan yasalardan haberi yok. Biz zaten bu yetkiyi TOK\u0130\u2019ye verdik. Bu s\u00fcre\u00e7 devam ediyor. 8 y\u0131lda yurt kapasitesini 60 bin yatak kapasitesi olarak art\u0131rd\u0131k.<\/p>\n<p>188 binden 248 bine \u00e7\u0131kartt\u0131k. Bunu yaparken, eski ve yeni yurtlarda odada kalan \u00f6\u011frenci say\u0131s\u0131n\u0131 1 veya 3\u2019e indirdik.<\/p>\n<p>BURSLARA VE KRED\u0130LERE Y\u00dcZDE 20 ZAM<\/p>\n<p>\u015eimdi bilmiyorum beyefendi dinliyor mu ama, milletim dinliyor. 2002 y\u0131l\u0131nda \u00fcniversite \u00f6\u011frencilerine verilen burs 45 lirayd\u0131. Kredi \u00f6demesi buydu. Bu \u00f6demeler \u00e7ok ge\u00e7 ba\u015fl\u0131yordu. 3 ayda bir veriliyordu. Biz ara\u015ft\u0131rma yapt\u0131k, ayda bir verilmesi talebini g\u00f6rd\u00fck. Ayda bir \u00f6demeye ba\u015flad\u0131k. 2010 sonu itibariyle 200 liraya \u00e7\u0131kard\u0131k. Aydan aya bu \u00f6deme devam etti, yine devam edecek. Master \u00f6\u011frencilerine 400 lira. Doktora \u00f6\u011frencilerine 600 lira.<\/p>\n<p>Bu hangi \u00fcniversite rekt\u00f6r\u00fcyle g\u00f6r\u00fc\u015f\u00fcyorsam, T\u00fcrkiye\u2019nin \u015fartlar\u0131 a\u00e7\u0131s\u0131ndan, bu \u00e7ok \u00f6nemli bir destek diye teyid ediyorlar. 2002\u2019de 452 bin \u00f6\u011frenciye burs ve kredi veriliyordu, 2010 y\u0131l\u0131n\u0131 s\u00f6yl\u00fcyorum size biz bu say\u0131y\u0131 961 bin \u00f6\u011frenci say\u0131s\u0131na ula\u015ft\u0131rd\u0131k. Halep oradaysa, ar\u015f\u0131n Ankara\u2019da. \u00c7ok a\u00e7\u0131k net.<\/p>\n<p>\u015eu an isteyen her \u00f6\u011frenciye biz bursta veriyoruz, kredi de veriyoruz. Ayr\u0131ca \u00f6\u011frencilere lisans \u00f6\u011frencilerine, kredi yurtlar kurumunda ise 120 lira da beslenme yard\u0131m\u0131 verdik.<\/p>\n<p>\u015eimdi yenisine geliyoruz. 1 Ocak 2011\u2019den itibaren, \u00fcniversite \u00f6\u011frencilerinin burs ve kredi miktar\u0131n\u0131 y\u00fczde 20 oran\u0131nda art\u0131yoruz. Ayl\u0131k 200 lira alan \u00f6\u011frencimiz, 240 lira burs veya kredi alacak. B\u00f6ylece kredi miktar\u0131n\u0131, 2002\u2019ye g\u00f6re, y\u00fczde 433 oran\u0131nda art\u0131rm\u0131\u015f oluyoruz. 400 lira burs veya kredi alan master \u00f6\u011frencileri art\u0131k 480 lira alacak. Ayl\u0131k 600 lira alan doktora \u00f6\u011frencimiz de 720 lira burs ya da kredi alabilecek.<\/p>\n<p>Beslenme yard\u0131m\u0131n\u0131 da y\u00fckseltiyoruz. 120 lira olan ayl\u0131\u011f\u0131 da 150 liraya \u00e7\u0131kart\u0131yoruz.<\/p>\n<p>Bu devletin \u00f6\u011frencilerine bu milletin evlatlar\u0131na bir ianesi de\u011fildir. Milletten ald\u0131\u011f\u0131n\u0131 millete iadesidir.<\/p>\n<p>\u00dc\u00c7\u00dcNC\u00dc M\u00dcJDE A\u0130LELERE<\/p>\n<p>Geliyorum \u00fc\u00e7\u00fcnc\u00fc m\u00fcjdemize. 2003\u2019ten beri dar gelirli ailelerimize, \u00e7ocuklar\u0131 okula devam etme \u015fart\u0131yla \u00f6deme yap\u0131yoruz. Bunu biz ba\u015flatt\u0131k. \u00d6demeyi Ziraat Bankas\u0131 ve PTT \u015fubeleri arac\u0131l\u0131\u011f\u0131yla, baba ad\u0131na de\u011fil, anne ad\u0131na a\u00e7\u0131lan hesaplara yap\u0131yoruz.<\/p>\n<p>Baz\u0131lar\u0131 annelikten falan anlamaz, anneli\u011fin k\u0131ymetini bilmez. Bizi kad\u0131na yakla\u015f\u0131mda farkl\u0131 merkezine oturtanlara s\u00f6yl\u00fcyorum. Kad\u0131n haklar\u0131n\u0131 en iyi biz biliriz. Fiziksel e\u015fitlik derseniz, burada farkl\u0131y\u0131z. Bu bir defa yarad\u0131l\u0131\u015fa terstir. Ama hak konusunda kad\u0131n erkekle e\u015fittir.<\/p>\n<p>Biz \u00e7ocuklar\u0131m\u0131z\u0131n e\u011fitimini \u00f6nemsiyor. Onlar\u0131n okula g\u00f6nderilmesi i\u00e7in k\u0131z ve erkek \u00e7ocuklarda bir ayr\u0131ma gidiyoruz. K\u0131za daha fazla, erke\u011fe daha az. \u0130stedik ki \u00f6zellikle Anadolu\u2019da k\u0131zlar\u0131m\u0131z okula gitsin istedik. Bu att\u0131\u011f\u0131m\u0131z ad\u0131mla 2003\u2019te 59 bin \u00f6\u011frenciyle ba\u015flad\u0131k, 2009\u2019da 2 milyon \u00f6\u011frenci say\u0131s\u0131na ula\u015ft\u0131k.<\/p>\n<p>\u015eimdi ne olacak? 1 Ocak 2011\u2019den itibaren \u015fartl\u0131 nakit transferi miktarlar\u0131n\u0131 da, Anadolu bu sesimizi duysun. Baz\u0131lar\u0131 da hakk\u0131n\u0131 bilmiyor ara\u015ft\u0131rs\u0131n. Y\u00fczde 22 ila y\u00fczde 50 aras\u0131nda bunu da art\u0131r\u0131yoruz.<\/p>\n<p>\u0130lk\u00f6\u011fretime devam eden erkek \u00f6\u011frenci i\u00e7in, 20 lira \u00f6d\u00fcyorduk, bundan sonra 30 lira \u00f6deyece\u011fiz. K\u0131z \u00f6\u011frenci i\u00e7in ne \u00f6d\u00fcyorduk, 25 lira. \u015eimdi bunu da 35 liraya \u00e7\u0131kartaca\u011f\u0131z. Orta\u00f6\u011fretime devam eden erkek \u00f6\u011frenciye, 35 lira \u00f6d\u00fcyorduk. Onu da 45 liraya \u00e7\u0131karaca\u011f\u0131z. K\u0131z \u00f6\u011frencimize 45 lira \u00f6d\u00fcyorduk, onu da 55 liraya \u00e7\u0131kar\u0131yoruz.<\/p>\n<p>Ka\u00e7 \u00e7ocuk olursa, hepsine bunu \u00f6d\u00fcyoruz. Bu yeni miktarlar\u0131nda \u00f6\u011frencilerimize hay\u0131rl\u0131 olmas\u0131n\u0131 diliyorum. \u00dcniversite, ilk\u00f6\u011fretim ve orta\u00f6\u011fretime sa\u011flad\u0131\u011f\u0131m\u0131z bu destekler b\u00fct\u00e7eye asla ek vermiyor.<\/p>\n<p>\u201c2011 YILINI MEHMET AK\u0130F ERSOY YILI \u0130LAN ETT\u0130K\u201d<\/p>\n<p>2011 y\u0131l\u0131n\u0131 K\u00fclt\u00fcr Bakanl\u0131\u011f\u0131m\u0131z ile birlikte Mehmet Akif y\u0131l\u0131 olarak ilan ettik. \u0130n\u015fallah 2011 boyunca Akif\u2019i ve eserlerini daha yo\u011fun bir \u015fekilde g\u00fcndemde tutaca\u011f\u0131z. Ayr\u0131ca Mehmet Akif\u2019in babas\u0131n\u0131 do\u011fum yeri olan, Mehmet Akif asl\u0131nda bildi\u011finiz gibi Arnavut. Kosova\u2019da, Su\u015fitsa k\u00f6y\u00fcnde, Mehmet Akif Ersoy \u0130lk\u00f6\u011fretim Okulu\u2019nu tamamlad\u0131k. Teknik kalitesini art\u0131rd\u0131k, okulu adeta aya\u011fa kald\u0131rd\u0131k.<\/p>\n<p>Mehmet Akif milli \u015fairimiz. Ancak \u015funu \u00f6zellikle ifade etmek istiyorum. Tarihe sahip \u00e7\u0131kmak budur, ecdad\u0131na sahiplenmek budur. Biz bu sorumlulu\u011fumuzun idraki i\u00e7inde bunu yap\u0131yoruz. Mehmet Akif \u0130stiklal Mar\u015f\u0131\u2019m\u0131z\u0131n \u015fairi oldu\u011fu kadar, b\u00fcy\u00fck bir m\u00fcnevver idi. Bir cihan imparatorlu\u011funun par\u00e7alanmas\u0131na, kurtulu\u015f sava\u015f\u0131na, cumhuriyetimizin kurulu\u015funa tan\u0131kt\u0131k etti. Ya\u015fanan ac\u0131y\u0131 y\u00fcre\u011finde hissetti ve o ac\u0131y\u0131 ka\u011f\u0131da d\u00f6kt\u00fc. O konu\u015fmas\u0131 o ya\u015fad\u0131 ve sonra ifade etti. Akif\u2019in hemen her dizesi her sat\u0131r\u0131, \u00e7ok b\u00fcy\u00fck co\u011frafyay\u0131 karde\u015fli\u011fe ilerlemeye kalk\u0131nmaya \u00e7a\u011f\u0131rd\u0131. Bu noktada Akif adeta y\u00fcre\u011fini par\u00e7alad\u0131.<\/p>\n<p>Gezip g\u00f6rd\u00fc\u011f\u00fc \u015fahit oldu\u011fu co\u011frafyay\u0131 \u015fu dizeleriyle anlatm\u0131\u015ft\u0131:<\/p>\n<p>\u00d6r\u00fcmcek ba\u011flam\u0131\u015f, t\u00fctmez ocaklar; yanm\u0131\u015f ormanlar;<br \/>\nEkinsiz tarlalar, ot basm\u0131\u015f evler, k\u00fcfl\u00fc harmanlar;<br \/>\nIp\u0131ss\u0131z \u00e2\u015fiyanlar; kimsesiz k\u00f6yler; \u00e7\u00f6k\u00fck damlar;<br \/>\nEmek mahrumu g\u00fcnler; fikr-i ferd\u00e2 bilmez ak\u015famlar.<\/p>\n<p>Diyor ki Mehmet Akif:<\/p>\n<p>Bir zamanlar biz de millet; hem nas\u0131l milletmi\u015fiz:<br \/>\nGelmi\u015fiz d\u00fcnyaya; milliyet nedir \u00f6\u011fretmi\u015fiz!<br \/>\nKapkaranl\u0131kken b\u00fct\u00fcn \u00e2f\u00e2k\u0131 insaniyetin,<br \/>\nNur olup f\u0131\u015fk\u0131rm\u0131\u015f\u0131z t\u00e2 sinesinden zulmetin.<\/p>\n<p>\u201c\u0130ST\u0130KLAL MAR\u015eIMIZI B\u0130R ARNAVUT YAZDI\u201d<\/p>\n<p>Daha bitmedi. Akif, \u201cArab\u0131n T\u00fcrke; Laz\u0131n \u00c7erkeze yahut K\u00fcrde. Acemin \u00c7inliye \u00fcst\u00fcnl\u00fc\u011f\u00fc m\u00fc varm\u0131\u015f? Nerde!\u201d diyerek kavimcili\u011fi reddetmi\u015fti.<\/p>\n<p>\u0130stiklal Mar\u015f\u0131m\u0131z\u0131 bir T\u00fcrk m\u00fc yazd\u0131? K\u00fcrt mu yazd\u0131? Arnavut yazd\u0131. Ama o milletin ortak sesiyle, onun i\u00e7in bu Meclis\u2019te sahiplenildi ve takdire \u015fayan oldu.<\/p>\n<p>Bizim ortak rab\u0131tam\u0131z T\u00fcrk\u00e7e\u2019dir. Herkes anadilini konu\u015facakt\u0131r. Ama resmi dille bunu l\u00fctfen birbirine kar\u0131\u015ft\u0131rmayal\u0131m. Bu \u00fclkenin sosyal bar\u0131\u015f\u0131n\u0131 zedelemeyelim. Buna kimsenin hakk\u0131 yok. E\u011fer b\u00f6yle bir \u015fey yap\u0131l\u0131rsa, bu insafs\u0131zl\u0131k olur, bu rab\u0131tlar\u0131 zay\u0131flatmak tart\u0131\u015fmak, Mehmet Akif\u2019in 80 y\u0131l \u00f6nce s\u00f6yledi\u011fi gibi, bu milletin karde\u015fli\u011finden haz etmeyenlere hizmet etmektir.<\/p>\n<p>ERSOY\u2019DAN \u2018K\u00dcRD\u0130STAN\u2019 ALINTISI<\/p>\n<p>Milletler topla t\u00fcfeklerle y\u0131k\u0131lmaz. Milletler ancak aralar\u0131ndaki rab\u0131talar \u00e7\u00f6z\u00fclerek, kendi ba\u015f\u0131n\u0131n derdine, kendi havas\u0131na, kendi menfaatine d\u00fc\u015ft\u00fc\u011f\u00fcnde y\u0131k\u0131l\u0131rlar. D\u00fc\u015fmanlar\u0131m\u0131zdan bug\u00fcn bizden istedikleri, ne bir vilayet ne de sancakt\u0131r. Do\u011frudan do\u011fruya ba\u015f\u0131m\u0131zd\u0131r devletimizdir. Ey cemaat g\u00f6z\u00fcn\u00fcz\u00fc a\u00e7\u0131n\u0131z, ibret al\u0131n\u0131z. Bizim hani senelerden beri kan\u0131m\u0131z\u0131, ili\u011fimizi kurutan dahil\u00ee meseleler yok mu, Havran meselesi, Yemen meselesi, \u015eam meselesi, K\u00fcrdistan meselesi, Arnavut\u00acluk meselesi&#8230; Bunlar\u0131n hepsi d\u00fc\u015fman parma\u011f\u0131yla \u00e7\u0131kar\u0131lm\u0131\u015f meselelerdir.<\/p>\n<p>Bug\u00fcn konu\u015fulmuyor bunu Akif ne zaman konu\u015fuyor dikkat edin. \u015eimdi ayn\u0131 \u015feyleri ya\u015f\u0131yoruz. (Derleme: H\u00fcrriyet)<\/p>\n<span style=\"font-weight: bold; color: #f00;\">Error, group does not exist! Check your syntax! (ID: 51)<\/span>\n","protected":false},"excerpt":{"rendered":"<p>Ba\u015fbakan Recep Tayyip Erdo\u011fan AKP&#8217;nin grup toplant\u0131s\u0131nda yapt\u0131\u011f\u0131 konu\u015fmada \u00f6nemli a\u00e7\u0131klamalar yapt\u0131.<\/p>\n","protected":false},"author":4,"featured_media":53226,"comment_status":"open","ping_status":"open","sticky":false,"template":"","format":"standard","meta":{"_acf_changed":false,"footnotes":""},"categories":[6155,5005,6202,6805],"tags":[26949,3888,32560,28372,57960],"class_list":["post-53225","post","type-post","status-publish","format-standard","has-post-thumbnail","hentry","category-gundem","category-manset","category-politika","category-turkiye","tag-akp-grup-toplantisi","tag-basbakan-erdogan","tag-basbakan-erdogan-grup-konusmasi","tag-basbakan-erdogan-grup-toplantisi","tag-erdogan-28-aralik-konusmasi"],"acf":[],"_links":{"self":[{"href":"https:\/\/www.nationalturk.com\/tr\/wp-json\/wp\/v2\/posts\/53225","targetHints":{"allow":["GET"]}}],"collection":[{"href":"https:\/\/www.nationalturk.com\/tr\/wp-json\/wp\/v2\/posts"}],"about":[{"href":"https:\/\/www.nationalturk.com\/tr\/wp-json\/wp\/v2\/types\/post"}],"author":[{"embeddable":true,"href":"https:\/\/www.nationalturk.com\/tr\/wp-json\/wp\/v2\/users\/4"}],"replies":[{"embeddable":true,"href":"https:\/\/www.nationalturk.com\/tr\/wp-json\/wp\/v2\/comments?post=53225"}],"version-history":[{"count":0,"href":"https:\/\/www.nationalturk.com\/tr\/wp-json\/wp\/v2\/posts\/53225\/revisions"}],"wp:featuredmedia":[{"embeddable":true,"href":"https:\/\/www.nationalturk.com\/tr\/wp-json\/wp\/v2\/media\/53226"}],"wp:attachment":[{"href":"https:\/\/www.nationalturk.com\/tr\/wp-json\/wp\/v2\/media?parent=53225"}],"wp:term":[{"taxonomy":"category","embeddable":true,"href":"https:\/\/www.nationalturk.com\/tr\/wp-json\/wp\/v2\/categories?post=53225"},{"taxonomy":"post_tag","embeddable":true,"href":"https:\/\/www.nationalturk.com\/tr\/wp-json\/wp\/v2\/tags?post=53225"}],"curies":[{"name":"wp","href":"https:\/\/api.w.org\/{rel}","templated":true}]}}