{"id":53398,"date":"2010-12-29T12:03:52","date_gmt":"2010-12-29T10:03:52","guid":{"rendered":"http:\/\/www.nationalturk.com\/?p=53398"},"modified":"2010-12-29T12:03:52","modified_gmt":"2010-12-29T10:03:52","slug":"hava-durumu-istanbul-ankara-izmir-291210","status":"publish","type":"post","link":"https:\/\/www.nationalturk.com\/tr\/hava-durumu-istanbul-ankara-izmir-291210\/","title":{"rendered":"Hava durumu: Meteorolojiden sa\u011fanak ve kar uyar\u0131s\u0131"},"content":{"rendered":"<h1><img loading=\"lazy\" decoding=\"async\" class=\"alignleft size-medium wp-image-53399\" src=\"http:\/\/www.nationalturk.com\/tr\/wp-content\/uploads\/2010\/12\/yagmurrrrr-280x210.jpg\" alt=\"\" width=\"280\" height=\"210\" title=\"\" srcset=\"https:\/\/www.nationalturk.com\/tr\/wp-content\/uploads\/2010\/12\/yagmurrrrr-280x210.jpg 280w, https:\/\/www.nationalturk.com\/tr\/wp-content\/uploads\/2010\/12\/yagmurrrrr.jpg 320w\" sizes=\"auto, (max-width: 280px) 100vw, 280px\" \/>Yurtta hava durumu: \u0130stanbul ve \u0130zmir ya\u011fmurlu, Ankara karla kar\u0131\u015f\u0131k ya\u011fmurlu. \u0130\u00e7 ve do\u011fu b\u00f6lgelerde yer yer kar ya\u011f\u0131\u015f\u0131 bekleniyor.<\/h1>\n<p>Meteoroloji \u0130\u015fleri Genel M\u00fcd\u00fcrl\u00fc\u011f\u00fc, yurdun \u00e7e\u015fitli b\u00f6lgeleri i\u00e7in a\u015f\u0131r\u0131 ya\u011fmur ve kar uyar\u0131s\u0131nda bulundu. \u00a0T\u00fcrkiye&#8217;nin bir\u00e7ok b\u00f6lgesinde hava s\u0131cakl\u0131klar\u0131\u00a02 &#8211; 10 derece aras\u0131nda d\u00fc\u015fecek.<\/p>\n<p>Yap\u0131lan a\u00e7\u0131klamaya g\u00f6re Marmara, Ege, Bat\u0131 Akdeniz, Bat\u0131 Karadeniz, Orta ve Do\u011fu Karadeniz k\u0131y\u0131lar\u0131 ile Ankara, Eski\u015fehir ve \u00c7ank\u0131r\u0131 \u00e7evrelerinde yo\u011fun ya\u011f\u0131\u015f bekleniyor.<\/p>\n<p>Ya\u011f\u0131\u015flar Bat\u0131 Karadeniz&#8217;in i\u00e7 kesimleri ile Bursa, Bilecik, K\u00fctahya, Afyon, Eski\u015fehir, Ankara ile \u00c7ank\u0131r\u0131&#8217;da karla kar\u0131\u015f\u0131k ya\u011fmur ve kar \u015feklinde olacak.<\/p>\n<p>Gece ve sabah saatlerinde i\u00e7 ve do\u011fu b\u00f6lgelerinde sis ile birlikte buzlanma ve don olay\u0131 nedeniyle Meteoroloji uyar\u0131larda bulundu.<\/p>\n<h2>\u0130stanbul Hava Durumu<\/h2>\n<p>G\u00fcn\u00fc \u00e7ok bulutlu ge\u00e7irecek olan \u0130stanbul&#8217;da ak\u015fam saatlerinden itibaren kuvvetli sa\u011fanak ya\u011fmur bekleniyor. Gece saatlerinde ise \u0130stanbul&#8217;un y\u00fcksek kesimlerinde karla kar\u0131\u015f\u0131k ya\u011fmur ya\u011fabilir. \u0130stanbul yar\u0131n\u0131 da sa\u011fanak ya\u011fmurla ge\u00e7irecek.<\/p>\n<span style=\"font-weight: bold; color: #f00;\">Error, group does not exist! Check your syntax! (ID: 52)<\/span>\n","protected":false},"excerpt":{"rendered":"<p>Yurtta hava durumu: \u0130stanbul ve \u0130zmir ya\u011fmurlu, Ankara karla kar\u0131\u015f\u0131k ya\u011fmurlu. \u0130\u00e7 ve do\u011fu b\u00f6lgelerde yer yer kar ya\u011f\u0131\u015f\u0131 bekleniyor.<\/p>\n","protected":false},"author":4,"featured_media":53399,"comment_status":"open","ping_status":"open","sticky":false,"template":"","format":"standard","meta":{"_acf_changed":false,"footnotes":""},"categories":[349,6805],"tags":[13991,46570,46568,14525],"class_list":["post-53398","post","type-post","status-publish","format-standard","has-post-thumbnail","hentry","category-son-dakika","category-turkiye","tag-hava-durumu","tag-hava-durumu-ankara","tag-hava-durumu-izmir","tag-istanbul-hava-durumu"],"acf":[],"_links":{"self":[{"href":"https:\/\/www.nationalturk.com\/tr\/wp-json\/wp\/v2\/posts\/53398","targetHints":{"allow":["GET"]}}],"collection":[{"href":"https:\/\/www.nationalturk.com\/tr\/wp-json\/wp\/v2\/posts"}],"about":[{"href":"https:\/\/www.nationalturk.com\/tr\/wp-json\/wp\/v2\/types\/post"}],"author":[{"embeddable":true,"href":"https:\/\/www.nationalturk.com\/tr\/wp-json\/wp\/v2\/users\/4"}],"replies":[{"embeddable":true,"href":"https:\/\/www.nationalturk.com\/tr\/wp-json\/wp\/v2\/comments?post=53398"}],"version-history":[{"count":0,"href":"https:\/\/www.nationalturk.com\/tr\/wp-json\/wp\/v2\/posts\/53398\/revisions"}],"wp:featuredmedia":[{"embeddable":true,"href":"https:\/\/www.nationalturk.com\/tr\/wp-json\/wp\/v2\/media\/53399"}],"wp:attachment":[{"href":"https:\/\/www.nationalturk.com\/tr\/wp-json\/wp\/v2\/media?parent=53398"}],"wp:term":[{"taxonomy":"category","embeddable":true,"href":"https:\/\/www.nationalturk.com\/tr\/wp-json\/wp\/v2\/categories?post=53398"},{"taxonomy":"post_tag","embeddable":true,"href":"https:\/\/www.nationalturk.com\/tr\/wp-json\/wp\/v2\/tags?post=53398"}],"curies":[{"name":"wp","href":"https:\/\/api.w.org\/{rel}","templated":true}]}}