{"id":53612,"date":"2010-12-30T14:26:12","date_gmt":"2010-12-30T12:26:12","guid":{"rendered":"http:\/\/www.nationalturk.com\/?p=53612"},"modified":"2010-12-30T14:26:12","modified_gmt":"2010-12-30T12:26:12","slug":"akyazi-haber-cinayet-katliam-video-301210","status":"publish","type":"post","link":"https:\/\/www.nationalturk.com\/tr\/akyazi-haber-cinayet-katliam-video-301210\/","title":{"rendered":"Akyaz\u0131&#8217;daki cinayetlerin detaylar\u0131 ortaya \u00e7\u0131kt\u0131 \/ Video Haber"},"content":{"rendered":"<h1><img loading=\"lazy\" decoding=\"async\" class=\"alignnone size-full wp-image-53613\" title=\"Akyaz\u0131&#039;da katliam\" src=\"http:\/\/www.nationalturk.com\/tr\/wp-content\/uploads\/2010\/12\/akyazi_cinayettt.jpg\" alt=\"\" width=\"470\" height=\"312\" srcset=\"https:\/\/www.nationalturk.com\/tr\/wp-content\/uploads\/2010\/12\/akyazi_cinayettt.jpg 470w, https:\/\/www.nationalturk.com\/tr\/wp-content\/uploads\/2010\/12\/akyazi_cinayettt-280x185.jpg 280w\" sizes=\"auto, (max-width: 470px) 100vw, 470px\" \/><\/h1>\n<h1>Sakarya&#8217;n\u0131n Akyaz\u0131 \u0130l\u00e7esi&#8217;nde \u00f6nce silahla \u00f6ld\u00fcr\u00fclen sonra da evleri ate\u015fe verilen Erol Y\u0131ld\u0131z (47), Hanife Y\u0131ld\u0131z (42), \u00d6zlem Y\u0131ld\u0131z (18) ve Elif Y\u0131ld\u0131z&#8217;\u0131n (12) katil zanl\u0131s\u0131 yakaland\u0131.<\/h1>\n<p>Erol Y\u0131ld\u0131z&#8217;\u0131n aralar\u0131nda miras tart\u0131\u015fmas\u0131 oldu\u011fu \u00f6ne s\u00fcr\u00fclen karde\u015fi Yakup Y\u0131ld\u0131z \u0130stanbul Sabiha G\u00f6k\u00e7en Havaliman\u0131nda Hollanda&#8217;ya gitmek \u00fczereyken katil zanl\u0131s\u0131 olarak g\u00f6zalt\u0131na al\u0131nd\u0131.<\/p>\n<p>Katliama sahne olan evde polis ekiplerinin yapt\u0131\u011f\u0131 incelemede Erol Y\u0131ld\u0131z ile a\u011fabeyi Yakup Y\u0131ld\u0131z aras\u0131nda 14 d\u00f6n\u00fcm arazinin sat\u0131\u015f\u0131 y\u00fcz\u00fcnden tart\u0131\u015fma \u00e7\u0131kt\u0131\u011f\u0131 ve cinayetlerin bu y\u00fczden i\u015flenebilece\u011finden \u015f\u00fcphe edildi.<\/p>\n<h2>AKYAZI KATL\u0130AMI NASIL GER\u00c7EKLE\u015eT\u0130?<\/h2>\n<p>Sakarya&#8217;n\u0131n Akyaz\u0131 il\u00e7esinde itfaiye ekipleri s\u0131radan bir yang\u0131n ihbar\u0131yla olay yerine gidiyordu. Ancak evin i\u00e7ine girdiklerinde katliam g\u00f6r\u00fcnt\u00fcs\u00fcyle kar\u015f\u0131la\u015ft\u0131lar.<\/p>\n<p>Evde Erol Y\u0131ld\u0131z, e\u015fi ve biri engelli 2 k\u0131z\u0131n\u0131n cesetleri bulundu. Yap\u0131lan ilk incelemede Y\u0131ld\u0131z ailesinin silahla vurularak \u00f6ld\u00fcr\u00fcld\u00fc\u011f\u00fc belirlendi. \u0130tfaiye ekibi de cinayetlerin i\u015flenmesinin ard\u0131ndan katil veya katillerin mutfak t\u00fcp\u00fcn\u00fcn vanas\u0131n\u0131 a\u00e7t\u0131ktan sonra olay yerinden uzakla\u015ft\u0131klar\u0131n\u0131 tespit etti.<\/p>\n<p>Katliam\u0131n fark\u0131na varan ise Akyaz\u0131 d\u0131\u015f\u0131nda \u00fcniversite e\u011fitimini s\u00fcrd\u00fcren ve y\u0131lba\u015f\u0131 tatiliyle babaoca\u011f\u0131na gelen o\u011ful Metin Y\u0131ld\u0131z oldu.<\/p>\n<p>Akyaz\u0131&#8217;da k\u0131rtasiyecilik yapan Erol Y\u0131ld\u0131z, tar\u0131mla da u\u011fra\u015f\u0131yordu. Arazisine yapt\u0131\u011f\u0131 ilkel teleferikle daha \u00f6nce haber b\u00fcltenlerine konu olan Erol Y\u0131ld\u0131z 42 ya\u015f\u0131ndaki e\u015fi Hanife Y\u0131ld\u0131z, 18 ya\u015f\u0131ndaki engelli k\u0131zlar\u0131 \u00d6zlem ve 12 ya\u015f\u0131ndaki k\u0131zlar\u0131 Elif, gece kimli\u011fi belirlenemeyen ki\u015filerce tabanca ile kur\u015fun ya\u011fmuruna tutularak \u00f6ld\u00fcr\u00fcld\u00fc.<\/p>\n<p>Silah sesleri kom\u015fular taraf\u0131ndan duyulmad\u0131. \u00c7\u00fcnk\u00fc katliam\u0131n ya\u015fand\u0131\u011f\u0131 ev mahallenin en uzak noktas\u0131ndayd\u0131 ve etraf\u0131nda ba\u015fka ev bulunmuyordu.<\/p>\n<p>Cesetleri bulan ise evin tek o\u011flu Metin Y\u0131ld\u0131z oldu. Akdeniz \u00dcniversitesi&#8217;nde e\u011fitimini s\u00fcrd\u00fcren Metin Y\u0131ld\u0131z sabah eve geldi\u011finde annesi, babas\u0131 ve iki k\u0131z karde\u015fini kanlar i\u00e7inde buldu.<\/p>\n<p>\u015eok ge\u00e7iren Metin Y\u0131ld\u0131z&#8217;a 112 acil ekipleri m\u00fcdahale ederken aile fertlerinin olay yerinde hayat\u0131n\u0131 kaybettikleri belirlendi.<\/p>\n[media id=923 width=610 height=340]\n<span style=\"font-weight: bold; color: #f00;\">Error, group does not exist! Check your syntax! (ID: 109)<\/span>\n","protected":false},"excerpt":{"rendered":"<p>Akyaz\u0131&#8217;da \u00f6nce silahla \u00f6ld\u00fcr\u00fclen sonra da evleri ate\u015fe verilen Erol Y\u0131ld\u0131z, Hanife Y\u0131ld\u0131z, \u00d6zlem Y\u0131ld\u0131z ve Elif Y\u0131ld\u0131z&#8217;\u0131n katil zanl\u0131s\u0131 yakaland\u0131.<\/p>\n","protected":false},"author":4,"featured_media":53613,"comment_status":"open","ping_status":"open","sticky":false,"template":"","format":"standard","meta":{"_acf_changed":false,"footnotes":""},"categories":[6155,349,6805,342],"tags":[23927,58214,58218,58217,58166,58216,58215],"class_list":["post-53612","post","type-post","status-publish","format-standard","has-post-thumbnail","hentry","category-gundem","category-son-dakika","category-turkiye","category-video","tag-akyazi","tag-akyazi-cinayet-video","tag-akyazi-cinayetleri","tag-akyazi-katliam","tag-erol-yildiz","tag-erol-yildiz-cinayet","tag-yakup-yildiz"],"acf":[],"_links":{"self":[{"href":"https:\/\/www.nationalturk.com\/tr\/wp-json\/wp\/v2\/posts\/53612","targetHints":{"allow":["GET"]}}],"collection":[{"href":"https:\/\/www.nationalturk.com\/tr\/wp-json\/wp\/v2\/posts"}],"about":[{"href":"https:\/\/www.nationalturk.com\/tr\/wp-json\/wp\/v2\/types\/post"}],"author":[{"embeddable":true,"href":"https:\/\/www.nationalturk.com\/tr\/wp-json\/wp\/v2\/users\/4"}],"replies":[{"embeddable":true,"href":"https:\/\/www.nationalturk.com\/tr\/wp-json\/wp\/v2\/comments?post=53612"}],"version-history":[{"count":0,"href":"https:\/\/www.nationalturk.com\/tr\/wp-json\/wp\/v2\/posts\/53612\/revisions"}],"wp:featuredmedia":[{"embeddable":true,"href":"https:\/\/www.nationalturk.com\/tr\/wp-json\/wp\/v2\/media\/53613"}],"wp:attachment":[{"href":"https:\/\/www.nationalturk.com\/tr\/wp-json\/wp\/v2\/media?parent=53612"}],"wp:term":[{"taxonomy":"category","embeddable":true,"href":"https:\/\/www.nationalturk.com\/tr\/wp-json\/wp\/v2\/categories?post=53612"},{"taxonomy":"post_tag","embeddable":true,"href":"https:\/\/www.nationalturk.com\/tr\/wp-json\/wp\/v2\/tags?post=53612"}],"curies":[{"name":"wp","href":"https:\/\/api.w.org\/{rel}","templated":true}]}}