{"id":53795,"date":"2011-01-02T18:32:52","date_gmt":"2011-01-02T16:32:52","guid":{"rendered":"http:\/\/www.nationalturk.com\/?p=53795"},"modified":"2022-08-26T13:07:35","modified_gmt":"2022-08-26T10:07:35","slug":"besiktas-yeni-transferler-simao-almeida-fernandes-istanbul-020111","status":"publish","type":"post","link":"https:\/\/www.nationalturk.com\/tr\/besiktas-yeni-transferler-simao-almeida-fernandes-istanbul-020111\/","title":{"rendered":"Be\u015fikta\u015f Simao, Almeida ile Fernandes&#8217;e kavu\u015ftu"},"content":{"rendered":"<h1><a href=\"http:\/\/www.nationalturk.com\/tr\/wp-content\/uploads\/2011\/01\/besiktasinyenitransferleri2-nationalturk-020111.jpg\"><img loading=\"lazy\" decoding=\"async\" class=\"alignleft size-medium wp-image-53797\" title=\"Be\u015fikta\u015f&#039;\u0131n Yeni Transferleri NationalTurk-020111\" src=\"http:\/\/www.nationalturk.com\/tr\/wp-content\/uploads\/2011\/01\/besiktasinyenitransferleri2-nationalturk-020111-280x187.jpg\" alt=\"\" width=\"280\" height=\"187\"><\/a>Be\u015fikta\u015f&#8217;\u0131n yeni transferleri Simao, Hugo Almeida ile Manuel Fernandes \u0130stanbul&#8217;a geldi.<\/h1>\n<p>Atat\u00fcrk Havaliman\u0131&#8217;nda futbolcular\u0131 \u00e7ok say\u0131da Be\u015fikta\u015f taraftar\u0131 kar\u015f\u0131lad\u0131. Portekiz&#8217;de bulunan \u00fc\u00e7 futbolcu ile birlikte Ricardo Quaresma da ba\u015fkan Y\u0131ld\u0131r\u0131m Demir\u00f6ren&#8217;in \u00f6zel u\u00e7a\u011f\u0131 ile \u0130stanbul&#8217;a indi.<\/p>\n<p>Guti, Quaresma gibi isimleri transfer ederek b\u00fcy\u00fck yank\u0131 uyand\u0131ran Be\u015fikta\u015f &#8216;\u0131n yeni transferleri de \u0130stanbul&#8217;a geldi.\u00a0Atletico Madrid&#8217;den Simao, Werder Bremen&#8217;den Hugo Almeida ile Valencia&#8217;dan Manuel Fernandes&#8217;i ta\u015f\u0131yan u\u00e7ak \u0130stanbul&#8217;a indi.<\/p>\n<h2>Be\u015fikta\u015f &#8216;\u0131n \u00fc\u00e7 y\u0131ld\u0131z\u0131 yar\u0131n aya\u011f\u0131n\u0131n tozuyla antrenmana \u00e7\u0131kacak<\/h2>\n<p>Be\u015fikta\u015f &#8216;\u0131n 3 y\u0131ld\u0131z futbolcusunu b\u00fcy\u00fck bir bas\u0131n ile taraftar ordusu kar\u015f\u0131larken ya\u015fanan izdiham nedeniyle havaliman\u0131n\u0131n camlar\u0131 bile k\u0131r\u0131ld\u0131.\u00a0Bu isimlere Be\u015fikta\u015f &#8216;\u0131n di\u011fer Portekizli y\u0131ld\u0131z\u0131 Ricardo Quaresma da e\u015flik etti. \u00dc\u00e7 oyuncu kar\u015f\u0131lama t\u00f6reni sonras\u0131, pazartesi g\u00fcn\u00fc ayaklar\u0131n\u0131n tozuyla, \u00dcmraniye Nevzat Demir Tesisleri\u2019nde antrenmana \u00e7\u0131kacak.<\/p>\n<p>Be\u015fikta\u015f Y\u00f6netimi, \u00fc\u00e7 oyuncu i\u00e7in bir de imza t\u00f6reni d\u00fczenlemeyi planl\u0131yor. Ancak t\u00f6renin ne zaman olaca\u011f\u0131 hen\u00fcz netlik kazanmad\u0131.\u00a0Be\u015fikta\u015f &#8216;\u0131n yeni transferleri Simao ile Almeida, yar\u0131n sabah saatlerinde Ac\u0131badem Maslak Hastanesi&#8217;nde sa\u011fl\u0131k kontrol\u00fcnden ge\u00e7ecek.<\/p>\n<!-- Error, Advert is not available at this time due to schedule\/geolocation restrictions! -->\n<!-- Error, Advert is not available at this time due to schedule\/geolocation restrictions! -->\n","protected":false},"excerpt":{"rendered":"<p>Simao, Almeida ile Fernandes \u0130stanbul&#8217;da<\/p>\n","protected":false},"author":28,"featured_media":53798,"comment_status":"open","ping_status":"open","sticky":false,"template":"","format":"standard","meta":{"_acf_changed":false,"footnotes":""},"categories":[6774,5005,6667,349,6194],"tags":[1748,55469,58360,23661,58256,31122,55462,31124,2269],"class_list":["post-53795","post","type-post","status-publish","format-standard","has-post-thumbnail","hentry","category-futbol","category-manset","category-medya","category-son-dakika","category-spor","tag-besiktas","tag-besiktas-almeida","tag-besiktas-fernandes","tag-besiktas-quaresma","tag-besiktas-simao","tag-hugo-almeida","tag-manuel-fernandes","tag-simao-sabrosa","tag-yildirim-demiroren"],"acf":[],"_links":{"self":[{"href":"https:\/\/www.nationalturk.com\/tr\/wp-json\/wp\/v2\/posts\/53795","targetHints":{"allow":["GET"]}}],"collection":[{"href":"https:\/\/www.nationalturk.com\/tr\/wp-json\/wp\/v2\/posts"}],"about":[{"href":"https:\/\/www.nationalturk.com\/tr\/wp-json\/wp\/v2\/types\/post"}],"author":[{"embeddable":true,"href":"https:\/\/www.nationalturk.com\/tr\/wp-json\/wp\/v2\/users\/28"}],"replies":[{"embeddable":true,"href":"https:\/\/www.nationalturk.com\/tr\/wp-json\/wp\/v2\/comments?post=53795"}],"version-history":[{"count":0,"href":"https:\/\/www.nationalturk.com\/tr\/wp-json\/wp\/v2\/posts\/53795\/revisions"}],"wp:featuredmedia":[{"embeddable":true,"href":"https:\/\/www.nationalturk.com\/tr\/wp-json\/wp\/v2\/media\/53798"}],"wp:attachment":[{"href":"https:\/\/www.nationalturk.com\/tr\/wp-json\/wp\/v2\/media?parent=53795"}],"wp:term":[{"taxonomy":"category","embeddable":true,"href":"https:\/\/www.nationalturk.com\/tr\/wp-json\/wp\/v2\/categories?post=53795"},{"taxonomy":"post_tag","embeddable":true,"href":"https:\/\/www.nationalturk.com\/tr\/wp-json\/wp\/v2\/tags?post=53795"}],"curies":[{"name":"wp","href":"https:\/\/api.w.org\/{rel}","templated":true}]}}