{"id":53912,"date":"2011-01-03T16:12:54","date_gmt":"2011-01-03T14:12:54","guid":{"rendered":"http:\/\/www.nationalturk.com\/?p=53912"},"modified":"2011-01-03T16:12:54","modified_gmt":"2011-01-03T14:12:54","slug":"aziz-beye-acik-mektup","status":"publish","type":"post","link":"https:\/\/www.nationalturk.com\/tr\/aziz-beye-acik-mektup\/","title":{"rendered":"Aziz Bey&#8217;e a\u00e7\u0131k mektup"},"content":{"rendered":"<p><a href=\"http:\/\/www.nationalturk.com\/tr\/wp-content\/uploads\/2011\/01\/aziz-yildirim.jpg\"><img loading=\"lazy\" decoding=\"async\" class=\"alignleft size-full wp-image-53913\" title=\"aziz yildirim\" src=\"http:\/\/www.nationalturk.com\/tr\/wp-content\/uploads\/2011\/01\/aziz-yildirim.jpg\" alt=\"\" width=\"360\" height=\"281\" srcset=\"https:\/\/www.nationalturk.com\/tr\/wp-content\/uploads\/2011\/01\/aziz-yildirim.jpg 360w, https:\/\/www.nationalturk.com\/tr\/wp-content\/uploads\/2011\/01\/aziz-yildirim-280x218.jpg 280w\" sizes=\"auto, (max-width: 360px) 100vw, 360px\" \/><\/a>Ak\u015fam gazetesi yazar\u0131 Deniz G\u00f6k\u00e7e Fenerbah\u00e7e ba\u015fkan\u0131 Aziz Y\u0131ld\u0131r\u0131m&#8217;a y\u00f6nelik bir yaz\u0131 kaleme ald\u0131. G\u00f6k\u00e7e &#8220;Aziz Bey&#8217;e a\u00e7\u0131k mektup&#8221; ba\u015fl\u0131\u011f\u0131n\u0131 kullan\u0131rken Fenerbah\u00e7e&#8217;nin de Galatasaray ve Trabzonspor gibi yanl\u0131\u015f \u015firketle\u015fti\u011fini dile getirdi. \u0130\u015fte Deniz G\u00f6k\u00e7e&#8217;nin yaz\u0131s\u0131; &#8221;<\/p>\n<h1>Aziz Bey&#8217;e a\u00e7\u0131k mektup<\/h1>\n<p>Bu yaz\u0131y\u0131 \u00fcz\u00fclerek yaz\u0131yorum. Fenerbah\u00e7e 1907 y\u0131l\u0131nda kurulmu\u015f uzun ge\u00e7mi\u015fi, tarihi ve itibar\u0131 olan bir sosyal kurumdur. Hem de milyonlarca taraftar\u0131 olan b\u00fcy\u00fck bir sosyal kurumdur. Ancak teknik olarak bir dernektir ama derne\u011fin sahip oldu\u011fu, halka a\u00e7\u0131k olan ve olmayan \u015firketler de vard\u0131r. Ama esas olan dernektir. Derneklerde ba\u015fkanlar, dernek \u00fcyelerine genel kurullarda ve mali kongrelerde hesap verirler. Dernekler SPK kurallar\u0131yla de\u011fil derneklere mahsus yasalarla y\u00f6netilirler. Derneklerin \u015firketleri ise anonim \u015firket ile ili\u015fkili yasalar, SPK kanunu ve di\u011fer ticari kanuni d\u00fczenlemelerle hareket ederler. Fenerbah\u00e7e Spor Kul\u00fcb\u00fc Derne\u011fi Ba\u015fkan\u0131 Aziz Y\u0131ld\u0131r\u0131m ve arkada\u015flar\u0131 kul\u00fcbe bir\u00e7ok birinci s\u0131n\u0131f tesis kazand\u0131rm\u0131\u015f, zaman, emek ve para harcam\u0131\u015flard\u0131r. Ama y\u00f6netim bir\u00e7ok da mali ve sportif hata yapm\u0131\u015ft\u0131r. Asl\u0131nda en b\u00fcy\u00fck hatalar\u0131 medya ili\u015fkilerindedir. Dernekler \u00fcye ve taraftarlar\u0131n\u0131n \u00e7o\u011funlu\u011funu ancak bas\u0131n yoluyla bilgilendirir. Aziz Y\u0131ld\u0131r\u0131m ve y\u00f6netici arkada\u015flar\u0131 medya mensuplar\u0131n\u0131 kendisini rahats\u0131z etmeyecekler ve tats\u0131z soru soracaklar diye ikiye ay\u0131r\u0131r ve beyanatlar\u0131n\u0131 sadece bizden kategorisindekilere verirler. Ba\u015fkan&#8217;\u0131n U\u011fur D\u00fcndar&#8217;a beyanat vermesi ve U\u011fur D\u00fcndar&#8217;\u0131n da kul\u00fcb\u00fcn maddi durumu ile ilgili soru sormamas\u0131 \u00fcz\u00fcc\u00fc bir yakla\u015f\u0131md\u0131r. Benzer \u015fekilde Fenerbah\u00e7e&#8217;nin ger\u00e7ek bilan\u00e7osu, ger\u00e7ek gelir gider tablosu, ger\u00e7ek bor\u00e7 toplam\u0131 ve bunlar\u0131n Deloitte taraf\u0131ndan denetlenip denetlenmedi\u011fi konusu g\u00fcndeme geldi\u011finde Murat \u00d6zayd\u0131nl\u0131 taraf\u0131ndan ger\u00e7ekle\u015ftirilen bas\u0131n toplant\u0131s\u0131nda ise tek bir soru sorma hakk\u0131 verilmeden salondan ayr\u0131l\u0131nmas\u0131 da inan\u0131lmazd\u0131r. Camiaya yak\u0131\u015fmayan bu davran\u0131\u015flar\u0131n son ve ac\u0131 \u00f6rne\u011fi de bir hukuk\u00e7u, ger\u00e7ek ve duayen Fenerbah\u00e7eli Kerim Kerimo\u011flu&#8217;na lay\u0131k g\u00f6r\u00fclen yakla\u015f\u0131md\u0131r.<\/p>\n<p>Bug\u00fcn \u0130spanyol, \u0130talyan ve \u0130ngiliz ligleri e\u011fer ticari i\u015fletme gibi de\u011ferlendirilseler, t\u00fcm ligin ve t\u00fcm tak\u0131mlar\u0131n iflas\u0131 istenirdi. Avrupa&#8217;da sadece Almanya ve Fransa ligleri mali olarak ayaktad\u0131r. \u0130ngiltere&#8217;de Manchester United \u00e7o\u011funluk hisselerini bir ABD&#8217;li aileye satm\u0131\u015f ve b\u00f6ylece M.U. 600 milyon sterlini a\u015fm\u0131\u015f bor\u00e7 alt\u0131na sokulmu\u015f, Christiano Ronaldo&#8217;yu satmaya mecbur kalm\u0131\u015ft\u0131r.<\/p>\n<p>Barcelona&#8217;da ise Ba\u015fkan Laporta ayr\u0131ld\u0131ktan sonra Laporta&#8217;n\u0131n mali tablolarda ger\u00e7ek say\u0131lar\u0131 gizledi\u011fi, kul\u00fcb\u00fcn ciddi zarar i\u00e7inde oldu\u011fu anla\u015f\u0131lm\u0131\u015f ve \u015fampiyonluklar \u00fcreten ba\u015fkan mahkemelik olmu\u015ftur. Bu zararlar sonras\u0131nda da bug\u00fcne kadar sponsor almayan Katalan tak\u0131m\u0131, Katar Emiri taraf\u0131ndan verilen sponsorluk teklifini tarihinde ilk defa kabul etmi\u015ftir.<\/p>\n<p>Fenerbah\u00e7e Ba\u015fkan\u0131&#8217;n\u0131n verdi\u011fi beyanatta s\u00f6yledi\u011fi tek mali \u015fey &#8216;Kul\u00fcb\u00fcn b\u00fct\u00e7esinin 250 milyona geldi\u011fi&#8217; s\u00f6z\u00fcd\u00fcr. Say\u0131n Ba\u015fkan, b\u00fct\u00e7e derken sadece harcama taraf\u0131ndan bahsediyorsunuz. Gelirleri ve zararlar\u0131 konu\u015fmuyorsunuz. 2009&#8217;da k\u00fcm\u00fclatif zararlar en az\u0131ndan 80-90 milyona gelmi\u015ftir. Fenerbah\u00e7e&#8217;nin olmayan stad\u0131n \u00fcst\u00fcne yap\u0131lan 100 milyonluk in\u015faat\u0131n muhasebele\u015ftirilmesi ve stad\u0131n uzun vadeli kiras\u0131ndan gelecek potansiyel gelirin \u00f6nce ileriye g\u00f6t\u00fcr\u00fcl\u00fcp sonra da \u0131skonto edilirken kullan\u0131lan gelir b\u00fcy\u00fcme tahmini oranlar\u0131 ve \u0131skonto oranlar\u0131 da \u00fcyelere ve kamuoyuna a\u00e7\u0131klanmamakta. Bunlar\u0131 bilmek derne\u011fin \u00fcyelerinin ve \u015firketlerdeki hissedarlar\u0131n temel hakk\u0131d\u0131r. Gelir gider tablosundaki ziyanlar\u0131n k\u00fcm\u00fclatif toplamlar\u0131n\u0131n ger\u00e7ek b\u00fcy\u00fckl\u00fckleri UEFA&#8217;ya ve federasyona verilen ve gizli bilan\u00e7olarda bizim tahminimize g\u00f6re 80-100 milyon TL aras\u0131ndad\u0131r. Bilan\u00e7olarda kul\u00fcb\u00fcn k\u0131sa vadeli borcu \u00fcyelere da\u011f\u0131t\u0131lan 2009 y\u0131lsonu tablolar\u0131nda 41 milyon ve uzun vadeli bor\u00e7lar da 384 milyon TL idi. Tahminimize g\u00f6re UEFA ve TFF&#8217;ye verilen bilan\u00e7olarda hem k\u0131sa vadeli hem de uzun vadeli bor\u00e7 150&#8217;\u015fer milyonu a\u015fan boyutta. \u00d6zetle \u00f6zvarl\u0131\u011f\u0131n eksi olmas\u0131 bir muhasebe kayd\u0131yla (de\u011fer art\u0131\u015f\u0131) \u015fimdilik art\u0131ya \u00e7evrilmi\u015ftir.<\/p>\n<p>Sportif ba\u015far\u0131n\u0131n Ajax veya Barselona veya Lyon gibi altyap\u0131dan gelen oyuncularla ger\u00e7ekle\u015fece\u011fi ilkesinden k\u0131sa vadede ba\u015far\u0131 elde etmek i\u00e7in vazge\u00e7ilmi\u015f ve bir transfer furyas\u0131 ya\u015fanm\u0131\u015ft\u0131r. \u00dcstelik Fenerbah\u00e7e de aynen Galatasaray ve Trabzonspor gibi hatal\u0131 \u015firketle\u015fme yapm\u0131\u015f ve halka a\u00e7\u0131lmadan elde etti\u011fi gelir, \u00f6dedi\u011fi temett\u00fclerin fersah fersah alt\u0131nda kalm\u0131\u015ft\u0131r. Bir tek Be\u015fikta\u015f kar \u00fczerinden temett\u00fc da\u011f\u0131tarak do\u011fru \u015firketle\u015fme yapm\u0131\u015f, ama yanl\u0131\u015f transfer politikalar\u0131 sonucu dev bor\u00e7 ve vergiler nedeniyle devlet taraf\u0131ndan kurtar\u0131lmay\u0131 beklemektedir. Galatasaray ise hatal\u0131 \u015firketle\u015fmenin \u00e7\u00f6z\u00fcm\u00fcn\u00fc, QVT&#8217;den hisseleri zorla geri almakta g\u00f6rm\u00fc\u015ft\u00fcr. Fenerbah\u00e7e Ba\u015fkan\u0131 halka a\u00e7\u0131lan kul\u00fcb\u00fcn \u015firketinin de\u011ferinin 1 milyar dolar oldu\u011funu beyan etmektedir, ama bu da \u00e7ok ilgin\u00e7. Kul\u00fcb\u00fcn hisselerinin ancak yedide biri halka a\u00e7\u0131kt\u0131r. Ba\u015fkan \u015fu andaki piyasa de\u011ferini yedi ile \u00e7arpmaktad\u0131r. Aziz Bey kul\u00fcb\u00fcn hisselerini veya \u00e7o\u011funluk hisselerini mi satacak? Satmaya kalksa fiyat ayn\u0131 m\u0131 kal\u0131r? M.United ve Liverpool&#8217;un durumu g\u00f6r\u00fclm\u00fcyor mu?<\/p>\n<p>Daha da sportif ba\u015far\u0131 konusunu tart\u0131\u015fmad\u0131k!<\/p>\n<!-- Error, Advert is not available at this time due to schedule\/geolocation restrictions! -->\n","protected":false},"excerpt":{"rendered":"<p>Ak\u015fam gazetesi yazar\u0131 Deniz G\u00f6k\u00e7e Fenerbah\u00e7e ba\u015fkan\u0131 Aziz Y\u0131ld\u0131r\u0131m&#8217;a y\u00f6nelik bir yaz\u0131 kaleme ald\u0131.<\/p>\n","protected":false},"author":4,"featured_media":53913,"comment_status":"open","ping_status":"open","sticky":false,"template":"","format":"standard","meta":{"_acf_changed":false,"footnotes":""},"categories":[6199,5005],"tags":[23063,8859,2174,195975,5058,1038,1748,3401,58433,58434,10677,58435,58436,17,4114,1874,56658,6331,23833,9965,58437,26853,6477,4117,847,15532],"class_list":["post-53912","post","type-post","status-publish","format-standard","has-post-thumbnail","hentry","category-ekonomi","category-manset","tag-ajax","tag-aksam-gazetesi","tag-almanya","tag-avrupa","tag-aziz-yildirim","tag-barcelona","tag-besiktas","tag-cristiano-ronaldo","tag-deniz-gokce","tag-dernek","tag-fenerbahce-baskani","tag-fenerbahce-spor-kulubu-dernegi-baskani-aziz-yildirim","tag-fenerbahceli-kerim-kerimoglu","tag-fransa","tag-galatasaray","tag-ingiltere","tag-laporta","tag-liverpool","tag-lyon","tag-manchester-united","tag-qvt","tag-spk","tag-tff","tag-trabzonspor","tag-uefa","tag-ugur-dundar"],"acf":[],"_links":{"self":[{"href":"https:\/\/www.nationalturk.com\/tr\/wp-json\/wp\/v2\/posts\/53912","targetHints":{"allow":["GET"]}}],"collection":[{"href":"https:\/\/www.nationalturk.com\/tr\/wp-json\/wp\/v2\/posts"}],"about":[{"href":"https:\/\/www.nationalturk.com\/tr\/wp-json\/wp\/v2\/types\/post"}],"author":[{"embeddable":true,"href":"https:\/\/www.nationalturk.com\/tr\/wp-json\/wp\/v2\/users\/4"}],"replies":[{"embeddable":true,"href":"https:\/\/www.nationalturk.com\/tr\/wp-json\/wp\/v2\/comments?post=53912"}],"version-history":[{"count":0,"href":"https:\/\/www.nationalturk.com\/tr\/wp-json\/wp\/v2\/posts\/53912\/revisions"}],"wp:featuredmedia":[{"embeddable":true,"href":"https:\/\/www.nationalturk.com\/tr\/wp-json\/wp\/v2\/media\/53913"}],"wp:attachment":[{"href":"https:\/\/www.nationalturk.com\/tr\/wp-json\/wp\/v2\/media?parent=53912"}],"wp:term":[{"taxonomy":"category","embeddable":true,"href":"https:\/\/www.nationalturk.com\/tr\/wp-json\/wp\/v2\/categories?post=53912"},{"taxonomy":"post_tag","embeddable":true,"href":"https:\/\/www.nationalturk.com\/tr\/wp-json\/wp\/v2\/tags?post=53912"}],"curies":[{"name":"wp","href":"https:\/\/api.w.org\/{rel}","templated":true}]}}