{"id":54095,"date":"2011-01-04T15:46:22","date_gmt":"2011-01-04T13:46:22","guid":{"rendered":"http:\/\/www.nationalturk.com\/?p=54095"},"modified":"2022-08-26T12:39:34","modified_gmt":"2022-08-26T09:39:34","slug":"aziz-yildirim-seyrantepe-turk-telekom-arena-4012011","status":"publish","type":"post","link":"https:\/\/www.nationalturk.com\/tr\/aziz-yildirim-seyrantepe-turk-telekom-arena-4012011\/","title":{"rendered":"Fla\u015f! Aziz Y\u0131ld\u0131r\u0131m Seyrantepe T\u00fcrk Telekom Arena&#8217;da"},"content":{"rendered":"<h1><img loading=\"lazy\" decoding=\"async\" class=\"alignleft size-medium wp-image-54100\" src=\"http:\/\/www.nationalturk.com\/tr\/wp-content\/uploads\/2011\/01\/aziz_seyrantepe-280x166.jpg\" alt=\"\" width=\"280\" height=\"166\" title=\"\" srcset=\"https:\/\/www.nationalturk.com\/tr\/wp-content\/uploads\/2011\/01\/aziz_seyrantepe-280x166.jpg 280w, https:\/\/www.nationalturk.com\/tr\/wp-content\/uploads\/2011\/01\/aziz_seyrantepe.jpg 320w\" sizes=\"auto, (max-width: 280px) 100vw, 280px\" \/>Fenerbah\u00e7e Ba\u015fkan\u0131 Aziz Y\u0131ld\u0131r\u0131m, aralar\u0131nda Be\u015fikta\u015f Ba\u015fkan\u0131 Y\u0131ld\u0131r\u0131m Demir\u00f6ren&#8217;in de bulundu\u011fu Kul\u00fcpler Birli\u011fi \u00fcyeleriyle birlikte Galatasaray&#8217;\u0131n yeni stad\u0131 T\u00fcrk Telekom Arena&#8217;y\u0131 gezdi.<\/h1>\n<p>Aziz Y\u0131ld\u0131r\u0131m, Y\u0131ld\u0131r\u0131m Demir\u00f6ren, Adnan Polat ve di\u011fer ba\u015fkanlar stadyumda hat\u0131ra foto\u011fraf\u0131 \u00e7ektirdi.<\/p>\n<p>Aziz Y\u0131ld\u0131r\u0131m T\u00fcrk Telekom Arena Stadyumu\u2019nu gezerken stad\u0131n yap\u0131m\u0131 hakk\u0131nda bilgi ald\u0131.<\/p>\n<p>Ziyarete Aziz Y\u0131ld\u0131r\u0131m&#8217;\u0131n yan\u0131 s\u0131ra Be\u015fikta\u015f Ba\u015fkan\u0131 Y\u0131ld\u0131r\u0131m Demir\u00f6ren, Galatasaray Ba\u015fkan\u0131 Adnan Polat, Bursaspor Ba\u015fkan\u0131 \u0130brahim Yaz\u0131c\u0131, \u0130stanbul B\u00fcy\u00fck\u015fehir Belediyespor Ba\u015fkan\u0131 G\u00f6ksel G\u00fcm\u00fc\u015fda\u011f, Genlerbirli\u011fi Ba\u015fkan\u0131 \u0130lhan Cavcav ve Kas\u0131mpa\u015fa Kul\u00fcb\u00fc Ba\u015fkan\u0131 Hasan Hilmi \u00d6ks\u00fcz de haz\u0131r bulundu.<\/p>\n<!-- Error, Advert is not available at this time due to schedule\/geolocation restrictions! -->\n","protected":false},"excerpt":{"rendered":"<p>Aziz Y\u0131ld\u0131r\u0131m, aralar\u0131nda Y\u0131ld\u0131r\u0131m Demir\u00f6ren&#8217;in de bulundu\u011fu Kul\u00fcpler Birli\u011fi \u00fcyeleriyle birlikte Galatasaray&#8217;\u0131n yeni stad\u0131 T\u00fcrk Telekom Arena&#8217;y\u0131 gezdi.<\/p>\n","protected":false},"author":4,"featured_media":54100,"comment_status":"open","ping_status":"open","sticky":false,"template":"","format":"standard","meta":{"_acf_changed":false,"footnotes":""},"categories":[6774,1],"tags":[5058,58551,58549,1748,849,4114,2269],"class_list":["post-54095","post","type-post","status-publish","format-standard","has-post-thumbnail","hentry","category-futbol","category-nationalturk","tag-aziz-yildirim","tag-aziz-yildirim-seyrantepe","tag-aziz-yildirim-turk-telekom-arena","tag-besiktas","tag-fenerbahce","tag-galatasaray","tag-yildirim-demiroren"],"acf":[],"_links":{"self":[{"href":"https:\/\/www.nationalturk.com\/tr\/wp-json\/wp\/v2\/posts\/54095","targetHints":{"allow":["GET"]}}],"collection":[{"href":"https:\/\/www.nationalturk.com\/tr\/wp-json\/wp\/v2\/posts"}],"about":[{"href":"https:\/\/www.nationalturk.com\/tr\/wp-json\/wp\/v2\/types\/post"}],"author":[{"embeddable":true,"href":"https:\/\/www.nationalturk.com\/tr\/wp-json\/wp\/v2\/users\/4"}],"replies":[{"embeddable":true,"href":"https:\/\/www.nationalturk.com\/tr\/wp-json\/wp\/v2\/comments?post=54095"}],"version-history":[{"count":0,"href":"https:\/\/www.nationalturk.com\/tr\/wp-json\/wp\/v2\/posts\/54095\/revisions"}],"wp:featuredmedia":[{"embeddable":true,"href":"https:\/\/www.nationalturk.com\/tr\/wp-json\/wp\/v2\/media\/54100"}],"wp:attachment":[{"href":"https:\/\/www.nationalturk.com\/tr\/wp-json\/wp\/v2\/media?parent=54095"}],"wp:term":[{"taxonomy":"category","embeddable":true,"href":"https:\/\/www.nationalturk.com\/tr\/wp-json\/wp\/v2\/categories?post=54095"},{"taxonomy":"post_tag","embeddable":true,"href":"https:\/\/www.nationalturk.com\/tr\/wp-json\/wp\/v2\/tags?post=54095"}],"curies":[{"name":"wp","href":"https:\/\/api.w.org\/{rel}","templated":true}]}}