{"id":54867,"date":"2011-01-06T14:03:14","date_gmt":"2011-01-06T12:03:14","guid":{"rendered":"http:\/\/www.nationalturk.com\/?p=54867"},"modified":"2011-01-06T14:03:14","modified_gmt":"2011-01-06T12:03:14","slug":"sozlesmeli-er-son-dakika-6012011","status":"publish","type":"post","link":"https:\/\/www.nationalturk.com\/tr\/sozlesmeli-er-son-dakika-6012011\/","title":{"rendered":"S\u00f6zle\u015fmeli er konusunda Bakan G\u00f6n\u00fcl&#8217;den a\u00e7\u0131klama"},"content":{"rendered":"<h1><img loading=\"lazy\" decoding=\"async\" class=\"alignleft size-medium wp-image-54872\" src=\"http:\/\/www.nationalturk.com\/tr\/wp-content\/uploads\/2011\/01\/asker_operasyonnnn-280x142.jpg\" alt=\"\" width=\"280\" height=\"142\" title=\"\" srcset=\"https:\/\/www.nationalturk.com\/tr\/wp-content\/uploads\/2011\/01\/asker_operasyonnnn-280x142.jpg 280w, https:\/\/www.nationalturk.com\/tr\/wp-content\/uploads\/2011\/01\/asker_operasyonnnn.jpeg 590w\" sizes=\"auto, (max-width: 280px) 100vw, 280px\" \/>S\u00f6zle\u015fmeli Er Yasas\u0131nda Yeni Geli\u015fme \/ Milli Savunma Bakan\u0131 Vecdi G\u00f6n\u00fcl, s\u00f6zle\u015fmeli er konusunda a\u00e7\u0131klamalarda bulundu.<\/h1>\n<p>Milli Savunma Bakan\u0131 Vecdi G\u00f6n\u00fcl s\u00f6zle\u015fmeli er istihdam\u0131 konusunda sosyal g\u00fcvenlik sorununun \u00e7\u00f6z\u00fcld\u00fc\u011f\u00fcn\u00fc ifade ederek konunun Bakanlar Kurulu&#8217;nda g\u00f6r\u00fc\u015f\u00fclece\u011fini bildirdi.<\/p>\n<p>Milli Savunma Komisyonu toplant\u0131s\u0131 \u00f6ncesinde s\u00f6zle\u015fmeli er ile ilgili olarak bas\u0131n mensuplar\u0131n\u0131n sorular\u0131n\u0131 yan\u0131tlayan Bakan Vecdi G\u00f6n\u00fcl, s\u00f6zle\u015fmeli er istihdam\u0131 konusuyla ilgili t\u00fcm p\u00fcr\u00fczleri a\u015ft\u0131klar\u0131n\u0131 vurgulayarak &#8220;Sorunlar\u0131 s\u00f6zle\u015fmeli er lehine getirdik.\u00a0\u0130kramiye ile  ilgili \u00e7al\u0131\u015fma da tamamland\u0131. Yar\u0131n ak\u015fam metni a\u00e7\u0131klar\u0131z&#8221; diye konu\u015ftu.<\/p>\n<span style=\"font-weight: bold; color: #f00;\">Error, group does not exist! Check your syntax! (ID: 51)<\/span>\n","protected":false},"excerpt":{"rendered":"<p>S\u00f6zle\u015fmeli Er Yasas\u0131nda Yeni Geli\u015fme \/ Milli Savunma Bakan\u0131 Vecdi G\u00f6n\u00fcl, s\u00f6zle\u015fmeli er konusunda a\u00e7\u0131klamalarda bulundu.<\/p>\n","protected":false},"author":4,"featured_media":54872,"comment_status":"open","ping_status":"open","sticky":false,"template":"","format":"standard","meta":{"_acf_changed":false,"footnotes":""},"categories":[6155,5005,6202,349,6805],"tags":[53279,57972,57973,11972,58732],"class_list":["post-54867","post","type-post","status-publish","format-standard","has-post-thumbnail","hentry","category-gundem","category-manset","category-politika","category-son-dakika","category-turkiye","tag-sozlesmeli-er","tag-sozlesmeli-er-detaylari","tag-sozlesmeli-er-yasa-tasarisi","tag-vecdi-gonul","tag-vecdi-gonul-sozlesmeli-er-aciklamasi"],"acf":[],"_links":{"self":[{"href":"https:\/\/www.nationalturk.com\/tr\/wp-json\/wp\/v2\/posts\/54867","targetHints":{"allow":["GET"]}}],"collection":[{"href":"https:\/\/www.nationalturk.com\/tr\/wp-json\/wp\/v2\/posts"}],"about":[{"href":"https:\/\/www.nationalturk.com\/tr\/wp-json\/wp\/v2\/types\/post"}],"author":[{"embeddable":true,"href":"https:\/\/www.nationalturk.com\/tr\/wp-json\/wp\/v2\/users\/4"}],"replies":[{"embeddable":true,"href":"https:\/\/www.nationalturk.com\/tr\/wp-json\/wp\/v2\/comments?post=54867"}],"version-history":[{"count":0,"href":"https:\/\/www.nationalturk.com\/tr\/wp-json\/wp\/v2\/posts\/54867\/revisions"}],"wp:featuredmedia":[{"embeddable":true,"href":"https:\/\/www.nationalturk.com\/tr\/wp-json\/wp\/v2\/media\/54872"}],"wp:attachment":[{"href":"https:\/\/www.nationalturk.com\/tr\/wp-json\/wp\/v2\/media?parent=54867"}],"wp:term":[{"taxonomy":"category","embeddable":true,"href":"https:\/\/www.nationalturk.com\/tr\/wp-json\/wp\/v2\/categories?post=54867"},{"taxonomy":"post_tag","embeddable":true,"href":"https:\/\/www.nationalturk.com\/tr\/wp-json\/wp\/v2\/tags?post=54867"}],"curies":[{"name":"wp","href":"https:\/\/api.w.org\/{rel}","templated":true}]}}