{"id":54991,"date":"2011-01-07T10:40:31","date_gmt":"2011-01-07T08:40:31","guid":{"rendered":"http:\/\/www.nationalturk.com\/?p=54991"},"modified":"2023-08-11T17:10:11","modified_gmt":"2023-08-11T14:10:11","slug":"sedat-sahin-tahliye-7012011","status":"publish","type":"post","link":"https:\/\/www.nationalturk.com\/tr\/sedat-sahin-tahliye-7012011\/","title":{"rendered":"Sedat \u015eahin tahliye edildi, ya\u015fananlar \u015fa\u015f\u0131rtt\u0131!"},"content":{"rendered":"<h1><img loading=\"lazy\" decoding=\"async\" class=\"alignleft size-medium wp-image-54116\" title=\"Sedat \u015eahin \/ Ar\u015fiv\" src=\"http:\/\/www.nationalturk.com\/tr\/wp-content\/uploads\/2011\/01\/sedat_sahin-280x203.jpg\" alt=\"\" width=\"280\" height=\"203\" srcset=\"https:\/\/www.nationalturk.com\/tr\/wp-content\/uploads\/2011\/01\/sedat_sahin-280x203.jpg 280w, https:\/\/www.nationalturk.com\/tr\/wp-content\/uploads\/2011\/01\/sedat_sahin.jpg 300w\" sizes=\"auto, (max-width: 280px) 100vw, 280px\" \/>Sedat \u015eahin tahliye oldu \/ Kocaeli Kand\u0131ra F Tipi Cezaevi\u2019nde tutuklu bulunan Sedat \u015eahin tahliye edildi. \u015eahin, \u00e7\u0131kar ama\u00e7l\u0131 su\u00e7 \u00f6rg\u00fct\u00fc kurmak iddias\u0131 ile yarg\u0131lan\u0131yor.<\/h1>\n<p>2011 y\u0131l\u0131 ile birlikte y\u00fcr\u00fcrl\u00fc\u011fe giren 5271 say\u0131l\u0131 Ceza Muhakemesi Kanunu&#8217;nun (CMK) 102. maddesi gere\u011fince sal\u0131verilen Sedat \u015eahin tahliye s\u0131ras\u0131nda \u00e7ok say\u0131da yak\u0131n\u0131 taraf\u0131ndan kar\u015f\u0131land\u0131.<\/p>\n<p>Sedat \u015eahin tahliye sonras\u0131 kendisini bekleyenleri selamlad\u0131ktan sonra z\u0131rhl\u0131 bir ara\u00e7la \u0130zmit&#8217;te bir et lokantas\u0131na gitti. Sedat \u015eahin&#8217;e yakla\u015f\u0131k 50 ara\u00e7l\u0131k bir konvoy e\u015flik etti.<\/p>\n<h2>Sedat \u015eahin tahliye edildi! M\u00fcebbet hapsi isteniyor<\/h2>\n<p>\u015eahin, taamm\u00fcden adam \u00f6ld\u00fcrmeye azmettirmek, \u00e7\u0131kar ama\u00e7l\u0131 su\u00e7 \u00f6rg\u00fct\u00fc kurmak ve y\u00f6netmek ile gasp su\u00e7lar\u0131ndan dolay\u0131 2005 y\u0131l\u0131ndan bu yana tutuklu yarg\u0131lan\u0131yordu. \u0130ddianamede Sedat \u015eahin&#8217;in a\u011f\u0131r m\u00fcebbet hapsi isteniyor.<\/p>\n<p>Davan\u0131n g\u00f6r\u00fcld\u00fc\u011f\u00fc \u0130stanbul 9. A\u011f\u0131r Ceza Mahkemesi, dava dosyas\u0131 ile Kad\u0131k\u00f6y&#8217;de bir oto galerisinin kur\u015funlanmas\u0131 ve Kanber Ocakl\u0131&#8217;n\u0131n ka\u00e7\u0131r\u0131larak gasp edilmesi olaylar\u0131na ili\u015fkin a\u00e7\u0131lan dava dosyas\u0131n\u0131n da birle\u015ftirilmesine karar vermi\u015fti.<\/p>\n<blockquote class=\"wp-embedded-content\" data-secret=\"HeXdhdgsxI\"><p><a href=\"https:\/\/www.nationalturk.com\/tr\/19-yil-sonra-ortaya-cikan-tapeler-faili-mechul-cinayetler-tarik-umit-mehmet-eymur-telefon-gorusmesinde-169331\/\">19 y\u0131l sonra ortaya \u00e7\u0131kan tapeler! Faili me\u00e7hul cinayetler Tar\u0131k \u00dcmit -Mehmet Eym\u00fcr telefon g\u00f6r\u00fc\u015fmesinde<\/a><\/p><\/blockquote>\n<p><iframe loading=\"lazy\" class=\"wp-embedded-content\" sandbox=\"allow-scripts\" security=\"restricted\" style=\"position: absolute; clip: rect(1px, 1px, 1px, 1px);\" title=\"&#8220;19 y\u0131l sonra ortaya \u00e7\u0131kan tapeler! Faili me\u00e7hul cinayetler Tar\u0131k \u00dcmit -Mehmet Eym\u00fcr telefon g\u00f6r\u00fc\u015fmesinde&#8221; &#8212; NationalTurk\" src=\"https:\/\/www.nationalturk.com\/tr\/19-yil-sonra-ortaya-cikan-tapeler-faili-mechul-cinayetler-tarik-umit-mehmet-eymur-telefon-gorusmesinde-169331\/embed\/#?secret=bP7XfE0gAQ#?secret=HeXdhdgsxI\" data-secret=\"HeXdhdgsxI\" width=\"500\" height=\"282\" frameborder=\"0\" marginwidth=\"0\" marginheight=\"0\" scrolling=\"no\"><\/iframe><\/p>\n","protected":false},"excerpt":{"rendered":"<p>Sedat \u015eahin tahliye oldu \/ \u00c7\u0131kar ama\u00e7l\u0131 su\u00e7 \u00f6rg\u00fct\u00fc kurmaktan yarg\u0131lanan ve Kand\u0131ra F Tipi Cezaevi&#8217;nde tutuklu bulunan Sedat \u015eahin tahliye edildi.<\/p>\n","protected":false},"author":4,"featured_media":189112,"comment_status":"open","ping_status":"open","sticky":false,"template":"","format":"standard","meta":{"_acf_changed":false,"footnotes":""},"categories":[6155,1,349],"tags":[7390,221292,58555,58559,58556,58557,58558],"class_list":["post-54991","post","type-post","status-publish","format-standard","has-post-thumbnail","hentry","category-gundem","category-nationalturk","category-son-dakika","tag-cinayet","tag-cinayet-haberleri","tag-sedat-sahin","tag-sedat-sahin-kimdir","tag-sedat-sahin-tahliye","tag-sedat-sahin-tahliye-edildi","tag-sedat-sahin-tahliye-oldu"],"acf":[],"_links":{"self":[{"href":"https:\/\/www.nationalturk.com\/tr\/wp-json\/wp\/v2\/posts\/54991","targetHints":{"allow":["GET"]}}],"collection":[{"href":"https:\/\/www.nationalturk.com\/tr\/wp-json\/wp\/v2\/posts"}],"about":[{"href":"https:\/\/www.nationalturk.com\/tr\/wp-json\/wp\/v2\/types\/post"}],"author":[{"embeddable":true,"href":"https:\/\/www.nationalturk.com\/tr\/wp-json\/wp\/v2\/users\/4"}],"replies":[{"embeddable":true,"href":"https:\/\/www.nationalturk.com\/tr\/wp-json\/wp\/v2\/comments?post=54991"}],"version-history":[{"count":0,"href":"https:\/\/www.nationalturk.com\/tr\/wp-json\/wp\/v2\/posts\/54991\/revisions"}],"wp:featuredmedia":[{"embeddable":true,"href":"https:\/\/www.nationalturk.com\/tr\/wp-json\/wp\/v2\/media\/189112"}],"wp:attachment":[{"href":"https:\/\/www.nationalturk.com\/tr\/wp-json\/wp\/v2\/media?parent=54991"}],"wp:term":[{"taxonomy":"category","embeddable":true,"href":"https:\/\/www.nationalturk.com\/tr\/wp-json\/wp\/v2\/categories?post=54991"},{"taxonomy":"post_tag","embeddable":true,"href":"https:\/\/www.nationalturk.com\/tr\/wp-json\/wp\/v2\/tags?post=54991"}],"curies":[{"name":"wp","href":"https:\/\/api.w.org\/{rel}","templated":true}]}}