{"id":55322,"date":"2011-01-10T15:04:51","date_gmt":"2011-01-10T13:04:51","guid":{"rendered":"http:\/\/www.nationalturk.com\/?p=55322"},"modified":"2011-01-10T15:04:51","modified_gmt":"2011-01-10T13:04:51","slug":"tansu-ciller-demokrat-parti-haberleri-1012011","status":"publish","type":"post","link":"https:\/\/www.nationalturk.com\/tr\/tansu-ciller-demokrat-parti-haberleri-1012011\/","title":{"rendered":"Tansu \u00c7iller ikna olacak m\u0131! Yal\u0131ya ziyaret\u00e7i ak\u0131n\u0131"},"content":{"rendered":"<h1><img loading=\"lazy\" decoding=\"async\" class=\"alignleft size-full wp-image-55323\" title=\"Tansu \u00c7iller\" src=\"http:\/\/www.nationalturk.com\/tr\/wp-content\/uploads\/2011\/01\/tansu_\u00e7iller.jpg\" alt=\"\" width=\"272\" height=\"204\">Demokrat Parti (DP) Haberleri! Ge\u00e7ti\u011fimiz g\u00fcnlerde Demokrat Parti Genel Ba\u015fkanl\u0131\u011f\u0131na aday olmayaca\u011f\u0131n\u0131 a\u00e7\u0131klayan Tansu \u00c7iller&#8217;in Yenik\u00f6y&#8217;deki yal\u0131s\u0131na ziyaret\u00e7i ak\u0131n\u0131 var.<\/h1>\n<p>Demokrat Parti\u2019nin (DP) \u00e7ok say\u0131da il ve il\u00e7e ba\u015fkan\u0131 Tansu \u00c7iller&#8217;in \u0130stanbul Yenik\u00f6y&#8217;deki yal\u0131s\u0131na ak\u0131n etti. Gruplar halinde eve giren ba\u015fkanlar ad\u0131na a\u00e7\u0131klama yapan\u00a0\u015ei\u015fli \u0130l\u00e7e\u00a0Ba\u015fkan\u0131 Mehmet \u00d6zdemir, Tansu \u00c7iller&#8217;in \u00fclke insanlar\u0131na olan borcunun yar\u0131m kald\u0131\u011f\u0131n\u0131 ifade ederek &#8220;Tansu \u00c7iller bu konuda duyars\u0131z kalmayacakt\u0131r. Kendisine ba\u011fl\u0131l\u0131klar\u0131m\u0131z\u0131 ifade ettik&#8221; dedi.<\/p>\n<p>Mehmet \u00d6zdemir, DP te\u015fkilatlar\u0131n\u0131n Tansu \u00c7iller&#8217;in yan\u0131nda oldu\u011funu belirterek &#8220;B\u00fct\u00fcn il\u00a0ba\u015fkanlar\u0131 buradalar, kendisine bunlar\u0131 arz edece\u011fiz. Bizi k\u0131rmayarak genel ba\u015fkan aday\u0131 olaca\u011f\u0131n\u0131 temenni ediyoruz&#8221; diye konu\u015ftu.<\/p>\n<p>Tansu \u00c7iller, ge\u00e7ti\u011fimiz g\u00fcnlerde yapt\u0131\u011f\u0131 yaz\u0131l\u0131 bir a\u00e7\u0131klamayla taban\u0131n deste\u011fine ra\u011fmen parti y\u00f6netiminin samimiyetsiz tav\u0131rlar\u0131 nedeniyle genel ba\u015fkanl\u0131\u011fa aday olmad\u0131\u011f\u0131n\u0131 duyurmu\u015ftu.<\/p>\n<span style=\"font-weight: bold; color: #f00;\">Error, group does not exist! Check your syntax! (ID: 51)<\/span>\n","protected":false},"excerpt":{"rendered":"<p>Demokrat Parti (DP) Haberleri! Ge\u00e7ti\u011fimiz g\u00fcnlerde DP Genel Ba\u015fkanl\u0131\u011f\u0131na aday olmayaca\u011f\u0131n\u0131 a\u00e7\u0131klayan Tansu \u00c7iller&#8217;in Yenik\u00f6y&#8217;deki yal\u0131s\u0131na ziyaret\u00e7i ak\u0131n\u0131 var.<\/p>\n","protected":false},"author":4,"featured_media":55323,"comment_status":"open","ping_status":"open","sticky":false,"template":"","format":"standard","meta":{"_acf_changed":false,"footnotes":""},"categories":[6155,5005,6202,6805],"tags":[7793,16121,59039,19013],"class_list":["post-55322","post","type-post","status-publish","format-standard","has-post-thumbnail","hentry","category-gundem","category-manset","category-politika","category-turkiye","tag-demokrat-parti","tag-dp","tag-mehmet-ozdemir","tag-tansu-ciller"],"acf":[],"_links":{"self":[{"href":"https:\/\/www.nationalturk.com\/tr\/wp-json\/wp\/v2\/posts\/55322","targetHints":{"allow":["GET"]}}],"collection":[{"href":"https:\/\/www.nationalturk.com\/tr\/wp-json\/wp\/v2\/posts"}],"about":[{"href":"https:\/\/www.nationalturk.com\/tr\/wp-json\/wp\/v2\/types\/post"}],"author":[{"embeddable":true,"href":"https:\/\/www.nationalturk.com\/tr\/wp-json\/wp\/v2\/users\/4"}],"replies":[{"embeddable":true,"href":"https:\/\/www.nationalturk.com\/tr\/wp-json\/wp\/v2\/comments?post=55322"}],"version-history":[{"count":0,"href":"https:\/\/www.nationalturk.com\/tr\/wp-json\/wp\/v2\/posts\/55322\/revisions"}],"wp:featuredmedia":[{"embeddable":true,"href":"https:\/\/www.nationalturk.com\/tr\/wp-json\/wp\/v2\/media\/55323"}],"wp:attachment":[{"href":"https:\/\/www.nationalturk.com\/tr\/wp-json\/wp\/v2\/media?parent=55322"}],"wp:term":[{"taxonomy":"category","embeddable":true,"href":"https:\/\/www.nationalturk.com\/tr\/wp-json\/wp\/v2\/categories?post=55322"},{"taxonomy":"post_tag","embeddable":true,"href":"https:\/\/www.nationalturk.com\/tr\/wp-json\/wp\/v2\/tags?post=55322"}],"curies":[{"name":"wp","href":"https:\/\/api.w.org\/{rel}","templated":true}]}}