{"id":55370,"date":"2011-01-10T19:09:19","date_gmt":"2011-01-10T17:09:19","guid":{"rendered":"http:\/\/www.nationalturk.com\/?p=55370"},"modified":"2022-09-20T02:02:13","modified_gmt":"2022-09-19T23:02:13","slug":"fuat-yaman-ntv-spor-yildirim-demiroren-55370","status":"publish","type":"post","link":"https:\/\/www.nationalturk.com\/tr\/fuat-yaman-ntv-spor-yildirim-demiroren-55370\/","title":{"rendered":"Stada giremeyen Ba\u015fkan bu sene Manchester City\u2019nin ba\u015fkan\u0131 muamelesi g\u00f6r\u00fcyor!"},"content":{"rendered":"<h1><a href=\"http:\/\/www.nationalturk.com\/tr\/wp-content\/uploads\/2011\/01\/yildirim-demiroren-taraftar-kavga-234.jpg\"><img loading=\"lazy\" decoding=\"async\" class=\"alignnone size-full wp-image-55387\" title=\"Kul\u00fcp Ba\u015fkan\u0131\" src=\"http:\/\/www.nationalturk.com\/tr\/wp-content\/uploads\/2011\/01\/yildirim-demiroren-taraftar-kavga-234.jpg\" alt=\"\" width=\"610\" height=\"304\"><\/a><\/h1>\n<h1>Stada giremeyen Ba\u015fkan bu sene Manchester City\u2019nin ba\u015fkan\u0131 muamelesi g\u00f6r\u00fcyor!<\/h1>\n<p>Ge\u00e7ti\u011fimiz g\u00fcnlerde National T\u00fcrk yorumcumuz\u00a0Be\u015fikta\u015f&#8217;\u0131n eski futbolcusu ve sevilen teknik direkt\u00f6r\u00fc Fuat Yaman NTV Spor Radyo\u00a0Yay\u0131n Y\u00f6netmeni B\u00fclent Y\u00fcksel &#8216;in konu\u011fu oldu\u011fu\u00a0programda,\u00a0 Be\u015fikta\u015f\u2019\u0131n borcu konusunda\u00a0baz\u0131lar\u0131n\u0131n unuttu\u011fu ama\u00a0asla unutulmamas\u0131 gereken \u00e7ok \u00e7arp\u0131c\u0131 \u015feyler s\u00f6yledi.<\/p>\n<p>Bize fazla s\u00f6ylenecek\u00a0bir \u015fey kalmad\u0131. Sadece yorumsuz olarak T\u00fcrk Futbolu&#8217;nun \u00f6nemli bir Futbol Adam\u0131 olan Fuat Yaman &#8216;\u0131n s\u00f6ylediklerini yay\u0131nlamak kald\u0131&#8230;<\/p>\n<h2><a href=\"http:\/\/www.nationalturk.com\/tr\/wp-content\/uploads\/2011\/01\/yildirim-demiroren-kufur-345.jpg\"><\/a><\/h2>\n<h2>\u0130\u015fte Fuat Yaman &#8216;\u0131n s\u00f6yledikleri;<\/h2>\n<h2>Bir sene \u00f6nce stada giremeyen Ba\u015fkan bu sene Manchester City\u2019nin ba\u015fkan\u0131 muamelesi g\u00f6r\u00fcyor.<\/h2>\n<p>\u201cAkl\u0131 ba\u015f\u0131nda i\u015fler yapan y\u00f6netimler \u00e7ok fazla de\u011fer g\u00f6rm\u00fcyor. Bir Quaresma, Almeida gelince havaalan\u0131n camlar\u0131 k\u0131r\u0131l\u0131yor. De\u011ferlendirme kriterlerinin de de\u011fi\u015ftirilmesi gerekiyor. \u0130dealist ve kararl\u0131 y\u00f6netimlerin i\u015fba\u015f\u0131nda olmal\u0131.\u00a0Ayn\u0131 zamanda saha sonu\u00e7lar\u0131ndaki ba\u015far\u0131ya ihtiya\u00e7 var. Futbolun kalk\u0131nmas\u0131n\u0131n tek yolunun altyap\u0131dan ve \u00f6zkaynaktan ge\u00e7ti\u011fini de her t\u00fcrl\u00fc eylemiyle kabul edecek insanlar a ihtiya\u00e7 var\u201d<\/p>\n<p>&#8220;Bir sene \u00f6nce stada giremeyen Kul\u00fcp Ba\u015fkan\u0131 bu sene Manchester City\u2019nin ba\u015fkan\u0131 muamelesi g\u00f6r\u00fcyor.\u00a0&#8221;<\/p>\n<p><strong>National Turk \/ Haftan\u0131n Yorumu<\/strong><\/p>\n<span style=\"font-weight: bold; color: #f00;\">Error, group does not exist! Check your syntax! (ID: 109)<\/span>\n","protected":false},"excerpt":{"rendered":"<p>Fuat Yaman; Bir Sene \u00f6nce stada giremeyen Be\u015fikta\u015f Ba\u015fkan\u0131 Y\u0131ld\u0131r\u0131m Demir\u00f6ren bu sene Manchester City\u2019nin ba\u015fkan\u0131 muamelesi g\u00f6r\u00fcyor<\/p>\n","protected":false},"author":6,"featured_media":55388,"comment_status":"open","ping_status":"open","sticky":false,"template":"","format":"standard","meta":{"_acf_changed":false,"footnotes":""},"categories":[6774,6155,26554,5005,6194],"tags":[26413,59086,11490,59082,195967,59084,7949,59085,59083,2269],"class_list":["post-55370","post","type-post","status-publish","format-standard","has-post-thumbnail","hentry","category-futbol","category-gundem","category-haftanin-yorumu","category-manset","category-spor","tag-baskan-yildirim-demiroren","tag-besiktas-baskani","tag-bulent-yuksel","tag-fuat","tag-fuat-yaman","tag-fuat-yaman-ntv","tag-manchester-city","tag-stada-giremeyen","tag-yaman","tag-yildirim-demiroren"],"acf":[],"_links":{"self":[{"href":"https:\/\/www.nationalturk.com\/tr\/wp-json\/wp\/v2\/posts\/55370","targetHints":{"allow":["GET"]}}],"collection":[{"href":"https:\/\/www.nationalturk.com\/tr\/wp-json\/wp\/v2\/posts"}],"about":[{"href":"https:\/\/www.nationalturk.com\/tr\/wp-json\/wp\/v2\/types\/post"}],"author":[{"embeddable":true,"href":"https:\/\/www.nationalturk.com\/tr\/wp-json\/wp\/v2\/users\/6"}],"replies":[{"embeddable":true,"href":"https:\/\/www.nationalturk.com\/tr\/wp-json\/wp\/v2\/comments?post=55370"}],"version-history":[{"count":0,"href":"https:\/\/www.nationalturk.com\/tr\/wp-json\/wp\/v2\/posts\/55370\/revisions"}],"wp:featuredmedia":[{"embeddable":true,"href":"https:\/\/www.nationalturk.com\/tr\/wp-json\/wp\/v2\/media\/55388"}],"wp:attachment":[{"href":"https:\/\/www.nationalturk.com\/tr\/wp-json\/wp\/v2\/media?parent=55370"}],"wp:term":[{"taxonomy":"category","embeddable":true,"href":"https:\/\/www.nationalturk.com\/tr\/wp-json\/wp\/v2\/categories?post=55370"},{"taxonomy":"post_tag","embeddable":true,"href":"https:\/\/www.nationalturk.com\/tr\/wp-json\/wp\/v2\/tags?post=55370"}],"curies":[{"name":"wp","href":"https:\/\/api.w.org\/{rel}","templated":true}]}}