{"id":56447,"date":"2011-01-15T18:56:23","date_gmt":"2011-01-15T16:56:23","guid":{"rendered":"http:\/\/www.nationalturk.com\/?p=56447"},"modified":"2011-01-15T18:57:15","modified_gmt":"2011-01-15T16:57:15","slug":"fatih-tekke-ankaragucunde-15012011","status":"publish","type":"post","link":"https:\/\/www.nationalturk.com\/tr\/fatih-tekke-ankaragucunde-15012011\/","title":{"rendered":"Fatih Tekke Ankarag\u00fcc\u00fc &#8216;nde"},"content":{"rendered":"<p><a href=\"http:\/\/www.nationalturk.com\/tr\/wp-content\/uploads\/2011\/01\/fatih-tekke.jpeg\"><img loading=\"lazy\" decoding=\"async\" class=\"alignleft size-medium wp-image-56448\" title=\"fatih tekke\" src=\"http:\/\/www.nationalturk.com\/tr\/wp-content\/uploads\/2011\/01\/fatih-tekke-280x145.jpg\" alt=\"\" width=\"280\" height=\"145\" srcset=\"https:\/\/www.nationalturk.com\/tr\/wp-content\/uploads\/2011\/01\/fatih-tekke-280x145.jpg 280w, https:\/\/www.nationalturk.com\/tr\/wp-content\/uploads\/2011\/01\/fatih-tekke.jpeg 566w\" sizes=\"auto, (max-width: 280px) 100vw, 280px\" \/><\/a>Transfer haberleri \u00a0\/Spor Toto S\u00fcper Lig&#8217;in ilk yar\u0131s\u0131nda mali yetersizliklere kar\u015f\u0131n devreyi iyi bir yerde tamamlayan Ankarag\u00fcc\u00fc, Be\u015fikta\u015f&#8217;ta forma \u015fans\u0131 bulamayan Fatin Tekke&#8217;yi \u00a0transfer etti.<\/p>\n<p>Ankarag\u00fcc\u00fc&#8217;n\u00fcn Fatih Tekke ile 1.5 y\u0131ll\u0131k anla\u015fma sa\u011flarken, taraflar aras\u0131ndaki resmi s\u00f6zle\u015fme \u00f6n\u00fcm\u00fczdeki g\u00fcnlerde imzalanacak.<\/p>\n<p>Trabzonspor&#8217;dan Rusya&#8217;n\u0131n Zenit tak\u0131m\u0131na oradan da Rubin Kazan&#8217;a transfer olan Fatih Tekke, sezon ba\u015f\u0131nda s\u00fcrpriz bir \u015fekilde Be\u015fikta\u015f&#8217;a imza atm\u0131\u015ft\u0131.<\/p>\n<!-- Error, Advert is not available at this time due to schedule\/geolocation restrictions! -->\n","protected":false},"excerpt":{"rendered":"<p>Transfer haberleri \/Spor Toto S\u00fcper Lig&#8217;in ilk yar\u0131s\u0131nda devreyi iyi bir yerde tamamlayan Ankarag\u00fcc\u00fc, Fatih Tekke&#8217;yi  transfer etti. <\/p>\n","protected":false},"author":4,"featured_media":56448,"comment_status":"open","ping_status":"closed","sticky":false,"template":"","format":"standard","meta":{"_acf_changed":false,"footnotes":""},"categories":[5005],"tags":[],"class_list":["post-56447","post","type-post","status-publish","format-standard","has-post-thumbnail","hentry","category-manset"],"acf":[],"_links":{"self":[{"href":"https:\/\/www.nationalturk.com\/tr\/wp-json\/wp\/v2\/posts\/56447","targetHints":{"allow":["GET"]}}],"collection":[{"href":"https:\/\/www.nationalturk.com\/tr\/wp-json\/wp\/v2\/posts"}],"about":[{"href":"https:\/\/www.nationalturk.com\/tr\/wp-json\/wp\/v2\/types\/post"}],"author":[{"embeddable":true,"href":"https:\/\/www.nationalturk.com\/tr\/wp-json\/wp\/v2\/users\/4"}],"replies":[{"embeddable":true,"href":"https:\/\/www.nationalturk.com\/tr\/wp-json\/wp\/v2\/comments?post=56447"}],"version-history":[{"count":0,"href":"https:\/\/www.nationalturk.com\/tr\/wp-json\/wp\/v2\/posts\/56447\/revisions"}],"wp:featuredmedia":[{"embeddable":true,"href":"https:\/\/www.nationalturk.com\/tr\/wp-json\/wp\/v2\/media\/56448"}],"wp:attachment":[{"href":"https:\/\/www.nationalturk.com\/tr\/wp-json\/wp\/v2\/media?parent=56447"}],"wp:term":[{"taxonomy":"category","embeddable":true,"href":"https:\/\/www.nationalturk.com\/tr\/wp-json\/wp\/v2\/categories?post=56447"},{"taxonomy":"post_tag","embeddable":true,"href":"https:\/\/www.nationalturk.com\/tr\/wp-json\/wp\/v2\/tags?post=56447"}],"curies":[{"name":"wp","href":"https:\/\/api.w.org\/{rel}","templated":true}]}}