{"id":56453,"date":"2011-01-15T19:30:56","date_gmt":"2011-01-15T17:30:56","guid":{"rendered":"http:\/\/www.nationalturk.com\/?p=56453"},"modified":"2011-01-15T19:50:01","modified_gmt":"2011-01-15T17:50:01","slug":"galatasaray-in-yeni-mabedi-turk-telekom-arena-acildigaleri","status":"publish","type":"post","link":"https:\/\/www.nationalturk.com\/tr\/galatasaray-in-yeni-mabedi-turk-telekom-arena-acildigaleri\/","title":{"rendered":"Galatasaray &#8216;\u0131n yeni mabedi T\u00fcrk Telekom Arena a\u00e7\u0131ld\u0131\/Galeri"},"content":{"rendered":"<h1><a href=\"http:\/\/www.nationalturk.com\/tr\/wp-content\/uploads\/2011\/01\/11.jpg\"><img loading=\"lazy\" decoding=\"async\" class=\"size-full wp-image-56454\" title=\"Turk Telekom Arena\" src=\"http:\/\/www.nationalturk.com\/tr\/wp-content\/uploads\/2011\/01\/11.jpg\" alt=\"\" width=\"610\" height=\"400\"><\/a><\/h1>\n<h1>Galatasaray haberleri \/Galatasaray&#8217;\u0131n yeni mabedi T\u00fcrk Telekom Arena Stad\u0131 kap\u0131lar\u0131n\u0131 taraftarlara a\u00e7t\u0131.<\/h1>\n<p>Galatasaray&#8217;\u0131n yeni mabedi Ali Sami Yen Spor Kompleksi T\u00fcrk Telekom Arena kap\u0131lar\u0131n\u0131 taraftarlara a\u00e7t\u0131. Son g\u00fcnlerde bas\u0131na tan\u0131t\u0131lan T\u00fcrk Telekom Arena&#8217;n\u0131n a\u00e7\u0131l\u0131\u015f \u00f6ncesi ve sonras\u0131 tam bir \u015f\u00f6lene d\u00f6n\u00fc\u015ft\u00fc. Taraftarlar ak\u015fam\u0131 beklemeden stada ula\u015f\u0131rken, \u00e7o\u011fu taraftar hayranl\u0131\u011f\u0131n\u0131 gizleyemedi. Taraftarlar\u0131n stada metroyu kullanarak gelmeleri trafik \u015f\u0131k\u0131\u015f\u0131kl\u0131\u011f\u0131n\u0131 \u00f6nledi. Taraftarlarda stada ula\u015f\u0131m konusunda herhangi bir s\u0131k\u0131nt\u0131 ya\u015famad\u0131klar\u0131n\u0131 dile getirdiler.<\/p>\n<p>Stad\u0131n a\u00e7\u0131l\u0131\u015f \u00f6ncesinde bileti ve davetiyesi olmayanlar stat \u00e7evresine yakla\u015ft\u0131r\u0131lmad\u0131. Stada ba\u011flanan yollarda geni\u015f g\u00fcvenlik \u00f6nlemleri al\u0131nd\u0131. Ma\u00e7 biletleri olmayanlar\u0131n g\u00fcvenlik noktalar\u0131ndan ge\u00e7i\u015fine izin verilmedi. Bileti olmayanlara ayr\u0131ca metro aktarmas\u0131 yapmalar\u0131na da izin verilmedi.<\/p>\n<p>Saat 18.00&#8217;de Kenan Do\u011fulu konseriyle ba\u015flayan etkinliklerde daha sonra a\u00e7\u0131l\u0131\u015f g\u00f6sterileri yap\u0131ld\u0131.<\/p>\n<h2>RAKAMLARLA T\u00dcRK TELEKOM ARENA<\/h2>\n<p>T\u00fcm trib\u00fcnlerin kapal\u0131 oldu\u011fu Ali Sami Yen Spor Kompleksi T\u00fcrk Telekom Arena &#8216;da yer alan alttan \u0131s\u0131tmal\u0131 sistem sayesinde so\u011fuklarda sahan\u0131n donmas\u0131 engelleniyor. Drenaj sistemi sayesinde de zeminde su birikintileri olu\u015fmuyor.<br \/>\nUEFA standartlar\u0131nda yap\u0131m\u0131 ger\u00e7ekle\u015ftirilen stat, Galatasaray ile milli tak\u0131m\u0131n ma\u00e7lar\u0131na ev sahipli\u011fi yapacak.<br \/>\n190 metre eni, 228 metre boyu ile d\u00fcnyan\u0131n modern statlar\u0131 aras\u0131na kat\u0131lan T\u00fcrk Telekom Arena, 52 bin 647 seyirci kapasiteye sahip.<\/p>\n<h3>Ali Sami Yen Spor Kompleksi T\u00fcrk Telekom Arena stad\u0131n \u00f6nemli \u00f6zellikleri \u015f\u00f6yle:<\/h3>\n<p>-T\u00fcrk Telekom Arensa Stad\u0131 3 bin 500 ara\u00e7 kapasiteli otoparka sahip.<\/p>\n<p>-VIP salonlar\u0131na yeme i\u00e7me hizmetleri dahil edilirken, VIP giri\u015fleri \u00f6zel olarak yap\u0131ld\u0131. Loca-VIP koltuklara \u00f6zel otopark alanlar\u0131 ayr\u0131ld\u0131 ve bu yerlere sahip ki\u015filer i\u00e7in \u00f6zel giri\u015f yollar\u0131 d\u00fczenlendi.<\/p>\n<p>-T\u00fcrk Telekom Arena Stad\u0131 &#8216;nda 157 locayla birlikte 4 bin 845 VIP koltuk bulunuyor.<\/p>\n<p>-Metro ile T\u00fcrk Telekom Arena Stad\u0131 &#8216;na saatte 20 bin ki\u015fi ta\u015f\u0131nabilecek. \u015eehir merkezi ile stadyuma ula\u015f\u0131m imkan\u0131 en k\u0131sa ve en h\u0131zl\u0131 \u015fekilde yap\u0131labilecek.<\/p>\n<p>-T\u00fcrk Telekom Arena Stad\u0131 &#8216;nda 69 metrekare b\u00fcy\u00fckl\u00fc\u011f\u00fcndeki digital skorboard bulunuyor.<\/p>\n<p>-Stad\u0131n uzunluk ve geni\u015flik \u00f6l\u00e7\u00fcleri FIFA ile UEFA kriterlerine uygun \u015fekilde yap\u0131l\u0131rken \u00f6l\u00e7\u00fcleri eni 68 boyu 105 metre olarak yap\u0131ld\u0131.<\/p>\n<p>-Bas\u0131n mensuplar\u0131na da \u00f6zel b\u00f6l\u00fcm yap\u0131ld\u0131. T\u00fcrk Telekom Arena Stad\u0131 &#8216;n\u0131n bas\u0131n trib\u00fcn\u00fc 193 ki\u015filik yap\u0131ld\u0131. Ayr\u0131ca bas\u0131n mensuplar\u0131 i\u00e7in 150 ki\u015filik \u00e7al\u0131\u015fma salonu yap\u0131ld\u0131, bas\u0131n trib\u00fcn\u00fc de her t\u00fcrl\u00fc gerekli teknolojik ekipmanla donat\u0131ld\u0131.<\/p>\n<p>-Naklen yay\u0131n kamera yerlerine T\u00fcrkiye&#8217;de ilk defa yap\u0131lan sabit kablolama ger\u00e7ekle\u015ftirildi.<\/p>\n<p>&#8211; Her trib\u00fcn\u00fcn arkas\u0131nda UEFA kriterlerini uygun olacak \u015fekilde seyirciler i\u00e7in kapal\u0131 alanlar yap\u0131ld\u0131. Bu alanlarda kafe, restoran ve \u00e7e\u015fitli\u00a0\u00a0toplant\u0131lar i\u00e7in kullan\u0131lacak.<\/p>\n<h4>\u0130\u015fte T\u00fcrk Telekom Arena &#8216;n\u0131n muhte\u015fem a\u00e7\u0131l\u0131\u015f g\u00f6r\u00fcnt\u00fcleri :<\/h4>\n[flagallery gid=92 name=&#8221;Gallery&#8221;]\n<!-- Error, Advert is not available at this time due to schedule\/geolocation restrictions! -->\n","protected":false},"excerpt":{"rendered":"<p>Galatasaray haberleri \/Galatasaray&#8217;\u0131n yeni mabedi T\u00fcrk Telekom Arena Stad\u0131 kap\u0131lar\u0131n\u0131 taraftarlara a\u00e7t\u0131.<\/p>\n","protected":false},"author":4,"featured_media":56454,"comment_status":"open","ping_status":"closed","sticky":false,"template":"","format":"standard","meta":{"_acf_changed":false,"footnotes":""},"categories":[5005],"tags":[10689,59744,59746,7469,4114,59745,10579,59185,847],"class_list":["post-56453","post","type-post","status-publish","format-standard","has-post-thumbnail","hentry","category-manset","tag-ali-sami-yen","tag-ali-sami-yen-spor-kompleksi-turk-telekom-arena","tag-basin-tribunu","tag-fifa","tag-galatasaray","tag-mabed","tag-turk-telekom-arena","tag-turk-telekom-arena-stadi","tag-uefa"],"acf":[],"_links":{"self":[{"href":"https:\/\/www.nationalturk.com\/tr\/wp-json\/wp\/v2\/posts\/56453","targetHints":{"allow":["GET"]}}],"collection":[{"href":"https:\/\/www.nationalturk.com\/tr\/wp-json\/wp\/v2\/posts"}],"about":[{"href":"https:\/\/www.nationalturk.com\/tr\/wp-json\/wp\/v2\/types\/post"}],"author":[{"embeddable":true,"href":"https:\/\/www.nationalturk.com\/tr\/wp-json\/wp\/v2\/users\/4"}],"replies":[{"embeddable":true,"href":"https:\/\/www.nationalturk.com\/tr\/wp-json\/wp\/v2\/comments?post=56453"}],"version-history":[{"count":0,"href":"https:\/\/www.nationalturk.com\/tr\/wp-json\/wp\/v2\/posts\/56453\/revisions"}],"wp:featuredmedia":[{"embeddable":true,"href":"https:\/\/www.nationalturk.com\/tr\/wp-json\/wp\/v2\/media\/56454"}],"wp:attachment":[{"href":"https:\/\/www.nationalturk.com\/tr\/wp-json\/wp\/v2\/media?parent=56453"}],"wp:term":[{"taxonomy":"category","embeddable":true,"href":"https:\/\/www.nationalturk.com\/tr\/wp-json\/wp\/v2\/categories?post=56453"},{"taxonomy":"post_tag","embeddable":true,"href":"https:\/\/www.nationalturk.com\/tr\/wp-json\/wp\/v2\/tags?post=56453"}],"curies":[{"name":"wp","href":"https:\/\/api.w.org\/{rel}","templated":true}]}}