{"id":56637,"date":"2011-01-17T12:41:55","date_gmt":"2011-01-17T10:41:55","guid":{"rendered":"http:\/\/www.nationalturk.com\/?p=56637"},"modified":"2011-01-17T12:41:55","modified_gmt":"2011-01-17T10:41:55","slug":"ertugrul-gunay-gaf-hz-muhammed-gafi-17012011","status":"publish","type":"post","link":"https:\/\/www.nationalturk.com\/tr\/ertugrul-gunay-gaf-hz-muhammed-gafi-17012011\/","title":{"rendered":"Ertu\u011frul G\u00fcnay&#8217;dan b\u00fcy\u00fck gaf! &#8220;Hz. Muhammed&#8217;e dedim ki&#8221;"},"content":{"rendered":"<h1><img loading=\"lazy\" decoding=\"async\" class=\"alignleft size-medium wp-image-56639\" title=\"Ertu\u011frul G\u00fcnay\" src=\"http:\/\/www.nationalturk.com\/tr\/wp-content\/uploads\/2011\/01\/ertugrul_gunay_guluyor-280x178.jpg\" alt=\"\" width=\"280\" height=\"178\" srcset=\"https:\/\/www.nationalturk.com\/tr\/wp-content\/uploads\/2011\/01\/ertugrul_gunay_guluyor-280x178.jpg 280w, https:\/\/www.nationalturk.com\/tr\/wp-content\/uploads\/2011\/01\/ertugrul_gunay_guluyor.jpg 470w\" sizes=\"auto, (max-width: 280px) 100vw, 280px\" \/>K\u00fclt\u00fcr ve Turizm Bakan\u0131 Ertu\u011frul G\u00fcnay Milas&#8217;ta yapt\u0131\u011f\u0131 konu\u015fmada b\u00fcy\u00fck bir gafa imza att\u0131! G\u00fcnay&#8217;\u0131n a\u011fz\u0131ndan &#8220;Hz. Muhammed&#8217;e dedim ki&#8221; c\u00fcmlesi \u00e7\u0131kt\u0131.<\/h1>\n<p>Ertu\u011frul G\u00fcnay, M.\u00d6. 390 tarihinden kalma bir mezar\u0131 anlat\u0131rken Konya Bey\u015fehir&#8217;deki Eflatun P\u0131nar\u0131 i\u015flemelerinden \u00f6rnek verdi ve devam etti:<\/p>\n<h2>\u201cAyakta elleri havada tennure gibi bir k\u0131yafeti olan 2 ki\u015fi var. Hazreti Muhammed\u2019e dedim ki\u201d<\/h2>\n<p>\u0130\u015fte bu \u015fok s\u00f6zlerin ard\u0131ndan g\u00fclerek y\u00fcz\u00fcn\u00fc kapatan Ertu\u011frul G\u00fcnay, \u201c\u00c7ok \u00f6z\u00fcr dilerim. T\u00f6vbe esta\u011ffurullah, \u00e7ok \u00f6z\u00fcr dilerim, \u00e7ok \u00f6z\u00fcr dilerim\u201d diyerek durumu kurtarmaya \u00e7al\u0131\u015ft\u0131.<\/p>\n<h3>Kemal K\u0131l\u0131\u00e7daro\u011flu kamera kazas\u0131<\/h3>\n<p>Bu gaf\u0131n ard\u0131ndan konuyu de\u011fi\u015ftiren Ertu\u011frul G\u00fcnay bu sefer de CHP Genel Ba\u015fkan\u0131 Kemal K\u0131l\u0131\u00e7daro\u011flu&#8217;nu hedef ald\u0131. G\u00fcnay, ucube heykel tart\u0131\u015fmalar\u0131 nedeniyle istifas\u0131n\u0131 isteyen Kemal K\u0131l\u0131\u00e7daro\u011flu i\u00e7in &#8220;CHP Genel Ba\u015fkan\u0131 bir kamera \u015fakas\u0131 sonucunda gelmi\u015f bir kamera kazas\u0131d\u0131r\u201d dedi.<\/p>\n<span style=\"font-weight: bold; color: #f00;\">Error, group does not exist! Check your syntax! (ID: 51)<\/span>\n<span style=\"font-weight: bold; color: #f00;\">Error, group does not exist! Check your syntax! (ID: 110)<\/span>\n","protected":false},"excerpt":{"rendered":"<p>K\u00fclt\u00fcr ve Turizm Bakan\u0131 Ertu\u011frul G\u00fcnay Milas&#8217;ta yapt\u0131\u011f\u0131 konu\u015fmada b\u00fcy\u00fck bir gafa imza att\u0131! G\u00fcnay&#8217;\u0131n a\u011fz\u0131ndan &#8220;Hz. Muhammed&#8217;e dedim ki&#8221; c\u00fcmlesi \u00e7\u0131kt\u0131.<\/p>\n","protected":false},"author":4,"featured_media":56639,"comment_status":"open","ping_status":"closed","sticky":false,"template":"","format":"standard","meta":{"_acf_changed":false,"footnotes":""},"categories":[6155,5005,6202,6805],"tags":[821,59836,59838,59837,26383,1618,702],"class_list":["post-56637","post","type-post","status-publish","format-standard","has-post-thumbnail","hentry","category-gundem","category-manset","category-politika","category-turkiye","tag-ertugrul-gunay","tag-ertugrul-gunay-gaf","tag-ertugrul-gunay-gaflari","tag-ertugrul-gunay-hz-muhammed-gafi","tag-hz-muhammed","tag-milas","tag-mugla"],"acf":[],"_links":{"self":[{"href":"https:\/\/www.nationalturk.com\/tr\/wp-json\/wp\/v2\/posts\/56637","targetHints":{"allow":["GET"]}}],"collection":[{"href":"https:\/\/www.nationalturk.com\/tr\/wp-json\/wp\/v2\/posts"}],"about":[{"href":"https:\/\/www.nationalturk.com\/tr\/wp-json\/wp\/v2\/types\/post"}],"author":[{"embeddable":true,"href":"https:\/\/www.nationalturk.com\/tr\/wp-json\/wp\/v2\/users\/4"}],"replies":[{"embeddable":true,"href":"https:\/\/www.nationalturk.com\/tr\/wp-json\/wp\/v2\/comments?post=56637"}],"version-history":[{"count":0,"href":"https:\/\/www.nationalturk.com\/tr\/wp-json\/wp\/v2\/posts\/56637\/revisions"}],"wp:featuredmedia":[{"embeddable":true,"href":"https:\/\/www.nationalturk.com\/tr\/wp-json\/wp\/v2\/media\/56639"}],"wp:attachment":[{"href":"https:\/\/www.nationalturk.com\/tr\/wp-json\/wp\/v2\/media?parent=56637"}],"wp:term":[{"taxonomy":"category","embeddable":true,"href":"https:\/\/www.nationalturk.com\/tr\/wp-json\/wp\/v2\/categories?post=56637"},{"taxonomy":"post_tag","embeddable":true,"href":"https:\/\/www.nationalturk.com\/tr\/wp-json\/wp\/v2\/tags?post=56637"}],"curies":[{"name":"wp","href":"https:\/\/api.w.org\/{rel}","templated":true}]}}