{"id":57026,"date":"2011-01-19T12:25:15","date_gmt":"2011-01-19T10:25:15","guid":{"rendered":"http:\/\/www.nationalturk.com\/?p=57026"},"modified":"2011-01-19T12:25:15","modified_gmt":"2011-01-19T10:25:15","slug":"akp-secim-slogani-19012011","status":"publish","type":"post","link":"https:\/\/www.nationalturk.com\/tr\/akp-secim-slogani-19012011\/","title":{"rendered":"AKP se\u00e7im slogan\u0131 a\u00e7\u0131kland\u0131! &#8220;Oyunu AKP&#8217;ye ver kendi anayasan\u0131 yap&#8221;"},"content":{"rendered":"<h1><img loading=\"lazy\" decoding=\"async\" class=\"alignleft size-medium wp-image-57028\" title=\"Salih Kapusuz\" src=\"http:\/\/www.nationalturk.com\/tr\/wp-content\/uploads\/2011\/01\/salih__kapusuz-280x203.jpg\" alt=\"\" width=\"280\" height=\"203\" srcset=\"https:\/\/www.nationalturk.com\/tr\/wp-content\/uploads\/2011\/01\/salih__kapusuz-280x203.jpg 280w, https:\/\/www.nationalturk.com\/tr\/wp-content\/uploads\/2011\/01\/salih__kapusuz.jpg 321w\" sizes=\"auto, (max-width: 280px) 100vw, 280px\" \/>Haziran&#8217;da yap\u0131lacak genel se\u00e7imler i\u00e7in AKP se\u00e7im slogan\u0131 a\u00e7\u0131kland\u0131. Salih Kapusuz, slogan\u0131n &#8220;&#8221;Oyunu AK Partiye ver, kendi anayasan\u0131 yap&#8221; oldu\u011funu a\u00e7\u0131klad\u0131.<\/h1>\n<p>AKP Genel Ba\u015fkan Yard\u0131mc\u0131s\u0131 Ankara&#8217;n\u0131n Kazan il\u00e7esinde a\u00e7\u0131klamalarda bulundu. \u0130l\u00e7e te\u015fkilat\u0131 taraf\u0131ndan d\u00fczenlenen toplant\u0131da konu\u015fma yapan Salih Kapusuz,\u00a0\u2019Oyunu AK Parti\u2019ye ver, anayasan\u0131 kendin yap\u2019 diyoruz. Yeni anayasa yapaca\u011f\u0131z. Bu nedenle bu se\u00e7imden \u00e7ok g\u00fc\u00e7l\u00fc \u00e7\u0131kmal\u0131y\u0131z. T\u00fcrkiye bu se\u00e7imde gelece\u011fini oylayacak&#8221; dedi.<\/p>\n<p>Kapusuz, AKP se\u00e7im slogan\u0131n\u0131n &#8220;Oyunu AK Parti&#8217;ye ver, anayasan\u0131 kendin yap&#8221; oldu\u011funu vurgulad\u0131.<\/p>\n<!-- Error, Advert is not available at this time due to schedule\/geolocation restrictions! -->\n<!-- Error, Advert is not available at this time due to schedule\/geolocation restrictions! -->\n","protected":false},"excerpt":{"rendered":"<p>Haziran&#8217;da yap\u0131lacak genel se\u00e7imler i\u00e7in AKP se\u00e7im slogan\u0131 a\u00e7\u0131kland\u0131. Salih Kapusuz, slogan\u0131n &#8220;&#8221;Oyunu AK Partiye ver, kendi anayasan\u0131 yap&#8221; oldu\u011funu a\u00e7\u0131klad\u0131.<\/p>\n","protected":false},"author":4,"featured_media":57028,"comment_status":"open","ping_status":"closed","sticky":false,"template":"","format":"standard","meta":{"_acf_changed":false,"footnotes":""},"categories":[6155,5005,6202,6805],"tags":[9476,60141,60140,47060,16792,60142],"class_list":["post-57026","post","type-post","status-publish","format-standard","has-post-thumbnail","hentry","category-gundem","category-manset","category-politika","category-turkiye","tag-akp","tag-genel-secimler","tag-haziran-secimleri","tag-kazan","tag-salih-kapusuz","tag-salih-kapusuz-kazan"],"acf":[],"_links":{"self":[{"href":"https:\/\/www.nationalturk.com\/tr\/wp-json\/wp\/v2\/posts\/57026","targetHints":{"allow":["GET"]}}],"collection":[{"href":"https:\/\/www.nationalturk.com\/tr\/wp-json\/wp\/v2\/posts"}],"about":[{"href":"https:\/\/www.nationalturk.com\/tr\/wp-json\/wp\/v2\/types\/post"}],"author":[{"embeddable":true,"href":"https:\/\/www.nationalturk.com\/tr\/wp-json\/wp\/v2\/users\/4"}],"replies":[{"embeddable":true,"href":"https:\/\/www.nationalturk.com\/tr\/wp-json\/wp\/v2\/comments?post=57026"}],"version-history":[{"count":0,"href":"https:\/\/www.nationalturk.com\/tr\/wp-json\/wp\/v2\/posts\/57026\/revisions"}],"wp:featuredmedia":[{"embeddable":true,"href":"https:\/\/www.nationalturk.com\/tr\/wp-json\/wp\/v2\/media\/57028"}],"wp:attachment":[{"href":"https:\/\/www.nationalturk.com\/tr\/wp-json\/wp\/v2\/media?parent=57026"}],"wp:term":[{"taxonomy":"category","embeddable":true,"href":"https:\/\/www.nationalturk.com\/tr\/wp-json\/wp\/v2\/categories?post=57026"},{"taxonomy":"post_tag","embeddable":true,"href":"https:\/\/www.nationalturk.com\/tr\/wp-json\/wp\/v2\/tags?post=57026"}],"curies":[{"name":"wp","href":"https:\/\/api.w.org\/{rel}","templated":true}]}}