{"id":57193,"date":"2011-01-20T12:04:37","date_gmt":"2011-01-20T10:04:37","guid":{"rendered":"http:\/\/www.nationalturk.com\/?p=57193"},"modified":"2011-01-20T12:04:37","modified_gmt":"2011-01-20T10:04:37","slug":"akin-birdal-kafa-bilgehan-simsek-tahliye-20012011","status":"publish","type":"post","link":"https:\/\/www.nationalturk.com\/tr\/akin-birdal-kafa-bilgehan-simsek-tahliye-20012011\/","title":{"rendered":"Ak\u0131n Birdal&#8217;a kafa atan Bilgehan \u015eim\u015fek serbest b\u0131rak\u0131ld\u0131"},"content":{"rendered":"<h1><strong><img loading=\"lazy\" decoding=\"async\" class=\"alignnone size-full wp-image-57194\" title=\"Bilgehan \u015eim\u015fek sald\u0131r\u0131n\u0131n ard\u0131ndan lin\u00e7 edilmek istenmi\u015fti\" src=\"http:\/\/www.nationalturk.com\/tr\/wp-content\/uploads\/2011\/01\/akin_birdal_saldiri.jpg\" alt=\"\" width=\"610\" height=\"333\"><\/strong><\/h1>\n<h1><strong>Ak\u0131n Birdal&#8217;a kafa att\u0131, serbest kald\u0131! 2010 Eyl\u00fcl ay\u0131nda BDP&#8217;nin Bursa mitinginde milletvekili Ak\u0131n Birdal&#8217;a kafa atan Bilgehan \u015eim\u015fek tahliye oldu. <\/strong><\/h1>\n<p>BDP&#8217;nin Bursa&#8217;da d\u00fczenledi\u011fi &#8220;Referandum\u00a0i\u00e7in boykot&#8221; mitinginde Diyarbak\u0131r Milletvekili Ak\u0131n Birdal\u2019a sald\u0131ran Bilgehan \u015eim\u015fek, 5. Asliye Ceza Mahkemesi&#8217;nde g\u00f6r\u00fclen ilk duru\u015fmas\u0131nda tahliye oldu.<\/p>\n<p>Bilgehan \u015eim\u015fek&#8217;in adliyeye getirili\u015fi ve \u00e7\u0131k\u0131\u015f\u0131 s\u0131ras\u0131nda yo\u011fun g\u00fcvenlik \u00f6nlemleri al\u0131nd\u0131.<\/p>\n<!-- Error, Advert is not available at this time due to schedule\/geolocation restrictions! -->\n","protected":false},"excerpt":{"rendered":"<p>Ak\u0131n Birdal&#8217;a kafa att\u0131, serbest kald\u0131! 2010 Eyl\u00fcl ay\u0131nda BDP&#8217;nin Bursa mitinginde milletvekili Ak\u0131n Birdal&#8217;a kafa atan Bilgehan \u015eim\u015fek tahliye oldu.<\/p>\n","protected":false},"author":4,"featured_media":57194,"comment_status":"open","ping_status":"closed","sticky":false,"template":"","format":"standard","meta":{"_acf_changed":false,"footnotes":""},"categories":[6155,349,6805],"tags":[11849,60267,11498,44018,44024,60270,60269],"class_list":["post-57193","post","type-post","status-publish","format-standard","has-post-thumbnail","hentry","category-gundem","category-son-dakika","category-turkiye","tag-akin-birdal","tag-akin-birdal-kafa","tag-bdp","tag-bdp-bursa","tag-bilgehan-simsek","tag-bilgehan-simsek-serbest","tag-bilgehan-simsek-tahliye"],"acf":[],"_links":{"self":[{"href":"https:\/\/www.nationalturk.com\/tr\/wp-json\/wp\/v2\/posts\/57193","targetHints":{"allow":["GET"]}}],"collection":[{"href":"https:\/\/www.nationalturk.com\/tr\/wp-json\/wp\/v2\/posts"}],"about":[{"href":"https:\/\/www.nationalturk.com\/tr\/wp-json\/wp\/v2\/types\/post"}],"author":[{"embeddable":true,"href":"https:\/\/www.nationalturk.com\/tr\/wp-json\/wp\/v2\/users\/4"}],"replies":[{"embeddable":true,"href":"https:\/\/www.nationalturk.com\/tr\/wp-json\/wp\/v2\/comments?post=57193"}],"version-history":[{"count":0,"href":"https:\/\/www.nationalturk.com\/tr\/wp-json\/wp\/v2\/posts\/57193\/revisions"}],"wp:featuredmedia":[{"embeddable":true,"href":"https:\/\/www.nationalturk.com\/tr\/wp-json\/wp\/v2\/media\/57194"}],"wp:attachment":[{"href":"https:\/\/www.nationalturk.com\/tr\/wp-json\/wp\/v2\/media?parent=57193"}],"wp:term":[{"taxonomy":"category","embeddable":true,"href":"https:\/\/www.nationalturk.com\/tr\/wp-json\/wp\/v2\/categories?post=57193"},{"taxonomy":"post_tag","embeddable":true,"href":"https:\/\/www.nationalturk.com\/tr\/wp-json\/wp\/v2\/tags?post=57193"}],"curies":[{"name":"wp","href":"https:\/\/api.w.org\/{rel}","templated":true}]}}