{"id":57321,"date":"2011-01-21T11:03:11","date_gmt":"2011-01-21T09:03:11","guid":{"rendered":"http:\/\/www.nationalturk.com\/?p=57321"},"modified":"2011-01-21T11:03:11","modified_gmt":"2011-01-21T09:03:11","slug":"canakkale-ezine-trafik-kazasi-abdullah-koc-21012011","status":"publish","type":"post","link":"https:\/\/www.nationalturk.com\/tr\/canakkale-ezine-trafik-kazasi-abdullah-koc-21012011\/","title":{"rendered":"\u00c7anakkale Ezine&#8217;de trafik kazas\u0131: 1 \u00f6l\u00fc 20 yaral\u0131"},"content":{"rendered":"<h1><img loading=\"lazy\" decoding=\"async\" class=\"alignleft size-medium wp-image-57322\" src=\"http:\/\/www.nationalturk.com\/tr\/wp-content\/uploads\/2011\/01\/trafik_canavari3-220x220.jpg\" alt=\"\" width=\"220\" height=\"220\" title=\"\" srcset=\"https:\/\/www.nationalturk.com\/tr\/wp-content\/uploads\/2011\/01\/trafik_canavari3-220x220.jpg 220w, https:\/\/www.nationalturk.com\/tr\/wp-content\/uploads\/2011\/01\/trafik_canavari3-50x50.jpg 50w, https:\/\/www.nationalturk.com\/tr\/wp-content\/uploads\/2011\/01\/trafik_canavari3-400x400.jpg 400w, https:\/\/www.nationalturk.com\/tr\/wp-content\/uploads\/2011\/01\/trafik_canavari3.jpg 500w\" sizes=\"auto, (max-width: 220px) 100vw, 220px\" \/>\u00c7anakkale Ezine&#8217;de trafik kazas\u0131 \/ \u00c7anakkale&#8217;nin Ezine il\u00e7esinde meydana gelen trafik kazas\u0131nda 1 ki\u015fi hayat\u0131n\u0131 kaybederken 20 ki\u015fi de yaraland\u0131.<\/h1>\n<p>Edinilen bilgilere g\u00f6re Abdullah Ko\u00e7 idaresindeki t\u0131r ile Kadir \u00c7olak y\u00f6netimindeki midib\u00fcs kafa kafaya \u00e7arp\u0131\u015ft\u0131. Kazada t\u0131r s\u00fcr\u00fcc\u00fcs\u00fc Abdullah Ko\u00e7 hayat\u0131n\u0131 kaybederken midib\u00fcste bulunan 20 ki\u015fi yaraland\u0131.<\/p>\n<p>Yaral\u0131lar Ezine ve \u00c7anakkale Devlet Hastanesi&#8217;ne kald\u0131r\u0131ld\u0131.<\/p>\n<!-- Error, Advert is not available at this time due to schedule\/geolocation restrictions! -->\n","protected":false},"excerpt":{"rendered":"<p>\u00c7anakkale Ezine&#8217;de trafik kazas\u0131 \/ \u00c7anakkale&#8217;nin Ezine il\u00e7esinde meydana gelen trafik kazas\u0131nda 1 ki\u015fi hayat\u0131n\u0131 kaybederken 20 ki\u015fi de yaraland\u0131.<\/p>\n","protected":false},"author":4,"featured_media":57322,"comment_status":"open","ping_status":"open","sticky":false,"template":"","format":"standard","meta":{"_acf_changed":false,"footnotes":""},"categories":[6155,349,6805],"tags":[60392,1005,60391,60390,12238,60389,60393],"class_list":["post-57321","post","type-post","status-publish","format-standard","has-post-thumbnail","hentry","category-gundem","category-son-dakika","category-turkiye","tag-abdullah-koc","tag-canakkale","tag-canakkale-ezine-trafik-kazasi","tag-canakkale-trafik-kazasi","tag-ezine","tag-ezine-trafik-kazasi","tag-kadir-colak"],"acf":[],"_links":{"self":[{"href":"https:\/\/www.nationalturk.com\/tr\/wp-json\/wp\/v2\/posts\/57321","targetHints":{"allow":["GET"]}}],"collection":[{"href":"https:\/\/www.nationalturk.com\/tr\/wp-json\/wp\/v2\/posts"}],"about":[{"href":"https:\/\/www.nationalturk.com\/tr\/wp-json\/wp\/v2\/types\/post"}],"author":[{"embeddable":true,"href":"https:\/\/www.nationalturk.com\/tr\/wp-json\/wp\/v2\/users\/4"}],"replies":[{"embeddable":true,"href":"https:\/\/www.nationalturk.com\/tr\/wp-json\/wp\/v2\/comments?post=57321"}],"version-history":[{"count":0,"href":"https:\/\/www.nationalturk.com\/tr\/wp-json\/wp\/v2\/posts\/57321\/revisions"}],"wp:featuredmedia":[{"embeddable":true,"href":"https:\/\/www.nationalturk.com\/tr\/wp-json\/wp\/v2\/media\/57322"}],"wp:attachment":[{"href":"https:\/\/www.nationalturk.com\/tr\/wp-json\/wp\/v2\/media?parent=57321"}],"wp:term":[{"taxonomy":"category","embeddable":true,"href":"https:\/\/www.nationalturk.com\/tr\/wp-json\/wp\/v2\/categories?post=57321"},{"taxonomy":"post_tag","embeddable":true,"href":"https:\/\/www.nationalturk.com\/tr\/wp-json\/wp\/v2\/tags?post=57321"}],"curies":[{"name":"wp","href":"https:\/\/api.w.org\/{rel}","templated":true}]}}