{"id":57365,"date":"2011-01-21T16:52:48","date_gmt":"2011-01-21T14:52:48","guid":{"rendered":"http:\/\/www.nationalturk.com\/?p=57365"},"modified":"2011-01-21T17:36:36","modified_gmt":"2011-01-21T15:36:36","slug":"adnan-polat-onurlu-insanlar-gibi-gelin-istifa-edin-video-21012011","status":"publish","type":"post","link":"https:\/\/www.nationalturk.com\/tr\/adnan-polat-onurlu-insanlar-gibi-gelin-istifa-edin-video-21012011\/","title":{"rendered":"Adnan Polat &#8220;Onurlu insanlar gibi gelin istifa edin&#8221; \/ Video"},"content":{"rendered":"<h1><a href=\"http:\/\/www.nationalturk.com\/tr\/wp-content\/uploads\/2011\/01\/Adnan-Polat-1.jpg\"><img loading=\"lazy\" decoding=\"async\" class=\"alignnone size-full wp-image-57379\" title=\"Adnan Polat Gs\" src=\"http:\/\/www.nationalturk.com\/tr\/wp-content\/uploads\/2011\/01\/Adnan-Polat-1.jpg\" alt=\"\" width=\"610\" height=\"407\" srcset=\"https:\/\/www.nationalturk.com\/tr\/wp-content\/uploads\/2011\/01\/Adnan-Polat-1.jpg 610w, https:\/\/www.nationalturk.com\/tr\/wp-content\/uploads\/2011\/01\/Adnan-Polat-1-280x186.jpg 280w, https:\/\/www.nationalturk.com\/tr\/wp-content\/uploads\/2011\/01\/Adnan-Polat-1-599x400.jpg 599w\" sizes=\"auto, (max-width: 610px) 100vw, 610px\" \/><\/a><\/h1>\n<h1><a href=\"http:\/\/www.nationalturk.com\/tr\/wp-content\/uploads\/2011\/01\/Adnan-Polat-1.jpg\"><\/a>Adnan Polat Bas\u0131n Toplant\u0131s\u0131nda bombalad\u0131. Adnan Polat bas\u0131n kar\u015f\u0131s\u0131na \u00e7\u0131kt\u0131. Polat, y\u00f6netimdeki 3 ismi istifaya \u00e7a\u011f\u0131rd\u0131.\/ Galatasaray haberleri<\/h1>\n<h2>Adnan Polat Bas\u0131n Toplant\u0131s\u0131 \/ Video Haber<\/h2>\n<p>Polat, camian\u0131n etkili isimlerini de sert bir \u015fekilde ele\u015ftirirken 2. Ba\u015fkan Mehmet Helvac\u0131&#8217;yla birlikte Do\u011fan Yal\u00e7\u0131nkaya ve Vedat E\u015fkinat \u00a0&#8216;a istifa \u00e7a\u011fr\u0131s\u0131nda bulundu. Polat &#8220;Hepinizin huzurunda onlar\u0131 onurlu insanlar gibi, \u00a0istifaya davet ediyorum&#8221; dedi.<\/p>\n<p>Bas\u0131n kar\u015f\u0131s\u0131na \u00e7\u0131kan Galatasaray Ba\u015fkan\u0131 Adnan Polat, birbirinden a\u011f\u0131r ifadeler kulland\u0131. Galatasaray &#8216;\u0131n Ocak ay\u0131ndaki icraatlerini de\u011ferlendirerek s\u00f6zlerine ba\u015flayan Adnan Polat, &#8220;5 Ocak&#8217; ta metro uygulamas\u0131, 6 ocak\u2019ta a\u00e7\u0131l\u0131\u015fla ilgili a\u015fa\u011f\u0131 yukar\u0131 100 ki\u015filik g\u00fcvenlik toplant\u0131s\u0131 yapt\u0131k. 11 ocak\u2019ta hayat\u0131m\u0131z\u0131 ge\u00e7irmi\u015f oldu\u011fumuz Galatasarayl\u0131l\u0131\u011f\u0131 \u00f6\u011frendi\u011fimiz Ali Sami Yen \u2019e veda ettik. 12 Ocak\u2019ta yeni \u00fcyelerin tek tek beratlar\u0131n\u0131 verdik. \u00a015 Ocak\u2019ta T\u00fcrk Telekom Arena&#8217;n\u0131n a\u00e7\u0131lk\u0131\u015f\u0131n\u0131 yapt\u0131k. Bu arada Antalyaspor ma\u00e7\u0131n\u0131 oynad\u0131k. Ocak ay\u0131n\u0131 \u00e7ok yo\u011fun bir toplant\u0131 ve faaliyet i\u00e7erisinde ge\u00e7irdik&#8221; dedi.<\/p>\n<h2><strong>Kimse bana Galatasarayl\u0131l\u0131\u011f\u0131, Taraftarl\u0131\u011f\u0131 \u00d6\u011fretemez<\/strong><\/h2>\n<p>Kendisini herkesin tan\u0131d\u0131\u011f\u0131n\u0131 vurgulayan Adnan Polat, &#8220;Beni tan\u0131yorsunuz; ama beni kendi a\u011fz\u0131mdan tan\u0131y\u0131n. Ben, hukukun \u00fcst\u00fcnl\u00fc\u011f\u00fcne inanan; \u00fclkesine, milletine devletine ba\u011fl\u0131, sayg\u0131l\u0131 bir vatanda\u015f\u0131m. Ki\u015filerin dili inanc\u0131 benim i\u00e7in \u00f6nemli de\u011fildir. Herkesin siyasi d\u00fc\u015f\u00fcncesi kendisini ilgilendirir. Ama ben kul hakk\u0131 yemekten korkar\u0131m, takdiri ilahiye de inan\u0131r\u0131m.\u00a0Ali Sami Yen\u2019e ka\u00e7ak girerek Galatasarayl\u0131l\u0131\u011f\u0131m ba\u015flam\u0131\u015ft\u0131r. 47 y\u0131l\u0131n 21 y\u0131l\u0131nda da \u00a0Galatasaray&#8217;da da \u00a0zaman zaman aktif olarak y\u00f6neticilik yapt\u0131m. Futbol ve statlardan sorumlu ba\u015fkan yard\u0131mc\u0131s\u0131yd\u0131m, daha sonra \u00d6zhan Bey\u2019in mali idari ve sportif ba\u015fkan yard\u0131mc\u0131lm\u0131\u011f\u0131n\u0131 yapt\u0131m. Kimse bana Galatasarayl\u0131l\u0131\u011f\u0131, taraftarl\u0131\u011f\u0131 \u00f6\u011fretemez. \u00a0\u00c7\u00fcnk\u00fc; kararlar al\u0131rken\u00a0dikkat etti\u011fim ve meslek olarak kendime koydu\u011fum kararlar vard\u0131r. Her icraatta birinci kural\u0131m Galatasaray&#8217;\u0131n y\u00fcksek menfaatleridir&#8221; ifadelerini kulland\u0131.<\/p>\n<p><strong><a href=\"http:\/\/www.nationalturk.com\/tr\/wp-content\/uploads\/2011\/01\/Adnan-Polat.jpg\"><img loading=\"lazy\" decoding=\"async\" class=\"alignnone size-full wp-image-57380\" title=\"Adnan-Polat\" src=\"http:\/\/www.nationalturk.com\/tr\/wp-content\/uploads\/2011\/01\/Adnan-Polat.jpg\" alt=\"\" width=\"610\" height=\"389\" srcset=\"https:\/\/www.nationalturk.com\/tr\/wp-content\/uploads\/2011\/01\/Adnan-Polat.jpg 610w, https:\/\/www.nationalturk.com\/tr\/wp-content\/uploads\/2011\/01\/Adnan-Polat-280x178.jpg 280w\" sizes=\"auto, (max-width: 610px) 100vw, 610px\" \/><\/a><\/strong><\/p>\n<h3><strong><a href=\"http:\/\/www.nationalturk.com\/tr\/wp-content\/uploads\/2011\/01\/Adnan-Polat.jpg\"><\/a>Galatasaray &#8216;\u0131 Siyasetin D\u0131\u015f\u0131nda Tutmaya \u00c7al\u0131\u015ft\u0131m<\/strong><\/h3>\n<p><strong> <\/strong><br \/>\n25 milyonluk Galatasaray camias\u0131na ve taraftara hitap etti\u011finin bilincinde oldu\u011funu kaydeden Polat \u015f\u00f6yle devam etti, &#8220;Ben Galatasaray &#8216;\u0131\u00a0her zaman siyasetin d\u0131\u015f\u0131nda tutmaya \u00e7al\u0131\u015ft\u0131m. \u00c7\u00fcnk\u00fc Galatasaray siyasetin \u00fcst\u00fcndedir. Galatasaray i\u00e7inde siyaset olmaz. Galatasaray i\u00e7inde de\u011fi\u015fik dil, din \u0131rk ve siyasi d\u00fc\u015f\u00fcncede milyonlarca insan vard\u0131r. Bug\u00fcne kadar ne ben ne de benden \u00f6ncesi ba\u015fkanlar siyaset yapm\u0131\u015flard\u0131r. Ge\u00e7mi\u015f d\u00f6nemde siyasi yar\u0131\u015fa giren bir arkada\u015f\u0131m\u0131z\u0131n Galatasaray &#8216;\u0131n ad\u0131n\u0131 kullanmas\u0131na izin vermedik. Kimse Galatasaray &#8216;\u0131 siyasete alet etmeye \u00e7al\u0131\u015fmas\u0131n&#8221;<\/p>\n<h4><strong>B\u00fcy\u00fck Projeler Ger\u00e7ekle\u015ftirdik<\/strong><\/h4>\n<p>Galatasaray eski ba\u015fkan\u0131 \u00d6zhar Canayd\u0131n &#8216;\u0131n kendisini g\u00f6reve \u00e7a\u011f\u0131rd\u0131\u011f\u0131n\u0131 hat\u0131rlatan Adnan Pol.at, &#8220;1996 \u2018da Galatasaray &#8216;da \u00a0bir Galatasarayl\u0131 olarak hizmetlerimi tamamlam\u0131\u015f ve g\u00f6n\u00fcl rahatl\u0131\u011f\u0131yla ayr\u0131lm\u0131\u015ft\u0131m. 2006 \u2018da rahmetli \u00d6zhan Abi bana gelerek Galatasaray\u00a0seni g\u00f6reve \u00e7a\u011f\u0131r\u0131yor dedi. O d\u00f6nemde\u00a0Siyaset Meydan\u0131\u2019nda anket yap\u0131ld\u0131. 100 bine oydan y\u00fczde 92&#8217;si 7 aday aras\u0131nda bana oy verdi. Geri kalan 6 &#8216;s\u0131 ise y\u00fczde 8 oy ald\u0131.\u00a0Hi\u00e7 plan\u0131mda olmamas\u0131na ra\u011fmen y\u00f6netime geldim. Zaman\u0131m\u0131n y\u00fczde 99\u2019unu Galatasaray &#8216;a\u00a0ay\u0131r\u0131yorum. Futbolu, 20.45\u2019leri bir kenara b\u0131rak\u0131yorum. \u00d6zhan Abi, b\u00fct\u00fcn kul\u00fcb\u00fc bana ba\u011flam\u0131\u015ft\u0131. Kendisi tamamen Galatasaray &#8216;\u0131n\u00a0protokol\u00fcyle ilgileniyordu. Oturup bakt\u0131\u011f\u0131mda, yapt\u0131\u011f\u0131m \u00e7al\u0131\u015fmalar i\u00e7erisinde Galatasaray &#8216;\u0131n\u00a0\u00f6n\u00fcm\u00fczdeki 3-5 y\u0131l i\u00e7erisinde bitirmesi gereken projeleri vard\u0131. Bunlar\u0131 bitirdi\u011fimiz zaman gelece\u011fe daha umutla bakacakt\u0131k.\u00a0Bunlar idari ve mali yap\u0131lanmayd\u0131. Bunun i\u00e7in de t\u00fcz\u00fc\u011f\u00fcn de\u011fi\u015ftirilmesiydi. 30 y\u0131ld\u0131r dokunulmaya sak\u0131n\u0131lan t\u00fcz\u00fc\u011f\u00fc de\u011fi\u015ftirdik. Galatasaray &#8216;\u0131n\u00a0o zamanlarda Galatasaray &#8216;\u0131n\u00a0\u015firket yap\u0131s\u0131 kul\u00fcb\u00fcn bir numaral\u0131 sorunuydu.\u00a0Biz bu \u015firketleri birle\u015ftirdik. Riva\u2019y\u0131, tarla durumundayken, ruhsatl\u0131 bir hale getirdik. 50 milyon dolarl\u0131k de\u011feri, \u015fimdi 200 milyon dolarlar\u0131n \u00fczerindedir. Galatasaray &#8216;a art\u0131k\u00a0hizmet veremeyecek hale gelen Ali Sami Yen Stad\u0131 &#8216;n\u0131 ta\u015f\u0131d\u0131k. Bunu polemik yapanlar vard\u0131.\u00a0Ali Sami Yen \u2019in kapat\u0131l\u0131p yeni stada ge\u00e7memiz tart\u0131\u015f\u0131ld\u0131 ama biz 15 Ocak\u2019ta T\u00fcrk Telekom Arena \u2019y\u0131 a\u00e7t\u0131k.\u00a06. projemiz de gelir gider dengesinin olu\u015fturulmas\u0131yd\u0131. T\u00fcrk Telekom Arena \u2019n\u0131n a\u00e7\u0131lmas\u0131 ve oraya ta\u015f\u0131nmam\u0131z onun i\u00e7in \u00f6nemliydi. \u00a0Stad\u0131n a\u00e7\u0131lmas\u0131n\u0131 15 Ocak \u2018a ittirmemizin nedeni 2012 kriterlerine kavu\u015fmam\u0131z i\u00e7in gerekli mali kaynaklar\u0131na olan ihtiyac\u0131m\u0131zd\u0131&#8221;<\/p>\n<h3>T\u00fcrk Telekom Arena Sadece Ekonomik Olarak De\u011fil Psikolojik Olarak da En B\u00fcy\u00fck projesidir<\/h3>\n<h3>Erdo\u011fan Bayraktar Projeyi Sahiplendi<\/h3>\n<p>T\u00fcrk Telekom Arena Stad\u0131 &#8216;n\u0131n yap\u0131l\u0131\u015f\u0131yla ilgili de konu\u015fan Adnan Polat, &#8220;2006 Mart ay\u0131nda g\u00f6reve geldi\u011fimde, rahmetli \u00d6zhan Canayd\u0131n, beni ald\u0131 kar\u015f\u0131s\u0131na oturttu. Bu stat konusunu ne yapaca\u011f\u0131z dedi ve T\u00fcrk Telekom ile anla\u015fmam\u0131z gerekti\u011fi konusunda fikir birli\u011fine vard\u0131k.\u00a0Rahmetli Hasan Do\u011fan \u2018\u0131n da yard\u0131m\u0131yla say\u0131n Ba\u015fbakan &#8216;dan randevu alarak stat konusunu ba\u015flatt\u0131k.\u00a0Daha sonra \u00d6zhan bey ba\u015fkanl\u0131ktan ayr\u0131l\u0131ncaya kadar elbirli\u011fiyle \u00e7al\u0131\u015ft\u0131k. I\u015f\u0131n \u00c7elebi bu d\u00f6nemde bizden \u00e7ok yo\u011fun \u00e7al\u0131\u015ft\u0131. \u00d6zhan Abi ayr\u0131ld\u0131ktan sonra hasta olmas\u0131na ra\u011fmen, bana hep yard\u0131mc\u0131 oldu. Bazen geldi bazen de telefon etti.\u00a0T\u00fcrk Telekom Arena, Galatasaray &#8216;\u0131n gelece\u011fi a\u00e7\u0131s\u0131ndan sadece ekonomik olarak de\u011fil psikolojik olarak de en \u00f6nemli projesidir.\u00a0Protokol\u00fcn imzaland\u0131\u011f\u0131 andan itibaren say\u0131n Ba\u015fbakan her talebimize cevap verdi. Her t\u0131kand\u0131\u011f\u0131nda duruma m\u00fcdahele oldu \u00e7\u00f6zd\u00fc.\u00a0Say\u0131n ba\u015fbakan her \u015feyin takip\u00e7isi oldu.\u00a0Burada bu i\u015fi realize etmesi i\u00e7in de b\u00fcrokrat olarak Toki ba\u015fkan\u0131 Erdo\u011fan Bayraktar \u2018\u0131 g\u00f6revlendirdi. B\u00fct\u00fcn ili\u015fkilerimizi b\u00fct\u00fcn koordinasyonlar\u0131 Erdo\u011fan Bey yapm\u0131\u015ft\u0131r. Metroyla, maliye bakanl\u0131\u011f\u0131yla, istimlaklarla ilgili k\u0131s\u0131mlar\u0131 Erdo\u011fan Bey y\u00fcr\u00fctt\u00fc.\u00a0Samimi olarak s\u00f6yl\u00fcyorum Erdo\u011fan Bey bu projeyi sahiplendi ve bu proje bitti&#8221; ifadelerini kulland\u0131.<\/p>\n<h4><strong>A\u00e7\u0131l\u0131\u015fa Kimler \u00c7a\u011fr\u0131ld\u0131<\/strong><\/h4>\n<p>15 Ocak &#8216;\u0131n kendileri i\u00e7in \u00f6nemli bir g\u00fcn oldu\u011funu vurgulayan Galatasaray Ba\u015fkan\u0131 Adnan Polat, &#8221; Zaman\u0131nda teslim edilmedi\u011fi i\u00e7in son zamanlar\u0131m\u0131z s\u0131k\u0131nt\u0131l\u0131 ge\u00e7ti. T\u00fcm planlar\u0131 15 Ocak &#8216;a g\u00f6re yapm\u0131\u015ft\u0131k.\u00a0En b\u00fcy\u00fck korkumuz Olimpiyat\u2019taki a\u00e7\u0131l\u0131\u015f s\u0131k\u0131nt\u0131lar\u0131yd\u0131. A\u00e7\u0131k a\u00e7\u0131k ifade etmek gerekirse ula\u015ft\u0131rma bakanl\u0131\u011f\u0131m\u0131z, B\u00fcy\u00fck\u015fehir Belediye ba\u015fkan\u0131, Vali Bey, Metro idaresi y\u00f6netimi hepimiz bu a\u00e7\u0131l\u0131\u015fa odakland\u0131k. Kolay de\u011fildi 50 bin ki\u015filik bir stat a\u00e7\u0131l\u0131yordu. \u00a018 bin kombine satt\u0131k. 18 bin ki\u015fi kombine biletlerin sat\u0131\u015flar\u0131 yeti\u015fmedi\u011fi i\u00e7in davetiye g\u00f6nderdik. Galatasaray\u00a0camias\u0131 ilk defa bir \u00e7at\u0131 alt\u0131na gelsin istedik. Bunun i\u00e7in t\u00fcm \u00fcyelerimize davet g\u00f6nderdik. E\u015fleriyle birlikte 17 bin ki\u015fi de bunlard\u0131. 35 bin ki\u015fi ediyor. Geriye kalan 3-4 bin ki\u015filik k\u0131sm\u0131 bo\u015f b\u0131rakt\u0131k. Galatasaray\u00a0bayra\u011f\u0131 var, Ali Sami Yen &#8216;in foto\u011fraf\u0131 var. Bu stad\u0131n yap\u0131m\u0131 i\u00e7in hangi kurum varsa onlar\u0131 buraya davet edelim dedik ve TOK\u0130\u2019den ba\u015flayarak, B\u00fcy\u00fck\u015fehir Belediyesi, Metro genel m\u00fcd\u00fcrl\u00fc\u011f\u00fcm\u00fc, Ula\u015ft\u0131rma bakanl\u0131\u011f\u0131na sorduk istenilen davetiyeleri g\u00f6nderdik.\u00a0Varyap 1500 i\u015f\u00e7iyi ma\u00e7a getirdi. Stad\u0131n a\u00e7\u0131l\u0131\u015f\u0131nda \u00a0muhte\u015fem bir g\u00f6r\u00fcnt\u00fc vard\u0131.\u00a0A\u00e7\u0131l\u0131\u015fa say\u0131n ba\u015fbakan\u0131m\u0131z\u0131 davet etmi\u015ftim o da s\u0131\u011folsun kabul etti. Biz birka\u00e7 g\u00fcn yo\u011funluktan uykusuz ve yorgunduk. Son g\u00fcn bile gece 4\u2019te evimize gidip ertesi g\u00fcn 10\u2019da geldik.<\/p>\n<h4><strong>Emniyetten Provakasyon Konusunda Uyar\u0131ld\u0131k <\/strong><\/h4>\n<p>Emniyet M\u00fcd\u00fcrl\u00fc\u011f\u00fc &#8216;n\u00fcn a\u00e7\u0131l\u0131\u015f \u00f6ncesi uyar\u0131da bulundu\u011funu s\u00f6yleyen Galatasaray Ba\u015fkan\u0131 Adnan Polat, &#8220;Oradaki emniyet amirlerinden bir tanesi bana davetiyelerin d\u0131\u015f\u0131nda i\u00e7eriye 300\u2019e yak\u0131n bir s\u0131zma olmu\u015f. Bunlar provokat\u00f6r m\u00fc eylemci mi biz de bilmiyoruz dediler bu da bizi endi\u015feye sevketti. 3-4 defa stad\u0131n i\u00e7inde devaml\u0131 tur att\u0131m ve say\u0131n ba\u015fbakan gelene kadar da o endi\u015feyi ya\u015fad\u0131k. Say\u0131n ba\u015fbakan\u0131n geli\u015fi s\u0131ras\u0131nda oradaki 46-47 bin ki\u015fi aras\u0131nda c\u0131l\u0131z tepkilerin gelmesi bu i\u015fin do\u011fas\u0131nda var.<br \/>\nErdo\u011fan Bayraktar konu\u015fmaya ba\u015flad\u0131\u011f\u0131nda derin bir protesto ba\u015flad\u0131. Konu\u015fmay\u0131 ben yak\u0131nda olmama ra\u011fmen duyam\u0131yordum. Oradaki \u00fcslup, ses tonu, misafirlerimizi davetlilerimizi irrite etti ve tepki g\u00f6rd\u00fc. Bu olabilir, do\u011fal bir \u015fey. Zaten say\u0131n Baykartar d\u00fcn beni arad\u0131. B\u00fcrokrat oldu\u011fu i\u00e7in her zaman \u00e7\u0131k\u0131p konu\u015fam dedi. Bana, benim nas\u0131l bir Galatasaray\u2019l\u0131 oldu\u011fumu biliyorsun dedi. Kendini bildi biledi Galatasarayl\u0131d\u0131r. Stat i\u00e7in \u00e7ok emek vermi\u015ftir. Ama yapt\u0131\u011f\u0131 yapt\u0131\u011f\u0131 konu\u015fmadan dolay\u0131 b\u00fcy\u00fck bir tepki alm\u0131\u015ft\u0131r.<br \/>\n&#8220;Ben o toplulu\u011fun kar\u015f\u0131s\u0131nda, o kadar b\u00fcy\u00fck topluluk kar\u015f\u0131s\u0131nda ilk defa konu\u015ftum. Belki atmosfer, i\u00e7inde bulundu\u011fum haleti ruhiyeden dolay\u0131, ben orada yanl\u0131\u015f yapt\u0131m dedi. Ben esas\u0131nda \u00f6yle bir \u015fey s\u00f6ylemek istemedim dedi. Ben o d\u00f6nemde Galatasaray &#8216;\u0131n\u00a0i\u00e7inde bulundu\u011fu durumu ve Galatasaray &#8216;\u0131n nas\u0131l bir eser ortaya koydu\u011funu anlatmak istedim. Ben sesimi y\u00fckselttik\u00e7e taraftar ba\u011f\u0131rd\u0131. Olay \u00e7ok farkl\u0131 bir noktaya gitti.\u00a0Ben gs taraftar\u0131ndan ve ca\u0131mias\u0131ndan sizin nezdinizde \u00f6z\u00fcr diliyorum&#8221; dedi. Ben de say\u0131n ba\u015fkan bunu kamuoyun nezdinde payla\u015fabilir miyim dedim, o da l\u00fctfen \u00f6z\u00fcrlerimi bildirin dedi. Bizden Erdo\u011fan bayraktar \u00f6z\u00fcr diledi. Benim i\u00e7in Erdo\u011fan Bayraktar olay\u0131 bitmi\u015ftir.&#8221; a\u00e7\u0131klamalar\u0131n\u0131 yapt\u0131.<\/p>\n<h1>\u0130\u015fte Erdo\u011fan Bayraktar &#8216;\u0131n \u00f6z\u00fcr dile\u011fi ile ilgili a\u00e7\u0131klamalar\u0131 :<\/h1>\n[media id=1019 width=610 height=340]\n<h5><strong>Ba\u015fbakan\u0131n Y\u00fcz\u00fcn\u00fcn Rengi De\u011fi\u015fti <\/strong><\/h5>\n<p>Protestolar\u0131n ba\u015fbakan\u0131 \u00e7ok \u00fczd\u00fc\u011f\u00fcn\u00fc vurgulayan Adnan Polat, &#8220;Bu protestolar bu i\u015fe de ger\u00e7ekten b\u00fcy\u00fck emek veren say\u0131n Ba\u015fbakan \u00e7ok \u00fczd\u00fc. \u0130nan\u0131n y\u00fcz\u00fcn\u00fcn rengi de\u011fi\u015fti. 30 saniye yan\u0131ndaki bakanlarla isti\u015fare etti. Biz burada daha fazla durmayal\u0131m dedi ve biz de onu yolcu ettik.\u00a05 Y\u0131ll\u0131k emek. Muhte\u015fem bir gece. Muhte\u015fem bir stat. Ortada kalan hayal k\u0131r\u0131kl\u0131\u011f\u0131, k\u0131zg\u0131nl\u0131k k\u00fcsk\u00fcnl\u00fck. Say\u0131n ba\u015fbakan \u00e7ok b\u00fcy\u00fck hayal k\u0131r\u0131kl\u0131\u011f\u0131 ya\u015fad\u0131 hayatta en b\u00fcy\u00fck \u00fcz\u00fcnt\u00fc duydu\u011fum anlardan biridir.&#8221;<\/p>\n<h5><strong>Yorgunluktan Dolay\u0131 Protesto Edenler Dedim<\/strong><\/h5>\n<p>A\u00e7\u0131l\u0131\u015f gecesi do\u011fru d\u00fczg\u00fcn uyuyamad\u0131klar\u0131n\u0131 belirten Adnan Polat, &#8220;Ertesi g\u00fcn ola\u011fan\u00fcst\u00fc bir toplant\u0131 yapt\u0131k. Bir a\u00e7\u0131klama yapmam\u0131z gerekti. Yaz\u0131l\u0131 yapmam\u0131z gerekirdi. \u0130\u00e7eriye s\u0131zanlar, yasad\u0131\u015f\u0131 \u00f6rg\u00fct \u00fcyesi de\u011fil. O g\u00fcn emniyet m\u00fcd\u00fcr\u00fc provak\u00f6t\u00fcrler olarak tan\u0131mlad\u0131 biz de provakat\u00f6rler olarak tan\u0131mlad\u0131k. Ali Sami Yen Stad\u0131\u2019 nda da emniyet her ma\u00e7 sonras\u0131 kamera g\u00f6r\u00fcnt\u00fclerini al\u0131r. Burda da \u00f6yle oldu. Bu provak\u00f6t\u00f6rlerlerle ilgili bir s\u00f6ylem yapt\u0131m. O yo\u011fgunlukta protestocular olarak s\u00f6yledim. Ertesi g\u00fcn gazetelerle protestocular \u00e7\u0131kt\u0131. Yanl\u0131\u015f yapt\u0131\u011f\u0131m\u0131 anlad\u0131m ve bir d\u00fczeltme yapt\u0131m. Demokrasilerin i\u00e7eresinde protestocular vard\u0131r. Ne \u0131sl\u0131k\u00e7\u0131 ne protestocu av\u0131na \u00e7\u0131kmad\u0131k. Kimsenin ismini polise vermedik. Kald\u0131 ki davet etti\u011fimiz insanlar\u0131n 300-500 davetiye alanlar\u0131n o davetiyeleri kimlere verdiklerini bilmiyoruz. Sanki biz Galatasaray\u00a0\u2019l\u0131 taraftarlar\u0131 fi\u015fliyormu\u015fuz gibi bir s\u00fcr\u00fc yaz\u0131 \u00e7\u0131kt\u0131&#8221; ifadelerini kulland\u0131.<\/p>\n<p><a href=\"http:\/\/www.nationalturk.com\/tr\/wp-content\/uploads\/2011\/01\/Adnan-Polat-2.jpg\"><img loading=\"lazy\" decoding=\"async\" class=\"alignnone size-full wp-image-57381\" title=\"Adnan-Polat-2\" src=\"http:\/\/www.nationalturk.com\/tr\/wp-content\/uploads\/2011\/01\/Adnan-Polat-2.jpg\" alt=\"\" width=\"610\" height=\"416\" srcset=\"https:\/\/www.nationalturk.com\/tr\/wp-content\/uploads\/2011\/01\/Adnan-Polat-2.jpg 610w, https:\/\/www.nationalturk.com\/tr\/wp-content\/uploads\/2011\/01\/Adnan-Polat-2-280x190.jpg 280w, https:\/\/www.nationalturk.com\/tr\/wp-content\/uploads\/2011\/01\/Adnan-Polat-2-586x400.jpg 586w\" sizes=\"auto, (max-width: 610px) 100vw, 610px\" \/><\/a><\/p>\n<h5><strong>Asacaksa beni Galatasaray Taraftar\u0131 Ass\u0131n <\/strong><\/h5>\n<p>Provakat\u00f6r kelimesinden yola \u00e7\u0131karak 5 g\u00fcnd\u00fcr kendisini yarg\u0131lad\u0131klar\u0131n\u0131 s\u00f6yleyen Adnan Polat, &#8220;Bana kimse Galatasaray\u00a0taraftarl\u0131\u011f\u0131n\u0131 \u00f6\u011fretmesin. \u00a0Galatasaray &#8216;l\u0131l\u0131\u011fa\u00a047 y\u0131l\u0131m\u0131 verdim. Taraftar\u0131 k\u0131zd\u0131r\u0131p, politikaya alet edip, durumdan vazife \u00e7\u0131karmak isteyen bir s\u00fcr\u00fc insan var. Bunlar\u0131n hi\u00e7 biri benim g\u00f6z\u00fcm\u00fc korkutamaz. \u015eimdiye kadar yapt\u0131\u011f\u0131m her \u015feyin arkas\u0131nday\u0131m. \u0130nsan olarak yanl\u0131\u015f yapm\u0131\u015f olabilirim; ama \u015fimdiye kadar Galatasaray\u00a0taraftar\u0131 benden en ufak \u015fekilde zarar g\u00f6rmemi\u015ftir. Bir tane \u00e7\u0131k\u0131p s\u00f6yleyemez. Diyorlar ki pazar g\u00fcn\u00fc T\u00fcrk Telekom Arena \u2018ya gidersen seni protesto edecekler. Beni protesto edeceklerse Galatasaray\u00a0taraftar\u0131 etsin ba\u015fkas\u0131 edemez. \u00a0Bizi asacaklarsa Galatasaray\u00a0taraftar\u0131 asabilir ba\u015fkas\u0131 asamaz. Bundan vazife \u00e7\u0131kar\u0131p da Galatasaray\u00a0taraftar\u0131n\u0131 politikaya alet edemezler&#8221; \u015feklinde sert ifadeler kulland\u0131.<\/p>\n<p>AK Partili baz\u0131 yetkililerin a\u00e7\u0131klamalar\u0131na da cevap veren Galatasaray Ba\u015fkan\u0131 Adnan Polat, &#8220;Ba\u015fbakan\u0131n d\u0131\u015f\u0131ndaki Ak Partili dostlara da bir \u015feyler s\u00f6ylemek istiyorum. Galatasaray\u00a0\u2019a y\u00f6nelik s\u00f6ylemleri Galatasaray\u00a0camias\u0131n\u0131 \u00e7ok \u00fczd\u00fc. Galatasaray,\u00a025 milyonluk bir \u00fclke n\u00fcfusundan fazla bir n\u00fcfusa sahip bir kitledir. Bu insanlar\u0131n g\u00f6nl\u00fcn\u00fc k\u0131rmak kolayl\u0131r kazanmak zordur&#8221; mesaj\u0131 verdi.<\/p>\n<h2>\u0130\u015fte Adnan Polat &#8216;\u0131n Galatasaray taraftarlar\u0131yla ilgili a\u00e7\u0131klamalar\u0131n\u0131n video &#8216;su:<\/h2>\n[media id=1020 width=610 height=340]\n<h5><strong>Kimse Kendisini Derin Galatasarayl\u0131 Olarak \u0130lan Etmesin<\/strong><\/h5>\n<p>Galatasaray kongre \u00fcyelerine de seslenen Adnan Polat, &#8220;Kongre \u00fcyelerine bir \u015fey s\u00f6ylemek istiyorum. L\u00fctfen art\u0131k Galatasaray\u00a0ile ilgili medyaya bir \u015feyler s\u00f6ylemeyin. Bizi y\u0131pratmak i\u00e7in bize zarar veriyorlar; ama kul\u00fcbe daha \u00e7ok zarar veriyorlar. Bizi de\u011ferlendirmek istiyorsan\u0131z 45 g\u00fcn sonra mali ve idari genel kurulumuz var. Gelin orada ele\u015ftirin, ibra edin veya etmeyin. Ama \u015fu anda suk\u00fcnet edin.\u00a0Bir de bizim abi diye sayg\u0131 g\u00f6sterdi\u011fimiz insanlar var.\u00a0Kendisini derin Galatasarayl\u0131 olarak ilan edenler var. Sanki Galatasaray\u00a0kul\u00fcb\u00fcn\u00fcn \u00fcyelerinin oylar\u0131 bunlar\u0131n ipote\u011fi alt\u0131nda. Sanki Galatasaray\u00a0\u00fcyeleri kendi h\u00fcr iradesiyle karar veremezmi\u015f gibi a\u011f\u0131r abi g\u00f6r\u00fcnt\u00fcs\u00fc veriyor. Kimse Galatasaray\u00a0\u00fcyelerini bu \u015fekilde a\u015fa\u011f\u0131layamaz&#8221; dedi.<\/p>\n<h6><strong>T\u00fcrk Telekom Arena &#8216;n\u0131n Devriyle \u0130lgili Protokol \u00c7al\u0131\u015fmalar\u0131m\u0131z Var<\/strong><\/h6>\n<p>T\u00fcrk Telekom Arena\u2019n\u0131n devriyle ilgili protokol \u00e7al\u0131\u015fmalar\u0131n\u0131n oldu\u011funu s\u00f6yleyen Adnan Polat, &#8220;Bir s\u0131k\u0131nt\u0131 olaca\u011f\u0131n\u0131 tahmin etmiyorum. 10 g\u00fcn i\u00e7iresinde stad\u0131n devir i\u015flemlerinin bitece\u011fini tahmin ediyorum. Biz bu stad\u0131 5 y\u0131ld\u0131zl\u0131 hale getirece\u011fiz.\u00a0Bunun devrini de \u00f6n\u00fcm\u00fczdeki 10 g\u00fcn i\u00e7erisinde tamamlayaca\u011f\u0131z.\u00a0Zaten bunun devriyle ilgili olarak say\u0131n ba\u015fbakan\u0131n da imzas\u0131n\u0131n oldu\u011fu yol haritas\u0131 belirlenmi\u015f durumda.\u00a068 sayfal\u0131k eksik tespit edildi. Biz de il spor genel m\u00fcd\u00fcrl\u00fc\u011f\u00fcnden bu devri alaca\u011f\u0131z ve firma da eksikleri tamamlayacak.\u00a0Stad\u0131 devralmad\u0131\u011f\u0131m\u0131z i\u00e7in statta fazla bir \u015fey yapam\u0131yoruz.\u00a0Rahmetli Ali Sami Yen\u2019den rahmetli \u00d6zhan A\u011fabey \u2019den de prim sa\u011flamaya \u00e7al\u0131\u015f\u0131yorlar.\u00a0Adamlar\u0131 yatt\u0131\u011f\u0131 yerde rahat b\u0131rak\u0131n.\u00a0Rahmetli olmu\u015f her ba\u015fkan\u0131n o statta yeri olacak. Bu statta en b\u00fcy\u00fck emeklerden birini rahmetli \u00d6zhan Canayd\u0131n yer alm\u0131\u015ft\u0131r. Stad\u0131 devrald\u0131\u011f\u0131m\u0131zda yapacaklar\u0131m\u0131z\u0131 g\u00f6r\u00fcn ondan sonra konu\u015fal\u0131m&#8221; ifadelerini kulland\u0131.<\/p>\n<h1><strong>Onurlu \u0130nsanlar Gibi \u0130stifa Etsinler <\/strong><\/h1>\n<p>S\u0131k\u0131nt\u0131l\u0131 zor g\u00fcnlerde etraf\u0131n\u0131zdaki ki\u015filerin kim oldu\u011funu daha iyi g\u00f6r\u00fcyorsunuz \u015feklinde konu\u015fan Adnan Polat ba\u015fta 2. Ba\u015fkan Mehmet Helvac\u0131 olmak \u00fczere baz\u0131 isimlere sert \u00e7\u0131kt\u0131. Polat, 3 ismin istifas\u0131n\u0131 isterken &#8220;Y\u00f6netim kurulu 2. Ba\u015fkan \u015funu s\u00f6yl\u00fcyor \u201c\u0130bra olmayaca\u011f\u0131z erken se\u00e7ime gidelim diyor.\u201d\u00a0Benim ibra olmamak gibi bir derdim yok. Sanki Galatasaray\u00a0y\u00f6netimi h\u0131rs\u0131zl\u0131k, yolsuzluk yapm\u0131\u015f gibi ibradan korkuyor havas\u0131 hakim. Divan kuruluna \u015fimdi faaliyet raporlar\u0131 150 sayfa gidiyor. Bu kul\u00fcbe \u015feffafl\u0131\u011f\u0131 ben getirdim. Galatasaray &#8216;\u0131n\u00a0sahibi v\u00fccudu genel kuruldur, ruhu da taraftard\u0131r. Baz\u0131 \u015feyleri\u00a0medyaya a\u00e7\u0131klad\u0131\u011f\u0131 i\u00e7in buradan cevap veriyorum, yoksa burada bu a\u00e7\u0131klamay\u0131 yapmazd\u0131m. \u015eunu anlamaz\u0131 laz\u0131m ki kimse Galatasaray\u00a0ba\u015fkanl\u0131k makam\u0131na ve Galatasaray\u00a0y\u00f6netimini tehdit edemez, \u015fantaj yapamaz. Bunun ad\u0131 ihanettir. Onun i\u00e7in say\u0131n Mehmet Helvac\u0131\u2019y\u0131 , Do\u011fan Yal\u00e7\u0131nkaya \u2018y\u0131 ve Vedat E\u015fkinat \u2018\u0131 onurlu insanlar gibi, buradan hepinizin huzurunda istifaya davet ediyorum.&#8221;<\/p>\n<h1><strong>Galatasaray Ba\u015fkan\u0131 Kuzu De\u011fildir<\/strong><\/h1>\n<p>Bug\u00fcne kadar camian\u0131n b\u00fct\u00fcnl\u00fc\u011f\u00fc, Galatasaray\u00a0\u2019\u0131n menfaatleri ad\u0131na sustu\u011funu s\u00f6yleyen Adnan Polat ,&#8221;Ama Galatasaray&#8217;\u0131n ba\u015fkan\u0131 da bir asland\u0131r, bunu unutmay\u0131n bir kuzu de\u011fildir. Biz say\u0131n Helvac\u0131\u2019yla 5 y\u0131l boyunca kader birli\u011fi yapt\u0131k. Bundan sonra birlikte olmam\u0131z m\u00fcmk\u00fcn de\u011fil. Bug\u00fcn i\u00e7erisinde istifalar\u0131n\u0131 bana getirmelerini rica ediyorum. Galatasaray\u00a0tarihinde hi\u00e7 olmad\u0131\u011f\u0131 kadar spek\u00fcle ediyor. Ama samimi olarak \u015funu s\u00f6yl\u00fcyorum. S\u00f6z\u00fcn\u00fc verdi\u011fimiz b\u00fct\u00fcn projeleri tamamlad\u0131k. S\u0131k\u0131nt\u0131lar ge\u00e7mi\u015f d\u00f6nemlere g\u00f6re \u00e7ok az s\u0131k\u0131nt\u0131lar olarak g\u00f6r\u00fclebilir. Bizim olmaz sa olmaz iki ko\u015fulumuz var. Biri camian\u0131n, di\u011feri de taraftar\u0131n deste\u011fi. Taraftar destek vermezse biz a\u011fz\u0131m\u0131zla ku\u015f tutsak bir \u015fey olmaz. Ali Sami Yen \u2019den ayr\u0131l\u0131rken beni sevmeyen 3-5 ki\u015fi \u0131sl\u0131klayabilir. Ama Servet gol att\u0131 diye onu \u0131sl\u0131klayamazlar. Onun i\u00e7in zaman birlik ve beraberlik zaman\u0131d\u0131r. T\u00fcm taraftarlar ve camiam\u0131z birlik ve beraberlik i\u00e7erisinde olmam\u0131z gerekiyor.\u00a0Rakiplerimize bakt\u0131\u011f\u0131m\u0131zda olan olaylar ve al\u0131nan neticelere bakt\u0131\u011f\u0131m\u0131zda s\u0131rf ele\u015ftirilen ki\u015fi ben ve y\u00f6netimim. Bir a\u011fabeyimiz 20 senedir yap\u0131lamayan \u015feyl.eri 3 seneye s\u0131\u011f\u0131d\u0131rd\u0131\u011f\u0131n i\u00e7indir. Bunun i\u00e7in ele\u015ftiriliyorum&#8221; ifadeleriyle s\u00f6zlerini bitirdi.<\/p>\n<p>NationalTurk.com<\/p>\n<!-- Error, Advert is not available at this time due to schedule\/geolocation restrictions! -->\n<!-- Error, Advert is not available at this time due to schedule\/geolocation restrictions! -->\n","protected":false},"excerpt":{"rendered":"<p>Adnan Polat Bas\u0131n Toplant\u0131s\u0131nda bombalad\u0131. Adnan Polat bas\u0131n kar\u015f\u0131s\u0131na \u00e7\u0131kt\u0131. Polat, y\u00f6netimdeki 3 ismi istifaya \u00e7a\u011f\u0131rd\u0131.\/ Galatasaray haberleri<\/p>\n","protected":false},"author":4,"featured_media":57379,"comment_status":"open","ping_status":"open","sticky":false,"template":"","format":"standard","meta":{"_acf_changed":false,"footnotes":""},"categories":[763,5005,6194,342],"tags":[10689,8952,29113,4114,21442,60436,49672,32072,10579],"class_list":["post-57365","post","type-post","status-publish","format-standard","has-post-thumbnail","hentry","category-gunun-olayi","category-manset","category-spor","category-video","tag-ali-sami-yen","tag-basbakan","tag-basin-toplantisi","tag-galatasaray","tag-galatasaray-baskani-adnan-polat","tag-istifa-edin","tag-mehmet-helvaci","tag-toki-baskani-erdogan-bayraktar","tag-turk-telekom-arena"],"acf":[],"_links":{"self":[{"href":"https:\/\/www.nationalturk.com\/tr\/wp-json\/wp\/v2\/posts\/57365","targetHints":{"allow":["GET"]}}],"collection":[{"href":"https:\/\/www.nationalturk.com\/tr\/wp-json\/wp\/v2\/posts"}],"about":[{"href":"https:\/\/www.nationalturk.com\/tr\/wp-json\/wp\/v2\/types\/post"}],"author":[{"embeddable":true,"href":"https:\/\/www.nationalturk.com\/tr\/wp-json\/wp\/v2\/users\/4"}],"replies":[{"embeddable":true,"href":"https:\/\/www.nationalturk.com\/tr\/wp-json\/wp\/v2\/comments?post=57365"}],"version-history":[{"count":0,"href":"https:\/\/www.nationalturk.com\/tr\/wp-json\/wp\/v2\/posts\/57365\/revisions"}],"wp:featuredmedia":[{"embeddable":true,"href":"https:\/\/www.nationalturk.com\/tr\/wp-json\/wp\/v2\/media\/57379"}],"wp:attachment":[{"href":"https:\/\/www.nationalturk.com\/tr\/wp-json\/wp\/v2\/media?parent=57365"}],"wp:term":[{"taxonomy":"category","embeddable":true,"href":"https:\/\/www.nationalturk.com\/tr\/wp-json\/wp\/v2\/categories?post=57365"},{"taxonomy":"post_tag","embeddable":true,"href":"https:\/\/www.nationalturk.com\/tr\/wp-json\/wp\/v2\/tags?post=57365"}],"curies":[{"name":"wp","href":"https:\/\/api.w.org\/{rel}","templated":true}]}}