{"id":58264,"date":"2011-01-28T15:28:08","date_gmt":"2011-01-28T13:28:08","guid":{"rendered":"http:\/\/www.nationalturk.com\/?p=58264"},"modified":"2011-01-28T15:28:08","modified_gmt":"2011-01-28T13:28:08","slug":"kck-davasi-kurtce-savunma-protesto-58264","status":"publish","type":"post","link":"https:\/\/www.nationalturk.com\/tr\/kck-davasi-kurtce-savunma-protesto-58264\/","title":{"rendered":"KCK davas\u0131 san\u0131klar\u0131ndan protesto"},"content":{"rendered":"<h1><img loading=\"lazy\" decoding=\"async\" class=\"alignleft size-full wp-image-58268\" title=\"KCK Davas\u0131 devam ediyor\" src=\"http:\/\/www.nationalturk.com\/tr\/wp-content\/uploads\/2011\/01\/kck__tutuklular.jpg\" alt=\"\" width=\"397\" height=\"302\" srcset=\"https:\/\/www.nationalturk.com\/tr\/wp-content\/uploads\/2011\/01\/kck__tutuklular.jpg 397w, https:\/\/www.nationalturk.com\/tr\/wp-content\/uploads\/2011\/01\/kck__tutuklular-280x212.jpg 280w\" sizes=\"auto, (max-width: 397px) 100vw, 397px\" \/>KCK davas\u0131 san\u0131klar\u0131ndan K\u00fcrt\u00e7e protestosu! PKK&#8217;n\u0131n \u015fehir yap\u0131lanmas\u0131 KCK davas\u0131n\u0131n 18. duru\u015fmas\u0131nda da san\u0131klar\u0131n K\u00fcrt\u00e7e savunmas\u0131na izin verilmedi.<\/h1>\n<p>San\u0131klar\u0131n K\u00fcrt\u00e7e savunmaya ili\u015fkin yapt\u0131klar\u0131 son talep de mahkeme heyeti taraf\u0131ndan reddedilince san\u0131klar alk\u0131\u015fl\u0131 protestoya ba\u015flad\u0131. Salondaki izleyicilerin \u00a0de protesto eylemine destek verdikleri g\u00f6r\u00fcld\u00fc. Aralar\u0131nda BDP\u2019li 12 belediye ba\u015fkan\u0131n\u0131n da bulundu\u011fu 104\u2019\u00fc tutuklu, 19\u2019u firari 152 san\u0131\u011f\u0131n yarg\u0131lanmas\u0131na bug\u00fcn 6\u2019nc\u0131 A\u011f\u0131r Ceza Mahkemesi\u2019nde devam edildi. Duru\u015fmaya, tutuklu 104 san\u0131ktan 96 san\u0131k, tutuksuz san\u0131klardan ise 7\u2019si kat\u0131ld\u0131.<\/p>\n<p>BDP Genel Ba\u015fkan\u0131 Selahattin Demirta\u015f, BDP milletvekilleri ve san\u0131k yak\u0131nlar\u0131 duru\u015fmay\u0131 izleyenler aras\u0131ndayd\u0131. San\u0131klar yine yoklama s\u0131ras\u0131nda K\u00fcrt\u00e7e olarak buraday\u0131m dedi. Savunmas\u0131 istenen san\u0131klardan Seyithan Haran K\u00fcrt\u00e7e konu\u015fmaya ba\u015flad\u0131, mahkeme ba\u015fkan\u0131 yine mikrofonu kapatt\u0131rd\u0131.<\/p>\n<p>San\u0131k avukatlar\u0131ndan Metin \u0130riz, ba\u015fta Cumhurba\u015fkan\u0131 olmak \u00fczere siyasilerin K\u00fcrt\u00e7e savunmayla ilgili yorumlar\u0131n\u0131 hat\u0131rlatt\u0131 ve Hakkari ile \u015eanl\u0131urfa mahkemelerinin K\u00fcrt\u00e7e savunman\u0131n kabul\u00fcne ili\u015fkin kararlar\u0131n\u0131 mahkemeye sundu. \u0130riz, mahkemenin K\u00fcrt\u00e7e savunma karar\u0131n\u0131 son bir kez daha de\u011ferlendirmesini istedi. Mahkeme Ba\u015fkan\u0131 Menderes Y\u0131lmaz da, talebin daha \u00f6nceki gerek\u00e7eler do\u011frultusunda reddedildi\u011fini s\u00f6yledi.<\/p>\n<p>Batman Belediye Ba\u015fkan\u0131 Nejdet Atalay ise san\u0131klar ad\u0131na s\u00f6z alarak T\u00fcrk\u00e7e konu\u015ftu.\u00a0Kendilerini ifade etme f\u0131rsat\u0131 bulamad\u0131klar\u0131n\u0131 belirten Atalay, konu\u015fma yapma ihtiyac\u0131n\u0131 mahkemenin seyri nedeniyle ger\u00e7ekle\u015ftirdi\u011fini s\u00f6yledi.\u00a0KCK davas\u0131n\u0131n K\u00fcrt sorunu ve T\u00fcrkiye demokrasisinin gelece\u011fini belirleyece\u011fini iddia eden Nejdet Atalay, &#8220;Ter\u00f6rle m\u00fccadele yasas\u0131 kapsam\u0131nda yarg\u0131lan\u0131yoruz. Yarg\u0131lamada t\u0131kan\u0131kl\u0131k ya\u015fan\u0131yor ama bunun nedeni biz de\u011filiz. Yarg\u0131lama boyunca s\u00fckunetimizi, sayg\u0131m\u0131z\u0131 koruduk, korumaya da devam edece\u011fiz. Ancak, mahkeme bizlerin kendimizi savunmamas\u0131 i\u00e7in elinden geleni yapmaktad\u0131r&#8221; diye konu\u015ftu.<\/p>\n<p>AKP h\u00fck\u00fcmetinin KCK davas\u0131na m\u00fcdahil oldu\u011funu iddia eden Atalay, &#8220;Siz say\u0131n yarg\u0131\u00e7lar\u0131n bunlara hizmet etmemesini, alet olmaman\u0131z\u0131 isteriz. Kanaatimizce bu tutumunuz toplumsal bar\u0131\u015fa, \u00f6zg\u00fcrl\u00fcklere hizmet etmedi\u011finizi d\u00fc\u015f\u00fcnmekteyiz. Bu yarg\u0131lama me\u015fru de\u011fildir. K\u00fcrt\u00e7e dili yok say\u0131l\u0131yor, sayg\u0131 g\u00f6rm\u00fcyor. Sizlerin sa\u011f duyulu olman\u0131z\u0131 isteriz&#8221; dedi.<\/p>\n<span style=\"font-weight: bold; color: #f00;\">Error, group does not exist! Check your syntax! (ID: 51)<\/span>\n<span style=\"font-weight: bold; color: #f00;\">Error, group does not exist! Check your syntax! (ID: 53)<\/span>\n","protected":false},"excerpt":{"rendered":"<p>KCK davas\u0131 san\u0131klar\u0131ndan K\u00fcrt\u00e7e protestosu! PKK&#8217;n\u0131n \u015fehir yap\u0131lanmas\u0131 KCK davas\u0131n\u0131n 18. duru\u015fmas\u0131nda da san\u0131klar\u0131n K\u00fcrt\u00e7e savunmas\u0131na izin verilmedi.<\/p>\n","protected":false},"author":4,"featured_media":58268,"comment_status":"open","ping_status":"open","sticky":false,"template":"","format":"standard","meta":{"_acf_changed":false,"footnotes":""},"categories":[6155,5005,6202,349,6805],"tags":[11498,33893,49742,60052,61125,61126,53766,61127],"class_list":["post-58264","post","type-post","status-publish","format-standard","has-post-thumbnail","hentry","category-gundem","category-manset","category-politika","category-son-dakika","category-turkiye","tag-bdp","tag-kck","tag-kck-davasi","tag-kck-davasi-nedir","tag-kck-davasi-protesto","tag-kck-kurtce-protestosu","tag-kurtce-savunma","tag-kurtce-savunma-kck"],"acf":[],"_links":{"self":[{"href":"https:\/\/www.nationalturk.com\/tr\/wp-json\/wp\/v2\/posts\/58264","targetHints":{"allow":["GET"]}}],"collection":[{"href":"https:\/\/www.nationalturk.com\/tr\/wp-json\/wp\/v2\/posts"}],"about":[{"href":"https:\/\/www.nationalturk.com\/tr\/wp-json\/wp\/v2\/types\/post"}],"author":[{"embeddable":true,"href":"https:\/\/www.nationalturk.com\/tr\/wp-json\/wp\/v2\/users\/4"}],"replies":[{"embeddable":true,"href":"https:\/\/www.nationalturk.com\/tr\/wp-json\/wp\/v2\/comments?post=58264"}],"version-history":[{"count":0,"href":"https:\/\/www.nationalturk.com\/tr\/wp-json\/wp\/v2\/posts\/58264\/revisions"}],"wp:featuredmedia":[{"embeddable":true,"href":"https:\/\/www.nationalturk.com\/tr\/wp-json\/wp\/v2\/media\/58268"}],"wp:attachment":[{"href":"https:\/\/www.nationalturk.com\/tr\/wp-json\/wp\/v2\/media?parent=58264"}],"wp:term":[{"taxonomy":"category","embeddable":true,"href":"https:\/\/www.nationalturk.com\/tr\/wp-json\/wp\/v2\/categories?post=58264"},{"taxonomy":"post_tag","embeddable":true,"href":"https:\/\/www.nationalturk.com\/tr\/wp-json\/wp\/v2\/tags?post=58264"}],"curies":[{"name":"wp","href":"https:\/\/api.w.org\/{rel}","templated":true}]}}