{"id":58347,"date":"2011-01-29T06:03:13","date_gmt":"2011-01-29T04:03:13","guid":{"rendered":"http:\/\/www.nationalturk.com\/?p=58347"},"modified":"2011-01-29T16:31:59","modified_gmt":"2011-01-29T14:31:59","slug":"misir-isyani-foto-galeri-58347","status":"publish","type":"post","link":"https:\/\/www.nationalturk.com\/tr\/misir-isyani-foto-galeri-58347\/","title":{"rendered":"M\u0131s\u0131r isyan\u0131 \/ foto galeri"},"content":{"rendered":"<p><a href=\"http:\/\/www.nationalturk.com\/tr\/wp-content\/uploads\/2011\/01\/Misir-kanli-protestolar-13.jpg\"><img loading=\"lazy\" decoding=\"async\" class=\"size-full wp-image-58348 alignnone\" title=\"M\u0131s\u0131r kanl\u0131 protestolar\" src=\"http:\/\/www.nationalturk.com\/tr\/wp-content\/uploads\/2011\/01\/Misir-kanli-protestolar-13.jpg\" alt=\"\" width=\"610\" height=\"500\"><\/a><\/p>\n<p>M\u0131s\u0131r&#8217;da 30 y\u0131ll\u0131k H\u00fcsn\u00fc M\u00fcbarek diktas\u0131n\u0131n sona ermesi i\u00e7in halk sokaklara d\u00f6k\u00fcld\u00fc. \/ M\u0131s\u0131r isyan Foto galeri<\/p>\n<p>Tunus&#8217;ta k\u0131v\u0131lc\u0131m\u0131 \u00e7akan isyan ate\u015fi M\u0131s\u0131r&#8217;\u0131 da etki alt\u0131na ald\u0131. Yolsuzluk ve yoksullu\u011fun bezdirdi\u011fi halk, Devlet Ba\u015fkan\u0131 H\u00fcsn\u00fc M\u00fcbarek&#8217;in gitmesi i\u00e7in sokaklara d\u00f6k\u00fcld\u00fc. Protestocular ile g\u00fcvenlik g\u00fc\u00e7lerinin kar\u015f\u0131 kar\u015f\u0131ya geldi\u011fi olaylarda resmi olmayan rakamlara g\u00f6re 24 ki\u015fi \u00f6ld\u00fc 1000&#8217;den fazla ki\u015fi ise yaraland\u0131. \u0130\u015fte ajanslardan d\u00fc\u015fen kanl\u0131 M\u0131s\u0131r \u0130syan\u0131&#8217;na dair \u00e7arp\u0131c\u0131 foto\u011fraf galerisi:<\/p>\n[flagallery gid=98 name=&#8221;Gallery&#8221;]\n<!-- Error, Advert is not available at this time due to schedule\/geolocation restrictions! -->\n<!-- Error, Advert is not available at this time due to schedule\/geolocation restrictions! -->\n","protected":false},"excerpt":{"rendered":"<p>M\u0131s\u0131r&#8217;da 30 y\u0131ll\u0131k H\u00fcsn\u00fc M\u00fcbarek diktas\u0131n\u0131n sona ermesi i\u00e7in halk sokaklara d\u00f6k\u00fcld\u00fc. \/ M\u0131s\u0131r isyan Foto galeri<\/p>\n","protected":false},"author":4,"featured_media":58348,"comment_status":"open","ping_status":"open","sticky":false,"template":"","format":"standard","meta":{"_acf_changed":false,"footnotes":""},"categories":[763,5005,349],"tags":[61165,61038,9903,61153,61164,61169,720,61167,61168,61166,16044],"class_list":["post-58347","post","type-post","status-publish","format-standard","has-post-thumbnail","hentry","category-gunun-olayi","category-manset","category-son-dakika","tag-foto-galeri","tag-fotograf","tag-husnu-mubarek","tag-isyan","tag-kanli-misir-isyani","tag-kanli-misir-isyanindan-kareler","tag-misir","tag-misir-foto","tag-misir-foto-galeri","tag-misir-fotograf","tag-tunus"],"acf":[],"_links":{"self":[{"href":"https:\/\/www.nationalturk.com\/tr\/wp-json\/wp\/v2\/posts\/58347","targetHints":{"allow":["GET"]}}],"collection":[{"href":"https:\/\/www.nationalturk.com\/tr\/wp-json\/wp\/v2\/posts"}],"about":[{"href":"https:\/\/www.nationalturk.com\/tr\/wp-json\/wp\/v2\/types\/post"}],"author":[{"embeddable":true,"href":"https:\/\/www.nationalturk.com\/tr\/wp-json\/wp\/v2\/users\/4"}],"replies":[{"embeddable":true,"href":"https:\/\/www.nationalturk.com\/tr\/wp-json\/wp\/v2\/comments?post=58347"}],"version-history":[{"count":0,"href":"https:\/\/www.nationalturk.com\/tr\/wp-json\/wp\/v2\/posts\/58347\/revisions"}],"wp:featuredmedia":[{"embeddable":true,"href":"https:\/\/www.nationalturk.com\/tr\/wp-json\/wp\/v2\/media\/58348"}],"wp:attachment":[{"href":"https:\/\/www.nationalturk.com\/tr\/wp-json\/wp\/v2\/media?parent=58347"}],"wp:term":[{"taxonomy":"category","embeddable":true,"href":"https:\/\/www.nationalturk.com\/tr\/wp-json\/wp\/v2\/categories?post=58347"},{"taxonomy":"post_tag","embeddable":true,"href":"https:\/\/www.nationalturk.com\/tr\/wp-json\/wp\/v2\/tags?post=58347"}],"curies":[{"name":"wp","href":"https:\/\/api.w.org\/{rel}","templated":true}]}}