{"id":58512,"date":"2011-01-31T10:59:19","date_gmt":"2011-01-31T08:59:19","guid":{"rendered":"http:\/\/www.nationalturk.com\/?p=58512"},"modified":"2011-01-31T10:59:19","modified_gmt":"2011-01-31T08:59:19","slug":"basbakan-erdogan-denizli-konusmasi-58512","status":"publish","type":"post","link":"https:\/\/www.nationalturk.com\/tr\/basbakan-erdogan-denizli-konusmasi-58512\/","title":{"rendered":"Erdo\u011fan Denizli&#8217;de! &#8220;\u0130ktidara y\u00fcr\u00fcyordunuz, e\u015fk\u0131yal\u0131k nereden \u00e7\u0131kt\u0131&#8221;"},"content":{"rendered":"<h1><img loading=\"lazy\" decoding=\"async\" class=\"alignnone size-full wp-image-58515\" title=\"Ba\u015fbakan Erdo\u011fan\" src=\"http:\/\/www.nationalturk.com\/tr\/wp-content\/uploads\/2011\/01\/erdogan_konusma_istanbul.jpg\" alt=\"\" width=\"610\" height=\"333\"><\/h1>\n<h1>Ba\u015fbakan Erdo\u011fan, Denizli&#8217;de yapt\u0131\u011f\u0131 konu\u015fmada CHP\u2019li milletvekillerinin \u201chalka direni\u015f\u201d \u00e7a\u011fr\u0131s\u0131 ile ilgili, sert a\u00e7\u0131klamalar yapt\u0131.<\/h1>\n<p>Ba\u015fbakan Recep Tayyip Erdo\u011fan Denizli&#8217;de toplu a\u00e7\u0131l\u0131\u015f t\u00f6renine kat\u0131ld\u0131. T\u00f6rende yapt\u0131\u011f\u0131 konu\u015fmada CHP Genel Ba\u015fkan\u0131 Kemal K\u0131l\u0131\u00e7daro\u011flu ve CHP&#8217;li vekillere y\u00fcklenen Erdo\u011fan, direni\u015f \u00e7a\u011fr\u0131s\u0131yla ilgili olarak &#8220;Hani siz iktidara y\u00fcr\u00fcyordunuz, hani siz ilk genel se\u00e7imde iktidard\u0131n\u0131z. \u2018\u0130ktidar olmazsam \u00e7ekilirim.\u2019 diyordun. Hani siz anketlerde oylar\u0131n\u0131z\u0131 art\u0131r\u0131yordunuz? Ne oldu? Bu direni\u015f i\u015fi nereden \u00e7\u0131kt\u0131? Bu e\u015fk\u0131yal\u0131k sevdas\u0131 nereden \u00e7\u0131kt\u0131. \u0130ktidara gelece\u011fini, oylar\u0131n\u0131 art\u0131raca\u011f\u0131n\u0131 d\u00fc\u015f\u00fcnen biri \u00e7\u0131kar da e\u015fk\u0131yal\u0131\u011f\u0131, ter\u00f6rizmi, anar\u015fiyi \u00f6ver mi?\u201d dedi.<\/p>\n<p>CHP&#8217;nin milletin tevecc\u00fch\u00fcne mazhar olmamakta inat etti\u011fini ifade eden Erdo\u011fan, &#8220;Adnan Menderes d\u00f6neminde yapt\u0131klar\u0131n\u0131n ayn\u0131s\u0131n\u0131 yap\u0131yorlar. Darbeye zemin haz\u0131rlay\u0131p \u00e7anak tuttular, darbecileri alk\u0131\u015flad\u0131lar. Ama milletim bunlara prim vermiyor.\u00a0CHP genel ba\u015fkan\u0131, direni\u015f \u00e7a\u011fr\u0131s\u0131 hakk\u0131nda derhal bir a\u00e7\u0131klama yapmal\u0131d\u0131r. Aksi takdirde bu isyan \u00e7a\u011fr\u0131s\u0131, bu e\u015fk\u0131yal\u0131k \u00f6zlemi, bu tahrik siyaseti CHP\u2019nin tarihine yeni bir kara leke olarak yap\u0131\u015facak, oradan da tarih boyunca hi\u00e7 \u00e7\u0131kmayacakt\u0131r&#8221; diye konu\u015ftu.<\/p>\n<p>Ba\u015fbakan Erdo\u011fan, Kemal K\u0131l\u0131\u00e7daro\u011flu&#8217;nun SSK Genel M\u00fcd\u00fcrl\u00fc\u011f\u00fc d\u00f6nemi hakk\u0131ndaki iddialar\u0131n\u0131 da s\u00fcrd\u00fcrd\u00fc. Erdo\u011fan, &#8220;E\u015fe dosta da\u011f\u0131tt\u0131\u011f\u0131 ihalelerle atamalarda, tayinlerde ter\u00f6r \u00f6rg\u00fct\u00fc mensuplar\u0131n\u0131 kay\u0131rmas\u0131yla bu beyefendi, tarihe ge\u00e7mi\u015ftir. Bunlar\u0131 b\u00fct\u00e7e m\u00fczakerelerinde a\u00e7\u0131k\u00e7a ortaya koyduk. Belgeleriyle ortaya koyduk. \u2018\u0130mtihans\u0131z kimseyi almad\u0131m.\u2019 diyor. \u0130mtihans\u0131z olarak eleman ald\u0131\u011f\u0131n\u0131n resmi belgeleri gazetelerde yay\u0131nlan\u0131yor&#8221; ifadelerini kulland\u0131.<\/p>\n<p>Vatanda\u015flara, CHP\u2019nin iktidar veya h\u00fck\u00fcmet orta\u011f\u0131 oldu\u011fu d\u00f6nemlerde mal kuyruklar\u0131 ve ekonomik dengenin bozuldu\u011funu unutmamalar\u0131n\u0131 isteyen Erdo\u011fan, \u201c\u015eunu unutmay\u0131n, bu \u00fclkede CHP ne zaman iktidar orta\u011f\u0131 olduysa, zaten tek ba\u015f\u0131na iktidar olam\u0131yor, olmaz da benim milletim bunlara iktidar vermez. Bunlar\u0131n ne yapt\u0131klar\u0131n\u0131 g\u00f6rd\u00fck. Bunlar ne zaman iktidar olduysa kuyruklar o zaman ba\u015flad\u0131. Ne zaman iktidar olduysa akaryak\u0131t, k\u0131yma, gaz ya\u011f\u0131 hepsi kara borsaya d\u00fc\u015ft\u00fc. CHP ne zaman bu iktidar\u0131n bir ucundan tuttuysa, T\u00fcrkiye\u2019nin t\u00fcm ekonomik dengeleri alt \u00fcst oldu. Bu \u00fclke bunlar\u0131n iktidar\u0131 d\u00f6neminde 5 sent&#8217;e muhta\u00e7 hale geldi. CHP ne zaman iktidar orta\u011f\u0131 olsa istikrar, g\u00fcven, huzur \u00e7ok a\u011f\u0131r yalar ald\u0131\u201d diye konu\u015ftu.<\/p>\n<!-- Error, Advert is not available at this time due to schedule\/geolocation restrictions! -->\n","protected":false},"excerpt":{"rendered":"<p>Ba\u015fbakan Erdo\u011fan, Denizli&#8217;de yapt\u0131\u011f\u0131 konu\u015fmada CHP\u2019li milletvekillerinin \u201chalka direni\u015f\u201d \u00e7a\u011fr\u0131s\u0131 ile ilgili, sert a\u00e7\u0131klamalar yapt\u0131.<\/p>\n","protected":false},"author":4,"featured_media":58515,"comment_status":"open","ping_status":"open","sticky":false,"template":"","format":"standard","meta":{"_acf_changed":false,"footnotes":""},"categories":[6155,5005,6202,6805],"tags":[9476,8723,61284,61287,5115],"class_list":["post-58512","post","type-post","status-publish","format-standard","has-post-thumbnail","hentry","category-gundem","category-manset","category-politika","category-turkiye","tag-akp","tag-chp","tag-erdogan-denizli","tag-eskiya-tartismasi","tag-kemal-kilicdaroglu"],"acf":[],"_links":{"self":[{"href":"https:\/\/www.nationalturk.com\/tr\/wp-json\/wp\/v2\/posts\/58512","targetHints":{"allow":["GET"]}}],"collection":[{"href":"https:\/\/www.nationalturk.com\/tr\/wp-json\/wp\/v2\/posts"}],"about":[{"href":"https:\/\/www.nationalturk.com\/tr\/wp-json\/wp\/v2\/types\/post"}],"author":[{"embeddable":true,"href":"https:\/\/www.nationalturk.com\/tr\/wp-json\/wp\/v2\/users\/4"}],"replies":[{"embeddable":true,"href":"https:\/\/www.nationalturk.com\/tr\/wp-json\/wp\/v2\/comments?post=58512"}],"version-history":[{"count":0,"href":"https:\/\/www.nationalturk.com\/tr\/wp-json\/wp\/v2\/posts\/58512\/revisions"}],"wp:featuredmedia":[{"embeddable":true,"href":"https:\/\/www.nationalturk.com\/tr\/wp-json\/wp\/v2\/media\/58515"}],"wp:attachment":[{"href":"https:\/\/www.nationalturk.com\/tr\/wp-json\/wp\/v2\/media?parent=58512"}],"wp:term":[{"taxonomy":"category","embeddable":true,"href":"https:\/\/www.nationalturk.com\/tr\/wp-json\/wp\/v2\/categories?post=58512"},{"taxonomy":"post_tag","embeddable":true,"href":"https:\/\/www.nationalturk.com\/tr\/wp-json\/wp\/v2\/tags?post=58512"}],"curies":[{"name":"wp","href":"https:\/\/api.w.org\/{rel}","templated":true}]}}