{"id":59222,"date":"2011-02-04T10:38:49","date_gmt":"2011-02-04T08:38:49","guid":{"rendered":"http:\/\/www.nationalturk.com\/?p=59222"},"modified":"2011-02-04T10:39:14","modified_gmt":"2011-02-04T08:39:14","slug":"abd-ve-misirli-yetkililer-mubarek-sonrasini-gorustu","status":"publish","type":"post","link":"https:\/\/www.nationalturk.com\/tr\/abd-ve-misirli-yetkililer-mubarek-sonrasini-gorustu\/","title":{"rendered":"ABD ve M\u0131s\u0131rl\u0131 yetkililer M\u00fcbarek sonras\u0131n\u0131 g\u00f6r\u00fc\u015ft\u00fc"},"content":{"rendered":"<h1>\n<figure id=\"attachment_59228\" aria-describedby=\"caption-attachment-59228\" style=\"width: 267px\" class=\"wp-caption alignleft\"><a href=\"http:\/\/www.nationalturk.com\/tr\/wp-content\/uploads\/2011\/02\/husnu-mubarek.jpg\"><img loading=\"lazy\" decoding=\"async\" class=\"size-medium wp-image-59228\" title=\"Husnu Mubarek\" src=\"http:\/\/www.nationalturk.com\/tr\/wp-content\/uploads\/2011\/02\/husnu-mubarek-267x220.jpg\" alt=\"\" width=\"267\" height=\"220\" srcset=\"https:\/\/www.nationalturk.com\/tr\/wp-content\/uploads\/2011\/02\/husnu-mubarek-267x220.jpg 267w, https:\/\/www.nationalturk.com\/tr\/wp-content\/uploads\/2011\/02\/husnu-mubarek.jpg 304w\" sizes=\"auto, (max-width: 267px) 100vw, 267px\" \/><\/a><figcaption id=\"caption-attachment-59228\" class=\"wp-caption-text\">M\u0131s\u0131r&#39;\u0131 30 y\u0131l y\u00f6neten H\u00fcsn\u00fc M\u00fcbarek art\u0131k \u00fclkede istenmiyor<\/figcaption><\/figure>\n<p>ABD&#8217;li yetkililer Ba\u015fkan Barack Obama y\u00f6netimiyle, M\u0131s\u0131r&#8217;l\u0131 \u00fcst d\u00fczey y\u00f6neticilerle H\u00fcsn\u00fc M\u00fcbarek sonras\u0131n\u0131 g\u00f6r\u00fc\u015ft\u00fcklerini a\u00e7\u0131klad\u0131.\/D\u00fcnya haberleri<\/h1>\n<p>Barack Obama y\u00f6netiminin, M\u0131s\u0131rl\u0131 y\u00f6neticilerle M\u0131s\u0131r Devlet Ba\u015fkan\u0131 H\u00fcsn\u00fc M\u00fcbarek sonras\u0131n\u0131 g\u00f6r\u00fc\u015ft\u00fckleri \u00f6ne s\u00fcr\u00fcld\u00fc. G\u00f6r\u00fc\u015fmelerde, M\u0131s\u0131r Devlet Ba\u015fkan\u0131 H\u00fcsn\u00fc M\u00fcbarek&#8217;in olas\u0131 istifas\u0131 durumunda, olu\u015fturulacak ge\u00e7ici h\u00fck\u00fcmetin yol haritas\u0131 ve \u00a0bu y\u0131l\u0131n sonunda yap\u0131lacak se\u00e7imlerin adil bi\u00e7imde ger\u00e7ekle\u015fmesi i\u00e7in g\u00f6r\u00fc\u015f al\u0131\u015fveri\u015finde bulunuldu\u011fu belirtildi.<\/p>\n<p>ABD&#8217;li yetkili, M\u0131s\u0131r\u0131n ba\u015fkenti Kahire ba\u015fta olmak \u00fczere di\u011fer M\u0131s\u0131r \u015fehirlerinde ba\u015flayan ve devam eden h\u00fck\u00fcmet kar\u015f\u0131t\u0131 g\u00f6steriler sonras\u0131, \u00a0ge\u00e7ici h\u00fck\u00fcmetin ordu destekli olmas\u0131n\u0131n da masada oldu\u011fu kaydedildi.<\/p>\n<p>The New York Times gazetesi konuyla ilgili olarak ise M\u0131s\u0131rl\u0131 yetkililerin Amerika Birle\u015fik Devletleri&#8217;nin \u00fclkede bir \u00e7\u00f6z\u00fcm i\u00e7in \u00e7al\u0131\u015fmad\u0131\u011f\u0131 endi\u015fesinde olduklar\u0131n\u0131, ancak m\u0131s\u0131r yetkililerinin \u00fclkede bar\u0131\u015f\u00e7\u0131l bir \u00e7\u00f6z\u00fcm i\u00e7in M\u00fcbarek&#8217;in sonra g\u00f6revi b\u0131rakmas\u0131n\u0131 bile d\u00fc\u015f\u00fcnd\u00fcklerini \u00f6ne s\u00fcrd\u00fc. \u00a0Yetkililer, diplomatik g\u00f6r\u00fc\u015fmelerin devam etti\u011fini, \u00a0H\u00fcsn\u00fc M\u00fcbarek&#8217;in acil olarak g\u00f6revden ayr\u0131lmas\u0131n\u0131n ilk tercih oldu\u011fu da a\u00e7\u0131klad\u0131lar.<\/p>\n<p>Beyaz Saray s\u00f6zc\u00fcs\u00fc ise g\u00f6r\u00fc\u015fmelerle ilgili a\u00e7\u0131klama yapmad\u0131. Barack Obama&#8217;n\u0131n yard\u0131mc\u0131s\u0131 Joe Biden, ABD D\u0131\u015fi\u015fleri Bakan\u0131 Hillary Rodham Clinton&#8217;dan bir g\u00fcn sonra M\u0131s\u0131r Devlet Ba\u015fkan\u0131 \u00d6mer S\u00fcleyman&#8217;la durum g\u00f6r\u00fc\u015fmesi yapt\u0131. Ne Biden ne de Hillary Rodham Clinton, H\u00fcsn\u00fc M\u00fcbarek&#8217;e y\u00f6nelik \u00f6zel bir istifa \u00e7a\u011fr\u0131s\u0131nda bulunmad\u0131.<\/p>\n<p>NationalTurk<\/p>\n<!-- Error, Advert is not available at this time due to schedule\/geolocation restrictions! -->\n<!-- Error, Advert is not available at this time due to schedule\/geolocation restrictions! -->2<\/p>\n","protected":false},"excerpt":{"rendered":"<p>ABD&#8217;li yetkililer Ba\u015fkan Barack Obama y\u00f6netimiyle, M\u0131s\u0131r&#8217;l\u0131 \u00fcst d\u00fczey y\u00f6neticilerle H\u00fcsn\u00fc M\u00fcbarek sonras\u0131n\u0131 g\u00f6r\u00fc\u015ft\u00fcklerini a\u00e7\u0131klad\u0131.\/D\u00fcnya haberleri<\/p>\n","protected":false},"author":4,"featured_media":59228,"comment_status":"open","ping_status":"open","sticky":false,"template":"","format":"standard","meta":{"_acf_changed":false,"footnotes":""},"categories":[6768,6769,6665,763,5005],"tags":[1887,2225,2509,2936,61826,61827,9903,720,61824,7699,61825],"class_list":["post-59222","post","type-post","status-publish","format-standard","has-post-thumbnail","hentry","category-amerika","category-asya","category-dunya","category-gunun-olayi","category-manset","tag-abd","tag-amerika-birlesik-devletleri","tag-barack-obama","tag-beyaz-saray","tag-hillary-rodham-clinton","tag-hukumet-karsiti","tag-husnu-mubarek","tag-misir","tag-misir-sehirleri","tag-new-york-times","tag-omer-suleymnan"],"acf":[],"_links":{"self":[{"href":"https:\/\/www.nationalturk.com\/tr\/wp-json\/wp\/v2\/posts\/59222","targetHints":{"allow":["GET"]}}],"collection":[{"href":"https:\/\/www.nationalturk.com\/tr\/wp-json\/wp\/v2\/posts"}],"about":[{"href":"https:\/\/www.nationalturk.com\/tr\/wp-json\/wp\/v2\/types\/post"}],"author":[{"embeddable":true,"href":"https:\/\/www.nationalturk.com\/tr\/wp-json\/wp\/v2\/users\/4"}],"replies":[{"embeddable":true,"href":"https:\/\/www.nationalturk.com\/tr\/wp-json\/wp\/v2\/comments?post=59222"}],"version-history":[{"count":0,"href":"https:\/\/www.nationalturk.com\/tr\/wp-json\/wp\/v2\/posts\/59222\/revisions"}],"wp:featuredmedia":[{"embeddable":true,"href":"https:\/\/www.nationalturk.com\/tr\/wp-json\/wp\/v2\/media\/59228"}],"wp:attachment":[{"href":"https:\/\/www.nationalturk.com\/tr\/wp-json\/wp\/v2\/media?parent=59222"}],"wp:term":[{"taxonomy":"category","embeddable":true,"href":"https:\/\/www.nationalturk.com\/tr\/wp-json\/wp\/v2\/categories?post=59222"},{"taxonomy":"post_tag","embeddable":true,"href":"https:\/\/www.nationalturk.com\/tr\/wp-json\/wp\/v2\/tags?post=59222"}],"curies":[{"name":"wp","href":"https:\/\/api.w.org\/{rel}","templated":true}]}}