{"id":5973,"date":"2009-10-03T16:54:28","date_gmt":"2009-10-03T13:54:28","guid":{"rendered":"http:\/\/www.nationalturk.com\/?p=5973"},"modified":"2009-10-15T16:43:48","modified_gmt":"2009-10-15T13:43:48","slug":"abdullah-gulden-ermeni-diasporasina-ogutler","status":"publish","type":"post","link":"https:\/\/www.nationalturk.com\/tr\/abdullah-gulden-ermeni-diasporasina-ogutler\/","title":{"rendered":"Abdullah G\u00fcl&#8217;den Ermeni diasporas\u0131na \u00f6\u011f\u00fctler!"},"content":{"rendered":"<p><strong><img loading=\"lazy\" decoding=\"async\" class=\"alignleft size-medium wp-image-5974\" title=\"Abdullah G\u00fcl\" src=\"http:\/\/www.nationalturk.com\/tr\/wp-content\/uploads\/2009\/10\/abdullahh_gul-280x187.jpg\" alt=\"Abdullah G\u00fcl\" width=\"280\" height=\"187\" srcset=\"https:\/\/www.nationalturk.com\/tr\/wp-content\/uploads\/2009\/10\/abdullahh_gul-280x187.jpg 280w, https:\/\/www.nationalturk.com\/tr\/wp-content\/uploads\/2009\/10\/abdullahh_gul-598x400.jpg 598w, https:\/\/www.nationalturk.com\/tr\/wp-content\/uploads\/2009\/10\/abdullahh_gul.jpg 1600w\" sizes=\"auto, (max-width: 280px) 100vw, 280px\" \/>Cumhurba\u015fkan\u0131 Abdullah G\u00fcl, T\u00fcrk\u00e7e Konu\u015fan \u00dclkelerin Devlet Ba\u015fkanlar\u0131 9&#8217;uncu Zirvesi&#8217;ne kat\u0131lmak \u00fczere gitti\u011fi Nah\u00e7\u0131van&#8217;da d\u00fczenledi\u011fi bas\u0131n toplant\u0131s\u0131nda Ermeni diasporas\u0131na \u00e7a\u011fr\u0131da bulundu.<\/strong><\/p>\n<p>G\u00fcl, &#8220;Uzaklarda durup b\u00f6lgenin problemlerinin \u00e7\u00f6z\u00fclmesine engel olmamalar\u0131 laz\u0131m. Baz\u0131 \u00fclkelerde onlar kimliklerini muhafaza etmek, korumak i\u00e7in bunu bir politika olarak devam ettirdiklerini g\u00f6r\u00fcyorum. Ama bu do\u011fru de\u011fildir&#8221; dedi.<\/p>\n<p>Zirve sonras\u0131 Duzda\u011f Otel&#8217;de bas\u0131n toplant\u0131s\u0131 d\u00fczenleyen Cumhurba\u015fkan\u0131 Abdullah G\u00fcl, zirveyi de\u011ferlendirdi ve buradan Ermeni diasporas\u0131na \u00e7a\u011fr\u0131da bulundu. Kafkaslardaki bar\u0131\u015f \u00e7al\u0131\u015fmalar\u0131n\u0131n Ermeni diasporas\u0131 taraf\u0131ndan da desteklenmesi gerekti\u011fini ifade eden Cumhurba\u015fkan\u0131 G\u00fcl, \u015f\u00f6yle konu\u015ftu: &#8220;Benim burada Ermeni diasporas\u0131na da s\u00f6yleyece\u011fim \u015fey \u015fudur:Uzaklarda durup b\u00f6lgenin problemlerinin \u00e7\u00f6z\u00fclmesine engel olmamalar\u0131 laz\u0131m. Baz\u0131 \u00fclkelerde onlar kimliklerini muhafaza etmek, korumak i\u00e7in bunu bir politika olarak devam ettirdiklerini g\u00f6r\u00fcyorum. Ama bu do\u011fru de\u011fildir. Kafkaslar i\u00e7in bar\u0131\u015f \u00e7al\u0131\u015fmalar\u0131n\u0131, Kafkaslardaki yeni i\u015fbirli\u011fi \u00e7al\u0131\u015fmalar\u0131n\u0131 onlar\u0131n da desteklemesi gerekir. E\u011fer Ermenistan&#8217;\u0131n gelece\u011fini d\u00fc\u015f\u00fcn\u00fcyorlarsa. Yoksa \u00e7ok uzaktan oturup konu\u015fmak kolay olur.&#8221;<\/p>\n<p>\u201cEN B\u00dcY\u00dcK ACIYI T\u00dcRKLER \u00c7EKT\u0130\u201d<\/p>\n<p>Birinci D\u00fcnya Sava\u015f\u0131&#8217;nda en b\u00fcy\u00fck ac\u0131y\u0131 T\u00fcrklerin \u00e7ekti\u011fini belirten Cumhurba\u015fkan\u0131 G\u00fcl, \u015funlar\u0131 s\u00f6yledi: &#8220;Bir d\u00fcnya harbinin ortaya \u00e7\u0131kartt\u0131\u011f\u0131 \u015fartlar\u0131, e\u011fer bug\u00fcn tekrar ortaya \u00e7\u0131karacak olursak \u00e7ok \u015feyler a\u00e7\u0131yoruz. Tabii ki ac\u0131lar\u0131 herkes \u00e7ekmi\u015ftir. En \u00e7ok M\u00fcsl\u00fcman T\u00fcrkler \u00e7ekmi\u015ftir. Sadece Anadolu&#8217;da de\u011fil, Balkanlarda \u00e7ekmi\u015ftir. \u00dc\u00e7 milyona yak\u0131n balkan T\u00fcrk&#8217;\u00fc yerlerini yurtlar\u0131n\u0131 terk etmi\u015ftir.D\u00fcnyan\u0131n her taraf\u0131nda \u00e7ok ac\u0131lar olmu\u015ftur. Bunlar belki sava\u015f ortam\u0131n\u0131n ortaya \u00e7\u0131kartt\u0131\u011f\u0131 ac\u0131lar olmu\u015ftur. Biz b\u00fct\u00fcn ac\u0131lar\u0131 payla\u015f\u0131yoruz. Nas\u0131l ac\u0131lar\u0131n ya\u015fand\u0131\u011f\u0131, nas\u0131l provakatif \u015feylerin oldu\u011fu ancak ar\u015fivler a\u00e7\u0131l\u0131p bak\u0131l\u0131rsa do\u011frusu o zaman g\u00f6r\u00fclecektir. En b\u00fcy\u00fck ac\u0131y\u0131 T\u00fcrk milleti \u00e7ekmi\u015ftir. Bunu herkes bilmektedir. Ama T\u00fcrkiye Cumhuriyet kurulduktan sonra bu ac\u0131lar\u0131 yeni nesillere ta\u015f\u0131mamak i\u00e7in bunlar\u0131 d\u00fcnya kamuoyuna y\u0131llarca ta\u015f\u0131mam\u0131\u015ft\u0131r. \u00c7\u00fcnk\u00fc yeni T\u00fcrkiye Cumhuriyeti kurulurken, Yurtta Sulh D\u00fcnyada Sulh, b\u00fct\u00fcn kom\u015fularla ili\u015fkilere \u00f6nem veren, d\u00fc\u015fmanl\u0131klar\u0131 de\u011fil tam tersine dostluklar\u0131 tavsiye eden ve bunu da politikalar\u0131yla uygulamaya \u00f6nem veren bir devlet olarak ortaya \u00e7\u0131km\u0131\u015ft\u0131r. Onun i\u00e7in d\u00fcnya kamuoyu T\u00fcrkiye&#8217;nin ac\u0131lar\u0131n\u0131 duymam\u0131\u015ft\u0131r.&#8221;<\/p>\n<p>\u201cTAR\u0130H\u0130 B\u0130R ADIM ATTIK\u201d<\/p>\n<p>Cumhurba\u015fkan\u0131 Abdullah G\u00fcl, T\u00fcrk\u00e7e Konu\u015fan \u00dclkelerin Devlet Ba\u015fkanlar\u0131n\u0131n 9&#8217;uncu Zirvesi&#8217;yle tarihi bir ad\u0131m\u0131n at\u0131ld\u0131\u011f\u0131n\u0131 s\u00f6yledi. Toplant\u0131lar\u0131n ilk kez kurumsal bir kimli\u011fe kavu\u015fturuldu\u011funu dile getiren Cumhurba\u015fkan\u0131 G\u00fcl, \u015funlar\u0131 s\u00f6yledi: &#8220;Bu zirveyle tarihi bir ad\u0131m att\u0131k. \u0130lk defa bu toplant\u0131lar bir kurumsal kimli\u011fe kavu\u015fturuldu. T\u00fcrk\u00e7e Konu\u015fan Devletler Konseyi ad\u0131 alt\u0131nda te\u015fkilat yap\u0131s\u0131na kavu\u015ftu. Bunun bir sekretaryas\u0131 olacak. Ayr\u0131ca devletler devlet ba\u015fkanlar\u0131, d\u0131\u015fi\u015fleri bakanlar\u0131 d\u00fczeyinde, y\u00fcksek memurlar ve aksakallar dedi\u011fimiz her \u00fclkenin birer ki\u015fiyi tayin etti\u011fi T\u00fcrk d\u00fcnyas\u0131 ve T\u00fcrk meseleleriyle ilgilenen ki\u015filerin bir araya gelece\u011fi toplant\u0131lar ve kurullar\u0131 oldu. Bunun sekretaryas\u0131 \u0130stanbul&#8217;da olacak ve her \u00fc\u00e7 y\u0131lda bir her \u00fclkeden bir genel sekreter olacak. Bu noktaya gelmek ger\u00e7ekten kolay olmad\u0131. Kendisini T\u00fcrk hisseden herkesin b\u00fcy\u00fck bir gurur duymas\u0131 gerekir. \u00c7\u00fcnk\u00fc bu b\u00fcy\u00fck bir r\u00fcyayd\u0131. 300 milyona yakla\u015fan T\u00fcrk d\u00fcnyas\u0131n\u0131n \u00e7ok yak\u0131n i\u015fbirli\u011fi i\u00e7inde olmas\u0131 \u00e7ok \u00f6nemli.<\/p>\n<p>Sevinilecek nokta \u015fu: Bu b\u00fcy\u00fck d\u00fcnya i\u00e7erisinde ba\u011f\u0131ms\u0131z ba\u015f\u0131 dik devletler var. Bu ili\u015fkilerimizde \u00f6zen g\u00f6sterece\u011fimiz nokta kar\u015f\u0131l\u0131kl\u0131 sayg\u0131 ve e\u015fitlik ilkesi \u00e7er\u00e7evesinde bu ili\u015fkiler devam edecektir. Ayr\u0131ca bu ili\u015fkiler ba\u015fka herhangi bir kurulu\u015fa ve topluluklara bir alternatif \u015feklinde de\u011fildir. T\u00fcrkiye AB i\u00e7erisindedir, bu \u00fclkelerin baz\u0131lar\u0131 BDT i\u00e7erisinde. B\u00fct\u00fcn herkes en iyi \u015fekilde \u00fclkesinin \u00e7\u0131kar\u0131na hizmet ederken, ama burada da kendisini T\u00fcrk hisseden herkesin daha \u00e7ok i\u015fbirli\u011fi, daha \u00e7ok dayan\u0131\u015fma, m\u00fc\u015fterek platformlar olu\u015fturma konusunda da ortaya \u00e7\u0131km\u0131\u015f bir kurulu\u015f s\u00f6z konusu oldu.<\/p>\n<p>B\u00fct\u00fcn devlet ba\u015fkanlar\u0131 mutlu oldu. 5 \u00fclke bir araya geldik. \u00dcmit ediyoruz ki, di\u011fer T\u00fcrk devletleri de kat\u0131lacaklard\u0131r. \u00d6zellikle k\u00fclt\u00fcrel ve ekonomik alanlarda bu i\u015fbirli\u011fi geli\u015ftirilecek.G\u00f6r\u00fc\u015fmelerde Kafkaslardaki son durum ve \u00fclkeler aras\u0131ndaki i\u015fbirli\u011fi, \u00f6zellikle \u00f6n\u00fcm\u00fczdeki g\u00fcnlerde Minsk&#8217;te Azerbaycan ve Ermenistan Cumhurba\u015fkanlar\u0131 bir araya gelecekler. Karaba\u011f sorunuyla ilgili Minsk grubu g\u00f6zetiminde bir araya gelecekler. Bununla ilgili geli\u015fmeleri ve ayr\u0131ca bizim Ermenistan&#8217;la ili\u015fkilerimizi normalle\u015ftirme gayretlerimizi konu\u015ftuk.<\/p>\n<p>\u201cAZERBAYCAN&#8217;IN T\u00dcRK\u0130YE&#8217;YE OLAN G\u00dcVEN\u0130 TAMDIR\u201d<\/p>\n<p>Cumhurba\u015fkan\u0131 G\u00fcl, Azerbaycan ile protokol krizinin tamamen a\u015f\u0131l\u0131p a\u015f\u0131lmad\u0131\u011f\u0131n\u0131n sorulmas\u0131 \u00fczerine \u015funlar\u0131 s\u00f6yledi: &#8220;D\u00fcnya yeni bir moda girdi. So\u011fuk sava\u015f d\u00f6nemi bitti. Herkes \u015funu g\u00f6rd\u00fc; Bir b\u00f6lgede e\u011fer istikrar g\u00fcven varsa o b\u00f6lgede ekonomik i\u015fbirli\u011fi olur ve bunun neticesinde o b\u00f6lgede ya\u015fayan halk refaha ve mutlulu\u011fa eri\u015fir. Bug\u00fcn art\u0131k \u00e7at\u0131\u015fmalarla donmu\u015f problemleri ilelebet muhafaza etmekle halklar\u0131n refah\u0131 sa\u011flanam\u0131yor. G\u00f6rd\u00fc\u011f\u00fcm kadar\u0131yla herkes iyi niyetli \u00e7al\u0131\u015fma i\u00e7erisine girmi\u015ftir. Bunlar\u0131n desteklenmesi kanaatindeyim. T\u00fcrkiye ve Azerbaycan&#8217;\u0131n karde\u015fli\u011fi hep s\u0131nanm\u0131\u015ft\u0131r. O a\u00e7\u0131dan Azerbaycan&#8217;\u0131n T\u00fcrkiye&#8217;ye olan g\u00fcveni, T\u00fcrkiye&#8217;nin de Azerbaycan&#8217;a olan g\u00fcveni tamd\u0131r. Diplomaside g\u00f6r\u00fcnen y\u00f6n vard\u0131r, bir de g\u00f6r\u00fcnmeyen y\u00f6n vard\u0131r. \u00d6nemli olan \u015fey neticeye ula\u015fmakt\u0131r. Amac\u0131m\u0131z, b\u00fct\u00fcn Kafkaslarda b\u00fct\u00fcn problemleri r\u0131za ile konu\u015farak \u00e7\u00f6zmek ve neticede bar\u0131\u015f\u0131 hakim k\u0131lmakt\u0131r. Bu y\u00f6nde \u00e7ok \u00e7al\u0131\u015fmalar yap\u0131l\u0131yor. \u00c7al\u0131\u015fmalar\u0131n hepsi iyi niyetli oldu\u011fu konusunda Say\u0131n Aliyev&#8217;in de g\u00fcveni tamd\u0131r.&#8221; (Milliyet)<\/p>\n","protected":false},"excerpt":{"rendered":"<p>Abdullah G\u00fcl, T\u00fcrk\u00e7e Konu\u015fan \u00dclkelerin Devlet Ba\u015fkanlar\u0131 9&#8217;uncu Zirvesi&#8217;ne kat\u0131lmak \u00fczere gitti\u011fi Nah\u00e7\u0131van&#8217;da d\u00fczenledi\u011fi bas\u0131n toplant\u0131s\u0131nda Ermeni diasporas\u0131na \u00e7a\u011fr\u0131da bulundu.<\/p>\n","protected":false},"author":4,"featured_media":194018,"comment_status":"open","ping_status":"open","sticky":false,"template":"","format":"standard","meta":{"_acf_changed":false,"footnotes":""},"categories":[5005,349],"tags":[4343,1958,5074,3506,5075,5076,5078],"class_list":["post-5973","post","type-post","status-publish","format-standard","has-post-thumbnail","hentry","category-manset","category-son-dakika","tag-abdullah-gul","tag-azerbaycan","tag-ermeni-diasporasi","tag-ermenistan","tag-ermenistan-turkiye","tag-nahcivan","tag-turkiye-ermenistan-iliskileri"],"acf":[],"_links":{"self":[{"href":"https:\/\/www.nationalturk.com\/tr\/wp-json\/wp\/v2\/posts\/5973","targetHints":{"allow":["GET"]}}],"collection":[{"href":"https:\/\/www.nationalturk.com\/tr\/wp-json\/wp\/v2\/posts"}],"about":[{"href":"https:\/\/www.nationalturk.com\/tr\/wp-json\/wp\/v2\/types\/post"}],"author":[{"embeddable":true,"href":"https:\/\/www.nationalturk.com\/tr\/wp-json\/wp\/v2\/users\/4"}],"replies":[{"embeddable":true,"href":"https:\/\/www.nationalturk.com\/tr\/wp-json\/wp\/v2\/comments?post=5973"}],"version-history":[{"count":0,"href":"https:\/\/www.nationalturk.com\/tr\/wp-json\/wp\/v2\/posts\/5973\/revisions"}],"wp:featuredmedia":[{"embeddable":true,"href":"https:\/\/www.nationalturk.com\/tr\/wp-json\/wp\/v2\/media\/194018"}],"wp:attachment":[{"href":"https:\/\/www.nationalturk.com\/tr\/wp-json\/wp\/v2\/media?parent=5973"}],"wp:term":[{"taxonomy":"category","embeddable":true,"href":"https:\/\/www.nationalturk.com\/tr\/wp-json\/wp\/v2\/categories?post=5973"},{"taxonomy":"post_tag","embeddable":true,"href":"https:\/\/www.nationalturk.com\/tr\/wp-json\/wp\/v2\/tags?post=5973"}],"curies":[{"name":"wp","href":"https:\/\/api.w.org\/{rel}","templated":true}]}}