{"id":60785,"date":"2011-02-18T10:33:39","date_gmt":"2011-02-18T08:33:39","guid":{"rendered":"http:\/\/www.nationalturk.com\/?p=60785"},"modified":"2022-08-26T13:07:16","modified_gmt":"2022-08-26T10:07:16","slug":"besiktas-demokrasi-futbol-kulturu-60785","status":"publish","type":"post","link":"https:\/\/www.nationalturk.com\/tr\/besiktas-demokrasi-futbol-kulturu-60785\/","title":{"rendered":"Be\u015fikta\u015f &#8216;taki Demokrasi ve Futbol K\u00fclt\u00fcr\u00fc"},"content":{"rendered":"<h1><a href=\"http:\/\/www.nationalturk.com\/tr\/wp-content\/uploads\/2011\/02\/muslum-kemal2.jpg\"><img loading=\"lazy\" decoding=\"async\" class=\"alignleft size-medium wp-image-60574\" title=\"M\u00fcsl\u00fcm Kemal G\u00fclhan\" src=\"http:\/\/www.nationalturk.com\/tr\/wp-content\/uploads\/2011\/02\/muslum-kemal2-280x202.jpg\" alt=\"\" width=\"280\" height=\"202\" srcset=\"https:\/\/www.nationalturk.com\/tr\/wp-content\/uploads\/2011\/02\/muslum-kemal2-280x202.jpg 280w, https:\/\/www.nationalturk.com\/tr\/wp-content\/uploads\/2011\/02\/muslum-kemal2.jpg 300w\" sizes=\"auto, (max-width: 280px) 100vw, 280px\" \/><\/a>NationalT\u00fcrk yorumcular\u0131m\u0131zdan M\u00fcsl\u00fcm G\u00fclhan &#8216;\u0131n &#8220;Be\u015fikta\u015f &#8216;taki Demokrasi ve Futbol K\u00fclt\u00fcr\u00fc&#8221; adl\u0131 yaz\u0131s\u0131n\u0131 sizlerle payla\u015f\u0131yoruz;<\/h1>\n<h2>Be\u015fikta\u015f &#8216;taki Demokrasi ve Futbol K\u00fclt\u00fcr\u00fc<\/h2>\n<p>Kavram karga\u015fa ya\u015fayan toplum bireyleri hangi kelimeyi ne zaman kullanmas\u0131 gerekti\u011fi konusunda s\u0131k\u0131nt\u0131 ya\u015famaktad\u0131rlar.<\/p>\n<p>Bazen iki z\u0131t kavram\u0131n bu kadar yak\u0131n olabilece\u011fine inanamayaca\u011f\u0131m\u0131z zamanlar ile kar\u015f\u0131la\u015fabiliyoruz.<br \/>\nBiz zaten sosyal ve s\u0131n\u0131fsal de\u011fi\u015fimleri ya\u015fayamayan bir toplumuz\u2026<br \/>\nO y\u00fczdendir ki sermaye yap\u0131m\u0131z hi\u00e7bir zaman burjuva k\u00fclt\u00fcr\u00fcne ula\u015famad\u0131.<br \/>\nFeodal geldi, feodal gidiyor\u2026<br \/>\nHadi fa\u015fizmim bize \u00e7ok yak\u0131n kavram da!<br \/>\nDemokrasiyi nas\u0131l anlatabilece\u011fiz?<br \/>\nDemokrasi bir ya\u015fam k\u00fclt\u00fcr\u00fcd\u00fcr.<br \/>\nKendine g\u00f6re yorum yaparak demokrasi olu\u015fmaz.<br \/>\nYa da demokrasi ki\u015filerin \u00e7\u0131karlar\u0131 kadar de\u011fildir\u2026<\/p>\n<p><a href=\"http:\/\/www.nationalturk.com\/tr\/wp-content\/uploads\/2011\/02\/besiktas-demokrasi-futbol-kulturu.jpg\"><img loading=\"lazy\" decoding=\"async\" class=\"alignleft size-medium wp-image-60786\" title=\"Be\u015fikta\u015f &#039;taki Demokrasi ve Futbol K\u00fclt\u00fcr\u00fc\" src=\"http:\/\/www.nationalturk.com\/tr\/wp-content\/uploads\/2011\/02\/besiktas-demokrasi-futbol-kulturu-280x186.jpg\" alt=\"\" width=\"280\" height=\"186\" srcset=\"https:\/\/www.nationalturk.com\/tr\/wp-content\/uploads\/2011\/02\/besiktas-demokrasi-futbol-kulturu-280x186.jpg 280w, https:\/\/www.nationalturk.com\/tr\/wp-content\/uploads\/2011\/02\/besiktas-demokrasi-futbol-kulturu.jpg 300w\" sizes=\"auto, (max-width: 280px) 100vw, 280px\" \/><\/a>Asl\u0131nda demokrasiden bahsederken; bizzat demokrat olamad\u0131\u011f\u0131m\u0131zdan bahsetti\u011fimizin fark\u0131na varamay\u0131z.<\/p>\n<p>Y\u0131ld\u0131r\u0131m Demir\u00f6ren ile \u0130brahim \u00fcz\u00fclmez ve \u0130brahim Toraman ars\u0131nda ki fark ince k\u0131rm\u0131z\u0131 bir \u00e7izgidir.<br \/>\nBa\u015fkanl\u0131k ile kaptanl\u0131k ve papazl\u0131k aras\u0131ndaki fark \u00f6yle \u00e7ok b\u00fcy\u00fck bir ayr\u0131cal\u0131k i\u00e7ermemektedir.<br \/>\nKonumlar\u0131ndaki herhangi bir de\u011fi\u015fiklik farkl\u0131l\u0131k yaratmayacakt\u0131r. Bundan emin olabilirsiniz.<br \/>\n\u0130\u015fte bu ise; hem futbol, hem de demokrasi k\u00fclt\u00fcr\u00fc ile alakal\u0131 olan ve alakas\u0131n\u0131n i\u00e7eri\u011fi bir t\u00fcrl\u00fc olu\u015fturulamayan bir durumdur.<br \/>\nBu s\u0131k\u0131nt\u0131n\u0131n da ad\u0131: Kurumsal kimliktir.<\/p>\n<p>100 seneyi a\u015fm\u0131\u015f bir kul\u00fcb\u00fcn hala kurumsal yap\u0131 s\u0131k\u0131nt\u0131s\u0131 \u00e7ekmesi inan\u0131lmayacak bir olay olmakla beraber san\u0131r\u0131m sadece bize has durumdur.<br \/>\nYap\u0131lan transferler ve Shuster ne kadar Be\u015fikta\u015f yap\u0131s\u0131na uygun gelmektedir bunu anlamak inan\u0131n \u00e7ok zor. O y\u00fczdendir Shuster\u2019de gelen di\u011fer hocalar gibi kendi sistemini Be\u015fikta\u015f\u2019\u0131n sistemsizli\u011fi ve olu\u015fmayan kurumsal kimliksizli\u011fin \u00fczerinden kurmaktad\u0131r.<br \/>\nTak\u0131m olmak Mourinho\u2019nun dedi\u011fi gibi \u201ctamamlanm\u0131\u015f \u00fcr\u00fcn\u201d olmakt\u0131r.<br \/>\n\u00d6n\u00fc ba\u015fka, arkas\u0131 ba\u015fka, kul\u00fcbesi ba\u015fka, trib\u00fcn\u00fc ba\u015fka olamaz\u2026<br \/>\n\u0130\u015fte o zaman her ma\u00e7 tanr\u0131lara kurban edecek isim arars\u0131n\u0131z\u2026<br \/>\nBu \u0130brahim olur.<br \/>\nBu Korcan olur.<br \/>\nBu Orhan G\u00fclle olur.<br \/>\nBu Erman olur.<br \/>\nBu Tun\u00e7 olur.<br \/>\n\u2026Ve bu s\u00fcrer gider.<br \/>\nSonunda m\u0131?..<br \/>\nBarakada soyunan bir alt yap\u0131\u2026<br \/>\nTek saha da \u00fc\u00e7 tane tak\u0131m\u0131n antrenman yapmas\u0131,<br \/>\nKar\u0131n toklu\u011funa \u00e7al\u0131\u015fan alt yap\u0131 hocalar\u0131ndan imkans\u0131z bir bekleyi\u015f,<br \/>\nNe \u015fampiyonluk,<br \/>\nNe ba\u015far\u0131,<br \/>\nNe futbol olur.<br \/>\nOrtada sadece 320 Milyon bor\u00e7 ve gelecek kayg\u0131s\u0131 ile ba\u015f ba\u015fa olan bir Be\u015fikta\u015f kal\u0131r.<\/p>\n<p><strong>M\u00fcsl\u00fcm G\u00fclhan<\/strong><\/p>\n<span style=\"font-weight: bold; color: #f00;\">Error, group does not exist! Check your syntax! (ID: 72)<\/span>\n<span style=\"font-weight: bold; color: #f00;\">Error, group does not exist! Check your syntax! (ID: 71)<\/span>\n","protected":false},"excerpt":{"rendered":"<p>Be\u015fikta\u015f &#8216;taki Demokrasi ve Futbol K\u00fclt\u00fcr\u00fc. NationalT\u00fcrk yorumcular\u0131m\u0131zdan M\u00fcsl\u00fcm G\u00fclhan &#8216;\u0131n &#8220;Be\u015fikta\u015f &#8216;taki Demokrasi ve Futbol K\u00fclt\u00fcr\u00fc&#8221; adl\u0131 yaz\u0131s\u0131n\u0131 sizlerle payla\u015f\u0131yoruz.<\/p>\n","protected":false},"author":9192211,"featured_media":60786,"comment_status":"open","ping_status":"open","sticky":false,"template":"","format":"standard","meta":{"_acf_changed":false,"footnotes":""},"categories":[6774,5005,6194],"tags":[63012,63013,29148,63011,11417,11423,8486,2269],"class_list":["post-60785","post","type-post","status-publish","format-standard","has-post-thumbnail","hentry","category-futbol","category-manset","category-spor","tag-besiktas-futbol-kulturu","tag-besiktas-orhan-gulle","tag-besiktas-yildirim-demiroren","tag-futbol-kulturu","tag-ibrahim-toraman","tag-ibrahim-uzulmez","tag-orhan-gulle","tag-yildirim-demiroren"],"acf":[],"_links":{"self":[{"href":"https:\/\/www.nationalturk.com\/tr\/wp-json\/wp\/v2\/posts\/60785","targetHints":{"allow":["GET"]}}],"collection":[{"href":"https:\/\/www.nationalturk.com\/tr\/wp-json\/wp\/v2\/posts"}],"about":[{"href":"https:\/\/www.nationalturk.com\/tr\/wp-json\/wp\/v2\/types\/post"}],"author":[{"embeddable":true,"href":"https:\/\/www.nationalturk.com\/tr\/wp-json\/wp\/v2\/users\/9192211"}],"replies":[{"embeddable":true,"href":"https:\/\/www.nationalturk.com\/tr\/wp-json\/wp\/v2\/comments?post=60785"}],"version-history":[{"count":0,"href":"https:\/\/www.nationalturk.com\/tr\/wp-json\/wp\/v2\/posts\/60785\/revisions"}],"wp:featuredmedia":[{"embeddable":true,"href":"https:\/\/www.nationalturk.com\/tr\/wp-json\/wp\/v2\/media\/60786"}],"wp:attachment":[{"href":"https:\/\/www.nationalturk.com\/tr\/wp-json\/wp\/v2\/media?parent=60785"}],"wp:term":[{"taxonomy":"category","embeddable":true,"href":"https:\/\/www.nationalturk.com\/tr\/wp-json\/wp\/v2\/categories?post=60785"},{"taxonomy":"post_tag","embeddable":true,"href":"https:\/\/www.nationalturk.com\/tr\/wp-json\/wp\/v2\/tags?post=60785"}],"curies":[{"name":"wp","href":"https:\/\/api.w.org\/{rel}","templated":true}]}}