{"id":60800,"date":"2011-02-18T11:33:33","date_gmt":"2011-02-18T09:33:33","guid":{"rendered":"http:\/\/www.nationalturk.com\/?p=60800"},"modified":"2011-02-18T11:33:33","modified_gmt":"2011-02-18T09:33:33","slug":"besir-atalay-telefon-dinleme-60800","status":"publish","type":"post","link":"https:\/\/www.nationalturk.com\/tr\/besir-atalay-telefon-dinleme-60800\/","title":{"rendered":"Be\u015fir Atalay&#8217;dan telefon dinleme a\u00e7\u0131klamas\u0131"},"content":{"rendered":"<h1><img loading=\"lazy\" decoding=\"async\" class=\"alignleft size-medium wp-image-60801\" title=\"Be\u015fir Atalay\" src=\"http:\/\/www.nationalturk.com\/tr\/wp-content\/uploads\/2011\/02\/besir____atalay_konusma1-280x163.jpg\" alt=\"\" width=\"280\" height=\"163\" srcset=\"https:\/\/www.nationalturk.com\/tr\/wp-content\/uploads\/2011\/02\/besir____atalay_konusma1-280x163.jpg 280w, https:\/\/www.nationalturk.com\/tr\/wp-content\/uploads\/2011\/02\/besir____atalay_konusma1.jpg 600w\" sizes=\"auto, (max-width: 280px) 100vw, 280px\" \/>\u0130\u00e7i\u015fleri Bakan\u0131 Be\u015fir Atalay, telefonlar\u0131n\u0131n dinlendi\u011fini ileri s\u00fcren CHP Genel Ba\u015fkan\u0131 Kemal K\u0131l\u0131\u00e7daro\u011flu&#8217;na cevap verdi.<\/h1>\n<p>AKP Geni\u015fletilmi\u015f \u0130l Ba\u015fkanlar\u0131 Toplant\u0131s\u0131&#8217;na kat\u0131lmak i\u00e7in AKP Genel Merkezine gelen \u0130\u00e7i\u015fleri Bakan\u0131 Be\u015fir Atalay giri\u015fte gazetecilere a\u00e7\u0131klamalarda bulundu. Atalay, Kemal K\u0131l\u0131\u00e7daro\u011flu&#8217;nun, hem kendisinin hem de \u00e7ocuklar\u0131n\u0131n telefonlar\u0131n\u0131n dinlendi\u011fi y\u00f6n\u00fcndeki iddias\u0131n\u0131n hat\u0131rlat\u0131lmas\u0131 \u00fczerine &#8220;T\u00fcrkiye&#8217;de bu dinleme i\u015fleri yarg\u0131 karar\u0131yla yap\u0131l\u0131r.\u00a0Onun d\u0131\u015f\u0131nda bizim s\u00f6yleyece\u011fimiz bir \u015fey yok&#8221; dedi.<\/p>\n<p>Bu a\u00e7\u0131klaman\u0131n ard\u0131ndan gazetecilerin &#8220;Dinlemelerin hukuk d\u0131\u015f\u0131 yap\u0131ld\u0131\u011f\u0131 iddia ediliyor&#8221; demesi \u00fczerine ise Bakan Atalay,\u00a0\u201cHukuk d\u0131\u015f\u0131 bir \u015fey olmaz efendim, hukuk d\u0131\u015f\u0131 bir \u015fey olmaz. Hukuk d\u0131\u015f\u0131 bir \u015fey yapanlar cezas\u0131n\u0131 bulur, yanl\u0131\u015f yapanlar cezas\u0131n\u0131 g\u00f6r\u00fcr. Yani T\u00fcrkiye bir hukuk devletidir. Bu i\u015flemlerin nas\u0131l olaca\u011f\u0131 yasalar\u0131m\u0131zda a\u00e7\u0131k\u00e7a yaz\u0131l\u0131d\u0131r. Yarg\u0131 karar\u0131 olmadan o t\u00fcr dinleme gibi \u015feyler katiyen olmaz&#8221; diye konu\u015ftu. Dinlenme endi\u015fesi ta\u015f\u0131y\u0131p ta\u015f\u0131mad\u0131\u011f\u0131 sorulan Be\u015fir Atalay &#8220;Hay\u0131r&#8221; yan\u0131t\u0131n\u0131 verdi.<\/p>\n<!-- Error, Advert is not available at this time due to schedule\/geolocation restrictions! -->\n<span style=\"font-weight: bold; color: #f00;\">Error, group does not exist! Check your syntax! (ID: 52)<\/span>\n","protected":false},"excerpt":{"rendered":"<p>\u0130\u00e7i\u015fleri Bakan\u0131 Be\u015fir Atalay, telefonlar\u0131n\u0131n dinlendi\u011fini ileri s\u00fcren CHP Genel Ba\u015fkan\u0131 Kemal K\u0131l\u0131\u00e7daro\u011flu&#8217;na cevap verdi.<\/p>\n","protected":false},"author":4,"featured_media":60801,"comment_status":"open","ping_status":"open","sticky":false,"template":"","format":"standard","meta":{"_acf_changed":false,"footnotes":""},"categories":[6155,5005,6202,6805],"tags":[9476,59614,8730,62168,63025,63026,5115],"class_list":["post-60800","post","type-post","status-publish","format-standard","has-post-thumbnail","hentry","category-gundem","category-manset","category-politika","category-turkiye","tag-akp","tag-akp-il-baskanlari-toplantisi","tag-besir-atalay","tag-besir-atalay-aciklama","tag-besir-atalay-dinleme","tag-besir-atalay-telefon-dinleme","tag-kemal-kilicdaroglu"],"acf":[],"_links":{"self":[{"href":"https:\/\/www.nationalturk.com\/tr\/wp-json\/wp\/v2\/posts\/60800","targetHints":{"allow":["GET"]}}],"collection":[{"href":"https:\/\/www.nationalturk.com\/tr\/wp-json\/wp\/v2\/posts"}],"about":[{"href":"https:\/\/www.nationalturk.com\/tr\/wp-json\/wp\/v2\/types\/post"}],"author":[{"embeddable":true,"href":"https:\/\/www.nationalturk.com\/tr\/wp-json\/wp\/v2\/users\/4"}],"replies":[{"embeddable":true,"href":"https:\/\/www.nationalturk.com\/tr\/wp-json\/wp\/v2\/comments?post=60800"}],"version-history":[{"count":0,"href":"https:\/\/www.nationalturk.com\/tr\/wp-json\/wp\/v2\/posts\/60800\/revisions"}],"wp:featuredmedia":[{"embeddable":true,"href":"https:\/\/www.nationalturk.com\/tr\/wp-json\/wp\/v2\/media\/60801"}],"wp:attachment":[{"href":"https:\/\/www.nationalturk.com\/tr\/wp-json\/wp\/v2\/media?parent=60800"}],"wp:term":[{"taxonomy":"category","embeddable":true,"href":"https:\/\/www.nationalturk.com\/tr\/wp-json\/wp\/v2\/categories?post=60800"},{"taxonomy":"post_tag","embeddable":true,"href":"https:\/\/www.nationalturk.com\/tr\/wp-json\/wp\/v2\/tags?post=60800"}],"curies":[{"name":"wp","href":"https:\/\/api.w.org\/{rel}","templated":true}]}}