{"id":60845,"date":"2011-02-18T18:07:42","date_gmt":"2011-02-18T16:07:42","guid":{"rendered":"http:\/\/www.nationalturk.com\/?p=60845"},"modified":"2011-02-18T18:09:20","modified_gmt":"2011-02-18T16:09:20","slug":"iran-obama-protestocular-89462","status":"publish","type":"post","link":"https:\/\/www.nationalturk.com\/tr\/iran-obama-protestocular-89462\/","title":{"rendered":"\u0130ran: Obama protestocular\u0131 destekliyor"},"content":{"rendered":"<h1><a href=\"http:\/\/www.nationalturk.com\/tr\/wp-content\/uploads\/2011\/02\/iran-obama.jpg\"><img loading=\"lazy\" decoding=\"async\" class=\"alignleft size-full wp-image-60854\" title=\"\u0130ran: Obama protestocular\u0131 destekliyor\" src=\"http:\/\/www.nationalturk.com\/tr\/wp-content\/uploads\/2011\/02\/iran-obama.jpg\" alt=\"\" width=\"366\" height=\"281\" srcset=\"https:\/\/www.nationalturk.com\/tr\/wp-content\/uploads\/2011\/02\/iran-obama.jpg 366w, https:\/\/www.nationalturk.com\/tr\/wp-content\/uploads\/2011\/02\/iran-obama-280x214.jpg 280w\" sizes=\"auto, (max-width: 366px) 100vw, 366px\" \/><\/a>\u0130ran: Obama protestocular\u0131 destekliyor<\/h1>\n<p>Tahran&#8217;da \u00e7\u0131kan olaylar\u0131n ard\u0131ndan ABD Ba\u015fkan\u0131 Barack Obama \u0130ran ile ilgili \u00e7arp\u0131c\u0131 a\u00e7\u0131klamalarda bulundu.<\/p>\n<p>\u0130ran &#8216;da &#8220;El-Arabiye&#8221; kanal\u0131na dayanarak verilen habere g\u00f6re, Obama ge\u00e7ti\u011fimiz g\u00fcn Tahran &#8216;da ortaya \u00e7\u0131kan karga\u015falar\u0131 destekledi\u011fini s\u00f6yledi.<\/p>\n<p>\u0130ddiaya g\u00f6re Obama,  &#8220;\u0130ranl\u0131lar\u0131n \u00f6zg\u00fcrl\u00fck i\u00e7in gerekli cesareti g\u00f6stermeleri ve protesto g\u00f6sterilerini s\u00fcrd\u00fcrmeleri laz\u0131m&#8221; ifadesini kullan\u0131p, &#8220;\u0130ran&#8217;da protesto g\u00f6sterisi d\u00fczenleyenler&#8221; diyerek, onlardan yana oldu\u011funu ortaya koydu.<\/p>\n<p>ABD Ba\u015fkan\u0131 Obama ayr\u0131ca, b\u00f6lgeye a\u00e7\u0131k\u00e7a m\u00fcdahale etti\u011fini ortaya koyarak, M\u0131s\u0131r ink\u0131lab\u0131n\u0131 hedefinden sapt\u0131rma gayesyle &#8220;M\u0131s\u0131r&#8217;da olumlu i\u015faretler g\u00f6r\u00fcyoruz. Ortado\u011fu \u00fclkeleri de\u011fi\u015fim ihtiyac\u0131n\u0131 hissetmi\u015fler&#8221; dedi.<\/p>\n<p>\u0130ran&#8217;da ge\u00e7ti\u011fimiz g\u00fcn muhalif g\u00f6stericilerin protestolar\u0131nda bir ki\u015fi vurularak ya\u015fam\u0131n\u0131 yitirmi\u015f, onlarca ki\u015fi g\u00f6zalt\u0131na al\u0131nm\u0131\u015ft\u0131.<\/p>\n<!-- Error, Advert is not available at this time due to schedule\/geolocation restrictions! -->\n<!-- Error, Advert is not available at this time due to schedule\/geolocation restrictions! -->\n","protected":false},"excerpt":{"rendered":"<p>\u0130ran: Obama protestocular\u0131 destekliyor. Tahran&#8217;da \u00e7\u0131kan olaylar\u0131n ard\u0131ndan ABD Ba\u015fkan\u0131 Barack Obama \u0130ran ile ilgili \u00e7arp\u0131c\u0131 a\u00e7\u0131klamalarda bulundu.<\/p>\n","protected":false},"author":3,"featured_media":60854,"comment_status":"open","ping_status":"open","sticky":false,"template":"","format":"standard","meta":{"_acf_changed":false,"footnotes":""},"categories":[6768,6665,6155,5005,6772,6202],"tags":[11135,1981,63053,10727,63055,17389,63054,4902,63056,8255,63057,63058],"class_list":["post-60845","post","type-post","status-publish","format-standard","has-post-thumbnail","hentry","category-amerika","category-dunya","category-gundem","category-manset","category-ortadogu","category-politika","tag-abd-baskani-obama","tag-iran","tag-iran-obama","tag-iran-olaylari","tag-iran-protesto","tag-iran-protesto-gosterileri","tag-iran-protestocular","tag-obama","tag-obama-karisikliklari-destekliyor","tag-tahran-olaylar","tag-tahran-prootesto","tag-tahran-protestocular"],"acf":[],"_links":{"self":[{"href":"https:\/\/www.nationalturk.com\/tr\/wp-json\/wp\/v2\/posts\/60845","targetHints":{"allow":["GET"]}}],"collection":[{"href":"https:\/\/www.nationalturk.com\/tr\/wp-json\/wp\/v2\/posts"}],"about":[{"href":"https:\/\/www.nationalturk.com\/tr\/wp-json\/wp\/v2\/types\/post"}],"author":[{"embeddable":true,"href":"https:\/\/www.nationalturk.com\/tr\/wp-json\/wp\/v2\/users\/3"}],"replies":[{"embeddable":true,"href":"https:\/\/www.nationalturk.com\/tr\/wp-json\/wp\/v2\/comments?post=60845"}],"version-history":[{"count":0,"href":"https:\/\/www.nationalturk.com\/tr\/wp-json\/wp\/v2\/posts\/60845\/revisions"}],"wp:featuredmedia":[{"embeddable":true,"href":"https:\/\/www.nationalturk.com\/tr\/wp-json\/wp\/v2\/media\/60854"}],"wp:attachment":[{"href":"https:\/\/www.nationalturk.com\/tr\/wp-json\/wp\/v2\/media?parent=60845"}],"wp:term":[{"taxonomy":"category","embeddable":true,"href":"https:\/\/www.nationalturk.com\/tr\/wp-json\/wp\/v2\/categories?post=60845"},{"taxonomy":"post_tag","embeddable":true,"href":"https:\/\/www.nationalturk.com\/tr\/wp-json\/wp\/v2\/tags?post=60845"}],"curies":[{"name":"wp","href":"https:\/\/api.w.org\/{rel}","templated":true}]}}