{"id":60860,"date":"2011-02-18T18:13:12","date_gmt":"2011-02-18T16:13:12","guid":{"rendered":"http:\/\/www.nationalturk.com\/?p=60860"},"modified":"2011-02-18T18:13:12","modified_gmt":"2011-02-18T16:13:12","slug":"kemal-kilicdaroglu-yuruyen-merdiven-gokcek-60860","status":"publish","type":"post","link":"https:\/\/www.nationalturk.com\/tr\/kemal-kilicdaroglu-yuruyen-merdiven-gokcek-60860\/","title":{"rendered":"Kemal K\u0131l\u0131\u00e7daro\u011flu y\u00fcr\u00fcyen merdiven ma\u011fduru! \/ Video"},"content":{"rendered":"<h1><img loading=\"lazy\" decoding=\"async\" class=\"alignnone size-large wp-image-60663\" title=\"Kemal K\u0131l\u0131\u00e7daro\u011flu\" src=\"http:\/\/www.nationalturk.com\/tr\/wp-content\/uploads\/2011\/02\/kilicdaroglu_yuruyen_merdiven-610x338.jpg\" alt=\"\" width=\"610\" height=\"338\" srcset=\"https:\/\/www.nationalturk.com\/tr\/wp-content\/uploads\/2011\/02\/kilicdaroglu_yuruyen_merdiven-610x338.jpg 610w, https:\/\/www.nationalturk.com\/tr\/wp-content\/uploads\/2011\/02\/kilicdaroglu_yuruyen_merdiven-280x155.jpg 280w, https:\/\/www.nationalturk.com\/tr\/wp-content\/uploads\/2011\/02\/kilicdaroglu_yuruyen_merdiven.jpg 630w\" sizes=\"auto, (max-width: 610px) 100vw, 610px\" \/><\/h1>\n<h1>Cumhuriyet Halk Partisi (CHP) Genel Ba\u015fkan\u0131 Kemal K\u0131l\u0131\u00e7daro\u011flu y\u00fcr\u00fcyen merdiven ma\u011fduru oldu, Melih G\u00f6k\u00e7ek ise asisti degerlendirerek gol\u00fc att\u0131! Kemal K\u0131l\u0131\u00e7daro\u011flu y\u00fcr\u00fcyen merdiven olay\u0131 &#8211; Video<\/h1>\n<p>CHP Lider Kemal K\u0131l\u0131\u00e7daro\u011flu&#8217;nun y\u00fcr\u00fcyen merdiven kazas\u0131n\u0131n yank\u0131lar\u0131 s\u00fcr\u00fcyor. \u00d6nce olay\u0131 anlatal\u0131m: Be\u015fikta\u015f Belediyesi Mustafa Kemal Merkezi&#8217;nde d\u00fczenledi\u011fi bas\u0131n toplant\u0131s\u0131ndan sonra\u00a0binadan \u00e7\u0131kmak i\u00e7in hareketsiz duran y\u00fcr\u00fcyen merdivene y\u00f6nelen Kemal K\u0131l\u0131\u00e7daro\u011flu a\u015fa\u011f\u0131 inmeye ba\u015flad\u0131. Ancak y\u00fcr\u00fcyen merdivenin yukar\u0131 do\u011fru hareket etmesiyle Kemal K\u0131l\u0131\u00e7daro\u011flu zor anlar ya\u015fad\u0131. B\u00fcy\u00fck \u015fa\u015fk\u0131nl\u0131k ya\u015fayan ve bir s\u00fcre a\u015fa\u011f\u0131 do\u011fru ad\u0131m atmas\u0131na ra\u011fmen ilerleyemeyen Kemal K\u0131l\u0131\u00e7daro\u011flu, g\u00f6revlilerin merdiveni durdurmas\u0131yla a\u015fa\u011f\u0131 inebildi.<\/p>\n<h2>Kemal K\u0131l\u0131\u00e7daro\u011flu y\u00fcr\u00fcyen merdiven kurban\u0131<\/h2>\n<p>Kemal K\u0131l\u0131\u00e7daro\u011flu&#8217;nun y\u00fcr\u00fcyen merdiven azizli\u011fine u\u011framas\u0131n\u0131n detaylar\u0131 ise g\u00f6r\u00fcnt\u00fclerin yay\u0131nlanmas\u0131yla ortaya \u00e7\u0131kt\u0131. Konu\u015fma yapt\u0131\u011f\u0131 salondan \u00e7\u0131kan Kemal K\u0131l\u0131\u00e7daro\u011flu bir anda yo\u011fun bir kalabal\u0131\u011f\u0131n ortas\u0131nda kald\u0131. \u00d6n\u00fcn\u00fc g\u00f6rmekte zorluk \u00e7eken Kemal K\u0131l\u0131\u00e7daro\u011flu y\u00fcr\u00fcyen merdivenin durdu\u011funu g\u00f6r\u00fcnce a\u015fa\u011f\u0131 inmek i\u00e7in merdivenlere y\u00f6neldi. \u00d6n taraf\u0131nda hareket alg\u0131lay\u0131nca \u00e7al\u0131\u015fan y\u00fcr\u00fcyen merdiven g\u00f6r\u00fcnt\u00fc almaya \u00e7al\u0131\u015fan bir kameraman\u0131n h\u0131zla \u00f6n\u00fcnden ge\u00e7mesiyle harekete ge\u00e7ti. Kemal K\u0131l\u0131\u00e7daro\u011flu y\u00fcr\u00fcyen merdivenin ortalar\u0131na geldi\u011fi s\u0131rada \u00e7al\u0131\u015fmaya ba\u015flayan merdiven K\u0131l\u0131\u00e7daro\u011flu&#8217;nun tersi istikamete y\u00f6nelince CHP lideri sars\u0131larak d\u00fc\u015fme tehlikesi ge\u00e7irdi. Ba\u015flarda zorlansa da Kemal K\u0131l\u0131\u00e7daro\u011flu y\u00fcr\u00fcyen merdivenden ters y\u00f6nde inmeyi ba\u015fard\u0131.<\/p>\n<p><strong>Melih G\u00f6k\u00e7ek f\u0131rsat\u0131 ka\u00e7\u0131rmad\u0131<\/strong><\/p>\n<p>Ankara B\u00fcy\u00fck\u015fehir Belediye Ba\u015fkan\u0131 Melih G\u00f6k\u00e7ek, Kemal K\u0131l\u0131\u00e7daro\u011flu&#8217;nun y\u00fcr\u00fcyen merdivende ya\u015fad\u0131\u011f\u0131 olay\u0131 f\u0131kralara konu olaca\u011f\u0131n\u0131 ifade ederek &#8220;Merdivenin yeri belli, sa\u011f taraftan binilir, a\u015fa\u011f\u0131dan da \u00e7\u0131k\u0131l\u0131r. Bunu bilmeyecek lider d\u00fc\u015f\u00fcn\u00fclemez. Ancak Say\u0131n K\u0131l\u0131\u00e7daro\u011flu g\u00f6z g\u00f6re g\u00f6re y\u00fcr\u00fcyen merdivenlere ters biniyor. Zaten K\u0131l\u0131\u00e7daro\u011flu siyasette de hep tersten gidiyor. Ankara&#8217;da gerekli \u00f6nlemleri al\u0131p y\u00fcr\u00fcyen merdivenlere y\u00f6n levhas\u0131 yapt\u0131raca\u011f\u0131z&#8221; dedi.<\/p>\n<p>Twitter&#8217;de \u015fovunu s\u00fcrd\u00fcren Melih G\u00f6k\u00e7ek, y\u00f6n levhalar\u0131yla Kemal K\u0131l\u0131\u00e7daro\u011flu&#8217;nun art\u0131k \u015fa\u015f\u0131rmayaca\u011f\u0131n\u0131 belirterek &#8220;\u0130yi ki bu olay Ankara&#8217;da olmam\u0131\u015f. E\u011fer bu olay Ankara&#8217;da ya\u015fansayd\u0131 kesin benden bilirdi. San\u0131yorum K\u0131l\u0131\u00e7daro\u011flu dan\u0131\u015fmanlar\u0131na inceletecektir. Say\u0131n K\u0131l\u0131\u00e7daro\u011flu merdivenlerin y\u00fcr\u00fctmesinin durdurulmas\u0131 i\u00e7in galiba Anayasa Mahkemesi&#8217;ne gider. Ancak \u015fu da bilinmelidir ki; Kemal K\u0131l\u0131\u00e7daro\u011flu bu \u00fclkede oyunu kullanamam\u0131\u015f bir genel ba\u015fkand\u0131r. K\u0131l\u0131\u00e7daro\u011flu&#8217;nun y\u00fcr\u00fcyen merdivenleri kullanamamas\u0131 gayet normal&#8221; ifadelerini kulland\u0131.<\/p>\n<h3>\u0130\u015fte Kemal K\u0131l\u0131\u00e7daro\u011flu&#8217;nun y\u00fcr\u00fcyen merdivendeki g\u00f6r\u00fcnt\u00fcleri;<\/h3>\n[media id=1122 width=610 height=340]\n<span style=\"font-weight: bold; color: #f00;\">Error, group does not exist! Check your syntax! (ID: 51)<\/span>\n<!-- Error, Advert is not available at this time due to schedule\/geolocation restrictions! -->\n","protected":false},"excerpt":{"rendered":"<p>Cumhuriyet Halk Partisi (CHP) Genel Ba\u015fkan\u0131 Kemal K\u0131l\u0131\u00e7daro\u011flu y\u00fcr\u00fcyen merdiven ma\u011fduru oldu, Melih G\u00f6k\u00e7ek ise asisti degerlendirerek gol\u00fc att\u0131! Kemal K\u0131l\u0131\u00e7daro\u011flu y\u00fcr\u00fcyen merdiven olay\u0131 &#8211; Video<\/p>\n","protected":false},"author":4,"featured_media":189098,"comment_status":"open","ping_status":"open","sticky":false,"template":"","format":"standard","meta":{"_acf_changed":false,"footnotes":""},"categories":[1],"tags":[20275,5115,62918,62915,23052,62916],"class_list":["post-60860","post","type-post","status-publish","format-standard","has-post-thumbnail","hentry","category-nationalturk","tag-besiktas-belediyesi","tag-kemal-kilicdaroglu","tag-kemal-kilicdaroglu-besiktas","tag-kemal-kilicdaroglu-merdiven","tag-kemal-kilicdaroglu-video","tag-mustafa-kemal-merkezi"],"acf":[],"_links":{"self":[{"href":"https:\/\/www.nationalturk.com\/tr\/wp-json\/wp\/v2\/posts\/60860","targetHints":{"allow":["GET"]}}],"collection":[{"href":"https:\/\/www.nationalturk.com\/tr\/wp-json\/wp\/v2\/posts"}],"about":[{"href":"https:\/\/www.nationalturk.com\/tr\/wp-json\/wp\/v2\/types\/post"}],"author":[{"embeddable":true,"href":"https:\/\/www.nationalturk.com\/tr\/wp-json\/wp\/v2\/users\/4"}],"replies":[{"embeddable":true,"href":"https:\/\/www.nationalturk.com\/tr\/wp-json\/wp\/v2\/comments?post=60860"}],"version-history":[{"count":0,"href":"https:\/\/www.nationalturk.com\/tr\/wp-json\/wp\/v2\/posts\/60860\/revisions"}],"wp:featuredmedia":[{"embeddable":true,"href":"https:\/\/www.nationalturk.com\/tr\/wp-json\/wp\/v2\/media\/189098"}],"wp:attachment":[{"href":"https:\/\/www.nationalturk.com\/tr\/wp-json\/wp\/v2\/media?parent=60860"}],"wp:term":[{"taxonomy":"category","embeddable":true,"href":"https:\/\/www.nationalturk.com\/tr\/wp-json\/wp\/v2\/categories?post=60860"},{"taxonomy":"post_tag","embeddable":true,"href":"https:\/\/www.nationalturk.com\/tr\/wp-json\/wp\/v2\/tags?post=60860"}],"curies":[{"name":"wp","href":"https:\/\/api.w.org\/{rel}","templated":true}]}}