{"id":60958,"date":"2011-02-21T12:04:18","date_gmt":"2011-02-21T10:04:18","guid":{"rendered":"http:\/\/www.nationalturk.com\/?p=60958"},"modified":"2022-09-20T01:45:49","modified_gmt":"2022-09-19T22:45:49","slug":"besiktas-fenerbahce-maci-60958","status":"publish","type":"post","link":"https:\/\/www.nationalturk.com\/tr\/besiktas-fenerbahce-maci-60958\/","title":{"rendered":"Be\u015fikta\u015f Fenerbah\u00e7e ma\u00e7\u0131n\u0131 Fuat Yaman&#8217;a sorduk"},"content":{"rendered":"<h1><img loading=\"lazy\" decoding=\"async\" class=\"alignleft size-medium wp-image-60959\" title=\"Fuat Yaman\" src=\"http:\/\/www.nationalturk.com\/tr\/wp-content\/uploads\/2011\/02\/fy-anasayfa-206x220.jpg\" alt=\"\" width=\"206\" height=\"220\" srcset=\"https:\/\/www.nationalturk.com\/tr\/wp-content\/uploads\/2011\/02\/fy-anasayfa-206x220.jpg 206w, https:\/\/www.nationalturk.com\/tr\/wp-content\/uploads\/2011\/02\/fy-anasayfa.jpg 300w\" sizes=\"auto, (max-width: 206px) 100vw, 206px\" \/>Tam 6 gol, k\u0131rm\u0131z\u0131 kart, penalt\u0131 ve bir\u00e7ok pozisyona sahne olan Be\u015fikta\u015f Fenerbah\u00e7e ma\u00e7\u0131 daha uzun s\u00fcre konu\u015fulacak gibi g\u00f6r\u00fcn\u00fcyor. Be\u015fikta\u015f Fenerbah\u00e7e ma\u00e7\u0131n\u0131 NationalTurk yorumcusu Fuat Yaman&#8217;a sorduk&#8230;<\/h1>\n<p><strong>NationalTurk: <\/strong>Per\u015fembe g\u00fcn\u00fc oynanan Dinamo Kiev ma\u00e7\u0131 Be\u015fikta\u015f&#8217;\u0131 etkiledi mi?<\/p>\n<p><strong>Fuat Yaman: <\/strong>Ma\u00e7 \u00f6ncesi Be\u015fikta\u015f&#8217;\u0131n Dinamo Kiev ile yapt\u0131\u011f\u0131 Avrupa ma\u00e7\u0131 fiyaskosuna reaksiyon g\u00f6sterece\u011fini ve Fenerbah\u00e7e&#8217;yi zorlayaca\u011f\u0131n\u0131 d\u00fc\u015f\u00fcn\u00fcyordum. Fenerbah\u00e7e&#8217;nin k\u00f6t\u00fc d\u0131\u015f saha performans\u0131 bu d\u00fc\u015f\u00fcncemi destekliyordu.\u00a0Be\u015fikta\u015f 3 g\u00fcn \u00f6nce ma\u00e7 oynam\u0131\u015f. Rakibinin kulland\u0131\u011f\u0131 ilk 3 kornerde 2 gol yemi\u015f. Bu kez rakibi \u00f6l\u00fc toplarla sonuca giden (stoperi \u00e7ok etkili, 5 gol\u00fc var) bir tak\u0131m&#8230;<\/p>\n<p><strong>NationalTurk:<\/strong> Be\u015fikta\u015f yine duran topta gol yedi.<\/p>\n<p><strong>Fuat Yaman:<\/strong> Fenerbah\u00e7e ma\u00e7\u0131nda ilk yan top ve gol izledik..\u00a0Yar\u0131\u015ft\u0131\u011f\u0131 t\u00fcm kulvarlar\u0131 neredeyse kaybetmi\u015f, teknik direkt\u00f6r\u00fcn\u00fcn umursamaz ve tuhaf uygulamalar\u0131na tepkili tak\u0131m, iki kaptan\u0131n\u0131n y\u00fczy\u0131l sava\u015flar\u0131 derken bu golle y\u0131k\u0131ld\u0131.\u00a0Fenerbah\u00e7e idman ma\u00e7\u0131na \u00e7evirdi olay\u0131.<\/p>\n<p><strong>NationalTurk: <\/strong>Peki Be\u015fikta\u015f ma\u00e7\u0131 nas\u0131l \u00e7evirdi?<\/p>\n<p><strong>Fuat Yaman:<\/strong> 15 dakikal\u0131k b\u00f6l\u00fcmde 3-4 farkl\u0131k bir tablo olu\u015fabilirdi. Daha sonra imdada trib\u00fcnler yeti\u015fti.\u00a0\u00d6l\u00fcye suni teneff\u00fcs yapt\u0131rmaya ba\u015flad\u0131.\u00a0D\u00fcn gece at\u0131lmak i\u00e7in her \u015feyi yapan Ekrem sahadan at\u0131lmad\u0131 ama nefis bir gol att\u0131.<\/p>\n<p><strong><img loading=\"lazy\" decoding=\"async\" class=\"alignleft size-medium wp-image-60961\" title=\"Bernd Schuster\" src=\"http:\/\/www.nationalturk.com\/tr\/wp-content\/uploads\/2011\/02\/schuster_uzgun-280x186.jpg\" alt=\"\" width=\"280\" height=\"186\" srcset=\"https:\/\/www.nationalturk.com\/tr\/wp-content\/uploads\/2011\/02\/schuster_uzgun-280x186.jpg 280w, https:\/\/www.nationalturk.com\/tr\/wp-content\/uploads\/2011\/02\/schuster_uzgun.jpg 600w\" sizes=\"auto, (max-width: 280px) 100vw, 280px\" \/>NationalTurk: <\/strong>Ma\u00e7\u0131n kaderini belirleyen Ferrari ve uygulamalar\u0131 yine tart\u0131\u015f\u0131lan Schuster i\u00e7in ne diyeceksiniz?<\/p>\n<p><strong>Fuat Yaman:<\/strong> Ferrari ve Schuster Be\u015fikta\u015f&#8217;\u0131 yakt\u0131.\u00a0\u0130kinci yar\u0131 roller de\u011fi\u015fmi\u015fti. \u00dc\u00e7\u00fcnc\u00fc gol geldi gelecek derken Ferrari, Lugano&#8217;yu ve kendi tak\u0131m\u0131n\u0131 yumruklad\u0131.\u00a0\u00d6n taraftan bir oyuncu \u00e7\u0131k\u0131p savunmac\u0131 girmesi beklenirken, Alex&#8217;i kilitleyen Necip oyundan al\u0131n\u0131nca Alex, Schuster&#8217;in bu hediyesini te\u015fekk\u00fcrle kabul etti!<\/p>\n<p>G\u00f6khan G\u00f6n\u00fcl&#8217;\u00fcn k\u0131rm\u0131z\u0131 kart\u0131 C\u00fcneyt \u00c7ak\u0131r&#8217;\u0131n ho\u015fg\u00f6r\u00fcs\u00fcne tak\u0131ld\u0131. Ma\u00e7a ne kadar etki ederdi bilinmez ama sahadaki say\u0131sal dengeyi sa\u011flard\u0131.\u00a0Alex&#8217;in 2 gol\u00fcnden sonra ma\u00e7 tek tarafl\u0131 oynand\u0131. Fenerbah\u00e7e bir ki\u015fi fazla oynaman\u0131n t\u00fcm avantaj\u0131n\u0131 kullanarak ak\u0131ll\u0131 oynad\u0131.\u00a0Schuster&#8217;in kul\u00fcbede savunmac\u0131 bulundurmamas\u0131 ve Necip&#8217;i \u00e7\u0131karmas\u0131 intiharla e\u015fde\u011ferdi.\u00a0Bu intihara engel olabilmek i\u00e7in futbolcular (Ferrari hari\u00e7) ve \u00f6zellikle taraftar \u00e7ok \u00e7aba sarfettiter ama Schuster \u00e7ok kararl\u0131yd\u0131! ALLAH rahmet eylesin&#8230;<\/p>\n<!-- Error, Advert is not available at this time due to schedule\/geolocation restrictions! -->\n<!-- Error, Advert is not available at this time due to schedule\/geolocation restrictions! -->\n","protected":false},"excerpt":{"rendered":"<p>Tam 6 gol, k\u0131rm\u0131z\u0131 kart, penalt\u0131 ve bir\u00e7ok pozisyona sahne olan Be\u015fikta\u015f Fenerbah\u00e7e ma\u00e7\u0131 daha uzun s\u00fcre konu\u015fulacak gibi g\u00f6r\u00fcn\u00fcyor. Be\u015fikta\u015f Fenerbah\u00e7e ma\u00e7\u0131n\u0131 NationalTurk yorumcusu Fuat Yaman&#8217;a sorduk<\/p>\n","protected":false},"author":4,"featured_media":60959,"comment_status":"open","ping_status":"open","sticky":false,"template":"","format":"standard","meta":{"_acf_changed":false,"footnotes":""},"categories":[6774,26554,5005,6194],"tags":[9303,21733,63150,28711,63151,195967,8495],"class_list":["post-60958","post","type-post","status-publish","format-standard","has-post-thumbnail","hentry","category-futbol","category-haftanin-yorumu","category-manset","category-spor","tag-besiktas-fenerbahce","tag-besiktas-fenerbahce-maci","tag-besiktas-fenerbahce-yazilari","tag-besiktas-yazilari","tag-besiktas-yorum","tag-fuat-yaman","tag-fuat-yaman-yazilari"],"acf":[],"_links":{"self":[{"href":"https:\/\/www.nationalturk.com\/tr\/wp-json\/wp\/v2\/posts\/60958","targetHints":{"allow":["GET"]}}],"collection":[{"href":"https:\/\/www.nationalturk.com\/tr\/wp-json\/wp\/v2\/posts"}],"about":[{"href":"https:\/\/www.nationalturk.com\/tr\/wp-json\/wp\/v2\/types\/post"}],"author":[{"embeddable":true,"href":"https:\/\/www.nationalturk.com\/tr\/wp-json\/wp\/v2\/users\/4"}],"replies":[{"embeddable":true,"href":"https:\/\/www.nationalturk.com\/tr\/wp-json\/wp\/v2\/comments?post=60958"}],"version-history":[{"count":0,"href":"https:\/\/www.nationalturk.com\/tr\/wp-json\/wp\/v2\/posts\/60958\/revisions"}],"wp:featuredmedia":[{"embeddable":true,"href":"https:\/\/www.nationalturk.com\/tr\/wp-json\/wp\/v2\/media\/60959"}],"wp:attachment":[{"href":"https:\/\/www.nationalturk.com\/tr\/wp-json\/wp\/v2\/media?parent=60958"}],"wp:term":[{"taxonomy":"category","embeddable":true,"href":"https:\/\/www.nationalturk.com\/tr\/wp-json\/wp\/v2\/categories?post=60958"},{"taxonomy":"post_tag","embeddable":true,"href":"https:\/\/www.nationalturk.com\/tr\/wp-json\/wp\/v2\/tags?post=60958"}],"curies":[{"name":"wp","href":"https:\/\/api.w.org\/{rel}","templated":true}]}}