{"id":61043,"date":"2011-02-22T10:32:42","date_gmt":"2011-02-22T08:32:42","guid":{"rendered":"http:\/\/www.nationalturk.com\/?p=61043"},"modified":"2011-02-22T10:32:42","modified_gmt":"2011-02-22T08:32:42","slug":"libya-da-son-durum-bingazi-61043","status":"publish","type":"post","link":"https:\/\/www.nationalturk.com\/tr\/libya-da-son-durum-bingazi-61043\/","title":{"rendered":"Libya&#8217;da son durum! 3500 T\u00fcrk stadyumda rehin tutuluyor"},"content":{"rendered":"<h1><img loading=\"lazy\" decoding=\"async\" class=\"alignleft size-full wp-image-61044\" title=\"Libya&#039;da olaylar bitmiyor\" src=\"http:\/\/www.nationalturk.com\/tr\/wp-content\/uploads\/2011\/02\/libya_gosteriii.jpeg\" alt=\"\" width=\"400\" height=\"268\" srcset=\"https:\/\/www.nationalturk.com\/tr\/wp-content\/uploads\/2011\/02\/libya_gosteriii.jpeg 400w, https:\/\/www.nationalturk.com\/tr\/wp-content\/uploads\/2011\/02\/libya_gosteriii-280x187.jpg 280w\" sizes=\"auto, (max-width: 400px) 100vw, 400px\" \/>Libya&#8217;da Muammer Kaddafi kar\u015f\u0131tlar\u0131 \u00fclkenin ikinci b\u00fcy\u00fck \u015fehri Bingazi&#8217;yi tamamen ele ge\u00e7irdi. Bingazi&#8217;de 3500 T\u00fcrk bir stadyumda rehin tutuluyor. Libya&#8217;da son durum&#8230;<\/h1>\n<p>Radikal gazetesi Bingazi&#8217;de faaliyet g\u00f6steren Arsel \u0130n\u015faat firmas\u0131n\u0131n elektrik m\u00fchendisi Atakan Bilici&#8217;ye ula\u015ft\u0131. M\u00fchendisin anlatt\u0131klar\u0131 Bingazi&#8217;deki deh\u015feti a\u00e7\u0131k bir \u015fekilde g\u00f6zler \u00f6n\u00fcne seriyor. 4 g\u00fcnd\u00fcr Bingazi&#8217;de protestocular\u0131n g\u00f6zetiminde tutulduklar\u0131n\u0131 ifade eden Bilici, &#8220;Bizi \u00f6nce havaalan\u0131na, sonra bir hangara en son da k\u00fc\u00e7\u00fck bir stadyuma yerle\u015ftirdiler. Yakla\u015f\u0131k 3 bin 500 ki\u015fiyiz. Her yerden silah sesleri geliyor. \u0130syanc\u0131lar bizi Kaddafi\u2019ye kar\u015f\u0131 pazarl\u0131kta koz olarak g\u00f6r\u00fcyor. A\u00e7\u0131z ve \u00f6lmekten korkuyoruz\u201d diye konu\u015ftu.<\/p>\n<p>27 ya\u015f\u0131ndaki Atakan Bilici, Per\u015fembe g\u00fcn\u00fc isyanc\u0131lar\u0131n T\u00fcrk \u015fantiyelerini ya\u011fmalamaya ve yakmaya ba\u015flad\u0131\u011f\u0131n\u0131, \u00e7al\u0131\u015fanlar\u0131n \u015fantiyelerden at\u0131ld\u0131\u011f\u0131n\u0131 dile getirerek &#8220;\u015eantiyeden at\u0131ld\u0131ktan sonra havaalan\u0131na s\u0131\u011f\u0131nd\u0131k. Hi\u00e7bir sorunumuz \u00e7\u00f6z\u00fclmedi. T\u00fcrk u\u00e7aklar\u0131n\u0131n yar\u0131dan fazlas\u0131 bo\u015f gitti. Biletimiz olmad\u0131\u011f\u0131 i\u00e7in u\u00e7a\u011fa al\u0131nmad\u0131k. Devlet neden bizden bilet istiyor?&#8221; ifadelerini kulland\u0131.<\/p>\n<p>Radikal&#8217;in haberine g\u00f6re diplomatik kaynaklar da 3 bin 500 T\u00fcrk&#8217;\u00fcn stadyumda tutuldu\u011funu do\u011frularken T\u00fcrk yetkililerin u\u00e7ak ve gemilerin Bingazi&#8217;ye ula\u015fmas\u0131yla birlikte T\u00fcrk vatanda\u015flar\u0131n\u0131 tahliye etmeyi planlad\u0131\u011f\u0131 \u00f6\u011frenildi.<\/p>\n<p>Bu arada Libya&#8217;n\u0131n ba\u015fkenti Trablus\u2019tan \u0130stanbul\u2019a ula\u015fabilen T\u00fcrk vatanda\u015flar\u0131, Bingazi Havaliman\u0131\u2019n\u0131n yak\u0131ld\u0131\u011f\u0131n\u0131, T\u00fcrklerin hangara topland\u0131\u011f\u0131n\u0131 ve u\u00e7aklar\u0131n kalkmad\u0131\u011f\u0131n\u0131 s\u00f6yledi. G\u00f6rg\u00fc tan\u0131klar\u0131ndan biri ise bir T\u00fcrk&#8217;\u00fcn hayat\u0131n\u0131 kaybetti\u011fini iddia etti. Radikal&#8217;e konu\u015fan Mimar Abdurrahim Bayramo\u011flu, canlar\u0131n\u0131 zor kurtard\u0131klar\u0131n\u0131 belirterek \u201cLibya&#8217;n\u0131n tamam\u0131nda sorun var. \u015eantiyeler yak\u0131l\u0131yor. Trablus Havaliman\u0131 h\u0131nca h\u0131n\u00e7 insan dolu. \u0130nternet \u00e7al\u0131\u015fm\u0131yor. T\u00fcrk yetkililer yok&#8221; dedi.<\/p>\n<p>\u00d6te yandan T\u00fcrkiye&#8217;den hareket eden \u0130DO&#8217;ya ait 2 feribota sivil giyimli \u00f6zel harekat timlerinin bindirildi\u011fi iddia edildi. \u0130syanc\u0131larla pazarl\u0131k yapmak i\u00e7in \u00e7ok say\u0131da diplomat\u0131n da gemilere bindirildi\u011fi gelen haberler aras\u0131nda. Pazarl\u0131klar\u0131n olumlu sonu\u00e7lanmas\u0131 halinde Lefko\u015fa&#8217;ya kurulacak ge\u00e7ici \u00fcs \u00fczerinden T\u00fcrklerin T\u00fcrkiye&#8217;ye nakledilmesi planlan\u0131yor.<\/p>\n<span style=\"font-weight: bold; color: #f00;\">Error, group does not exist! Check your syntax! (ID: 51)<\/span>\n<!-- Error, Advert is not available at this time due to schedule\/geolocation restrictions! -->\n","protected":false},"excerpt":{"rendered":"<p>Libya&#8217;da Muammer Kaddafi kar\u015f\u0131tlar\u0131 \u00fclkenin ikinci b\u00fcy\u00fck \u015fehri Bingazi&#8217;yi tamamen ele ge\u00e7irdi. Bingazi&#8217;de 3500 T\u00fcrk bir stadyumda rehin tutuluyor. Libya&#8217;da son durum&#8230;<\/p>\n","protected":false},"author":4,"featured_media":61044,"comment_status":"open","ping_status":"open","sticky":false,"template":"","format":"standard","meta":{"_acf_changed":false,"footnotes":""},"categories":[6767,6665,6155,5005,6772,349],"tags":[62877,63212,4787,62874,62875,63214,63213],"class_list":["post-61043","post","type-post","status-publish","format-standard","has-post-thumbnail","hentry","category-afrika","category-dunya","category-gundem","category-manset","category-ortadogu","category-son-dakika","tag-bingazi","tag-bingazide-son-durum","tag-libya","tag-libya-olaylar","tag-libya-olaylari","tag-libya-turk-vatandaslar","tag-libyadaki-turkler"],"acf":[],"_links":{"self":[{"href":"https:\/\/www.nationalturk.com\/tr\/wp-json\/wp\/v2\/posts\/61043","targetHints":{"allow":["GET"]}}],"collection":[{"href":"https:\/\/www.nationalturk.com\/tr\/wp-json\/wp\/v2\/posts"}],"about":[{"href":"https:\/\/www.nationalturk.com\/tr\/wp-json\/wp\/v2\/types\/post"}],"author":[{"embeddable":true,"href":"https:\/\/www.nationalturk.com\/tr\/wp-json\/wp\/v2\/users\/4"}],"replies":[{"embeddable":true,"href":"https:\/\/www.nationalturk.com\/tr\/wp-json\/wp\/v2\/comments?post=61043"}],"version-history":[{"count":0,"href":"https:\/\/www.nationalturk.com\/tr\/wp-json\/wp\/v2\/posts\/61043\/revisions"}],"wp:featuredmedia":[{"embeddable":true,"href":"https:\/\/www.nationalturk.com\/tr\/wp-json\/wp\/v2\/media\/61044"}],"wp:attachment":[{"href":"https:\/\/www.nationalturk.com\/tr\/wp-json\/wp\/v2\/media?parent=61043"}],"wp:term":[{"taxonomy":"category","embeddable":true,"href":"https:\/\/www.nationalturk.com\/tr\/wp-json\/wp\/v2\/categories?post=61043"},{"taxonomy":"post_tag","embeddable":true,"href":"https:\/\/www.nationalturk.com\/tr\/wp-json\/wp\/v2\/tags?post=61043"}],"curies":[{"name":"wp","href":"https:\/\/api.w.org\/{rel}","templated":true}]}}