{"id":61096,"date":"2011-02-22T16:18:31","date_gmt":"2011-02-22T14:18:31","guid":{"rendered":"http:\/\/www.nationalturk.com\/?p=61096"},"modified":"2011-02-22T16:18:31","modified_gmt":"2011-02-22T14:18:31","slug":"nihat-ozdemir-fenerbahce-haberleri-61096","status":"publish","type":"post","link":"https:\/\/www.nationalturk.com\/tr\/nihat-ozdemir-fenerbahce-haberleri-61096\/","title":{"rendered":"Nihat \u00d6zdemir: Soyunma odas\u0131na girmemiz normal \/ Fenerbah\u00e7e Haberleri"},"content":{"rendered":"<h1><img loading=\"lazy\" decoding=\"async\" class=\"alignleft size-medium wp-image-61097\" title=\"Nihat \u00d6zdemir\" src=\"http:\/\/www.nationalturk.com\/tr\/wp-content\/uploads\/2011\/02\/nihatozdemirrrr-280x192.jpg\" alt=\"\" width=\"280\" height=\"192\" srcset=\"https:\/\/www.nationalturk.com\/tr\/wp-content\/uploads\/2011\/02\/nihatozdemirrrr-280x192.jpg 280w, https:\/\/www.nationalturk.com\/tr\/wp-content\/uploads\/2011\/02\/nihatozdemirrrr.jpg 434w\" sizes=\"auto, (max-width: 280px) 100vw, 280px\" \/>Fenerbah\u00e7e \u0130kinci Ba\u015fkan\u0131 Nihat \u00d6zdemir, Ba\u015fkan Aziz Y\u0131ld\u0131r\u0131m ve y\u00f6neticilerin soyunma odas\u0131na girmesinin gayet do\u011fal oldu\u011funu s\u00f6yledi. \/ Fenerbah\u00e7e Haberleri&#8230;<\/h1>\n<p>Ntvspor Radyo&#8217;da B\u00fclent Y\u00fcksel ile Sportif G\u00f6r\u00fc\u015f program\u0131na konuk olan Nihat \u00d6zdemir &#8220;En iyi kadro bizde, \u015fampiyonluk yolunda a\u015f\u0131r\u0131 motiveyiz&#8221; dedi. Deneyimli idareci &#8220;Aziz Y\u0131ld\u0131r\u0131m devre aras\u0131 masaya yumru\u011funu vurdu&#8221; hatta &#8220;Aziz Y\u0131ld\u0131r\u0131m Aykut Hoca&#8217;n\u0131n i\u015fine m\u00fcdahale etti&#8221; s\u00f6ylemlerini de yorumlad\u0131&#8230;<\/p>\n<p>Ligde en iyi kadronun Fenerbah\u00e7e&#8217;de oldu\u011funu iddia eden Nihat \u00d6zdemir, &#8220;Bu kadar iyi bir tak\u0131m olmam\u0131za ra\u011fmen, ilk yar\u0131 istenilen seviyede de\u011fildik. Bizim tak\u0131m\u0131za, ba\u015far\u0131l\u0131 olabilece\u011fimize dair inanc\u0131m\u0131z\u0131 ortaya koyduk. Teknik direkt\u00f6r\u00fcm\u00fcz Aykut Kocaman&#8217;\u0131n ve oyuncular\u0131n yan\u0131nda olduk, onlar\u0131 motive ettik&#8221; diye konu\u015ftu.<\/p>\n<p><strong>Nihat \u00d6zdemir&#8217;in a\u00e7\u0131klamalar\u0131 \u015f\u00f6yle;<\/strong><\/p>\n<p>Yeni Malatyaspor&#8217;a yenildik ve kupadan elendik. Ondan sonra bir Antalya kamp\u0131m\u0131z vard\u0131. Kamp \u00e7ok verimli ge\u00e7ti ve ikinci yar\u0131n\u0131n ba\u015f\u0131nda \u00e7ok \u00f6nemli olan ma\u00e7lar\u0131m\u0131z\u0131, Trabzonspor ma\u00e7\u0131n\u0131, Antalyaspor, Manisaspor deplasmanlar\u0131n\u0131 son olarak Be\u015fikta\u015f deplasman\u0131n\u0131 arka arkaya kazanmam\u0131z, teknik kadromuzu da oyuncular\u0131m\u0131z\u0131 da bialeri de olumlu y\u00f6nde etkiledi. Hedefimiz \u015fampiyonluktu. \u015eampiyonluk y\u00f6n\u00fcndeki \u015fans\u0131m\u0131z da \u00f6nemli derecede artt\u0131.\u0130n\u015fallah da bunu ba\u015far\u0131p, taraftar\u0131m\u0131z\u0131n \u00fc\u00e7 d\u00f6rt y\u0131ld\u0131r ayr\u0131 kald\u0131\u011f\u0131 \u015fampiyonluk hasretini giderece\u011fiz.<\/p>\n<p>Fenerbeh\u00e7e \u0130kinci Ba\u015fkan\u0131 Nihat \u00d6zdemir anlatt\u0131\u011f\u0131 y\u00f6netim deste\u011finin, &#8220;Teknik Direkt\u00f6r Aykut Kocaman&#8217;\u0131n i\u015fine kar\u0131\u015fmak&#8221; olarak nitelendirildi\u011finin hat\u0131rlat\u0131lmas\u0131 \u00fczerineyse ilgi\u00e7 bir yakla\u015f\u0131mda bulundu:<\/p>\n<h2>Soyunma odas\u0131na girmemiz \u00e7ok normal<\/h2>\n<p>D\u00fcnyadaki her tak\u0131mda, y\u00f6neticiler, ba\u015fkan, soyunma odalar\u0131na giderler, hocalar\u0131yla g\u00f6r\u00fc\u015f\u00fcrler, oyunculara moral verirler&#8230; Bizim de b\u00f6yle yapmam\u0131z \u00e7ok normaldir. Tabii ki Samand\u0131ra&#8217;ya gidece\u011fiz, ma\u00e7 ba\u015flamadan devre aras\u0131nda tabii ki soyunma odas\u0131na gidece\u011fiz. \u00c7\u00fcnk\u00fc ba\u015far\u0131l\u0131 olsak da olmasak da fatura bize \u00e7\u0131k\u0131yor zaten. Teknik ekibin detayl\u0131 i\u015flerine kar\u0131\u015facak de\u011filiz. Biz sadece hocam\u0131za ve oyuncular\u0131m\u0131za &#8220;yan\u0131n\u0131zday\u0131z&#8221; deriz. Bunu yap\u0131yoruz, deste\u011fimiz artarak devam ediyor. Ba\u015fkan&#8217;\u0131n, bizlerin, soyunma odas\u0131na gitmemesi gariptir, anormaldir. Biz tak\u0131m\u0131n par\u00e7as\u0131y\u0131z. Bu \u00e7al\u0131\u015fmay\u0131 basketbolda da yap\u0131yoruz, voleybolda da yap\u0131yoruz, t\u00fcm tak\u0131m sporlar\u0131nda yap\u0131yoruz.<\/p>\n<p>Nihat \u00d6zdemir &#8220;Aykut Hoca sezonu ba\u015far\u0131yla tamamlarsa Fenerbah\u00e7e&#8217;nin Fatih Terim&#8217;i olur mu?&#8221; sorusunuysa &#8220;bunu \u00e7ok istiyoruz&#8221; diye yan\u0131tlad\u0131:<\/p>\n<p>Biz zaten yerli oyuncular\u0131m\u0131za buralarda \u015fans verme ii\u015fini \u00e7ok \u00f6nce ba\u015flatt\u0131k, Aziz Y\u0131ld\u0131r\u0131m ba\u015fkanl\u0131\u011f\u0131nda Aykut Hoca d\u00f6rd\u00fcnc\u00fcs\u00fc  Biz istiyoruz ki Fenerbah\u00e7e formas\u0131n\u0131 terleten, Fenerbah\u00e7e formas\u0131n\u0131n de\u011ferini bilen bu tip insanlar\u0131n ba\u015far\u0131l\u0131 olmas\u0131n\u0131 istiyoruz. Daha \u00f6nceki hocalar\u0131m\u0131za destek olduk ama olmad\u0131. \u015eimdi Aykut Hoca zaten T\u00fcrkiye&#8217;nin \u00f6nemli teknik direkt\u00f6rlerindendir, T\u00fcrkiye&#8217;nin s\u0131n\u0131rlar\u0131n\u0131n d\u0131\u015f\u0131na da ad\u0131n\u0131 yazd\u0131rmas\u0131n\u0131 istiyoruz, can\u0131 g\u00f6n\u00fclden de destek oluyoruz.Her zaman yan\u0131nday\u0131z, O&#8217;na moral veriyoruz, projelerini dinliyoruz, her y\u00f6nden Aykut Hoca&#8217;ya destek oluyoruz.<\/p>\n<p>Deneyimli idareci Fenerbah\u00e7e&#8217;nin \u015fu anki durumuyla \u00fc\u00e7 ay \u00f6nceki &#8220;Aziz Y\u0131ld\u0131r\u0131m gitsin, Mehmet Ali Ayd\u0131nlar gelsin&#8221; yorumlar\u0131 aras\u0131ndaki u\u00e7urumun sorulmas\u0131 \u00fczerine de camiaya ciddi mesajlar verdi:<\/p>\n<p>Spor kamuoyunun belli bir kesimi de medyan\u0131n belli bir kesimi de hatta taraftar\u0131n belli bir k\u0131sm\u0131 tamamen skora y\u00f6nelik karar veriyorlar. Bir d\u00f6nem i\u015fler k\u00f6t\u00fc gidince ba\u015fka ba\u015fka sesler \u00e7\u0131kmaya ba\u015fl\u0131yor. Asl\u0131nda o seslerin \u00e7\u0131kt\u0131\u011f\u0131 d\u00f6nemlerde camia kenetlenmeli. Tak\u0131m etraf\u0131nda kenetlenmeli, y\u00f6netim etraf\u0131nda kenetlenmeli, Aykut Hoca etraf\u0131nda kenetlenmeli Bak\u0131n Alex hakk\u0131nda daha \u00f6nce neler denirdu, \u015fimdi Alex nerede? Ben destek olmaktan ba\u015fka yolun olmad\u0131\u011f\u0131na inan\u0131yorum. Hemen karar verip &#8220;o gitsin, bu gelsin&#8221; ile bu i\u015flerin do\u011fru y\u00fcr\u00fcmeyece\u011fine inan\u0131yorum.<\/p>\n<p>\u0130kinci Ba\u015fkan \u00d6zdemir, Ba\u015fkan Aziz Y\u0131ld\u0131r\u0131m&#8217;\u0131n zaman zaman ortam\u0131 germek, hatta son Be\u015fikta\u015f derbisinde doping kontrol odas\u0131na girip &#8220;i\u015fini,zi do\u011fru yap\u0131n, basketbolda ne i\u015fler a\u00e7t\u0131n\u0131z ba\u015f\u0131m\u0131za!&#8221; demek suretiyle s\u0131k\u00e7a ele\u015ftirilidi\u011finin hat\u0131rlat\u0131lmas\u0131na da yan\u0131t verdi.<\/p>\n<h3>Hi\u00e7bir zaman hakem odas\u0131na girmedik<\/h3>\n<p>Aziz Ba\u015fkan Fenerbah\u00e7e Ba\u015fkanl\u0131\u011f\u0131 makam\u0131n\u0131n hakk\u0131n\u0131 veriyor. Fenerbah\u00e7e&#8217;nin hakk\u0131n\u0131n yenmemesi i\u00e7in Fenerbah\u00e7e&#8217;ye kimsenin dil uzatmamas\u0131 i\u00e7in \u00e7aba g\u00f6steriyor ve O&#8217;nun t\u00fcm \u00e7abalar\u0131n\u0131 destekliyorum.Ben ba\u015fkan\u0131m\u0131z\u0131n doping kontrol odas\u0131na girdi\u011fini gazetede okudu, do\u011fru olup olmad\u0131\u011f\u0131n\u0131 bilmiyorum. Onlar\u0131 s\u00f6ylemi\u015fse espri olsun diye s\u00f6ylemi\u015ftir. Biz hi\u00e7bir zaman hakemin odas\u0131na da girmedik. Koridorda g\u00f6rm\u00fc\u015fsek, konu\u015fmu\u015fuzdur. Hesi de budur!<\/p>\n<p>Tak\u0131m\u0131n performans\u0131, yeni transferlerin tak\u0131m\u0131na uyumuyla, Aykut Kocaman, ba\u015fta Ba\u015fkan olmak \u00fczere biz y\u00f6netim kurulu \u00fcyeleri, hepimizin bir b\u00fct\u00fcn oldu\u011funu g\u00f6r\u00fcyorum. \u0130nan\u0131lmaz derecede motivasyonumuzun artt\u0131\u011f\u0131n\u0131 g\u00f6r\u00fcyorum. Sahan\u0131n i\u00e7inde, sahan\u0131n d\u0131\u015f\u0131nda Smand\u0131ra&#8217;da hepimiz bir \u015feye kenetlenmi\u015f vaziyetteyiz; yaln\u0131z futbol tak\u0131m\u0131m\u0131z de\u011fil, t\u00fcm bran\u015flarda yut i\u00e7i ve yurt d\u0131\u015f\u0131nda ba\u015far\u0131. Bunun i\u00e7in de a\u015f\u0131r\u0131 bir motivasyon ve birlik beraberlik var&#8230;<\/p>\n<!-- Error, Advert is not available at this time due to schedule\/geolocation restrictions! -->\n<!-- Error, Advert is not available at this time due to schedule\/geolocation restrictions! -->\n","protected":false},"excerpt":{"rendered":"<p>Fenerbah\u00e7e \u0130kinci Ba\u015fkan\u0131 Nihat \u00d6zdemir, Ba\u015fkan Aziz Y\u0131ld\u0131r\u0131m ve y\u00f6neticilerin soyunma odas\u0131na girmesinin gayet do\u011fal oldu\u011funu s\u00f6yledi. \/ Fenerbah\u00e7e Haberleri&#8230;<\/p>\n","protected":false},"author":4,"featured_media":189095,"comment_status":"open","ping_status":"open","sticky":false,"template":"","format":"standard","meta":{"_acf_changed":false,"footnotes":""},"categories":[6774,6194],"tags":[2255,5058,5891,849,5170,50976],"class_list":["post-61096","post","type-post","status-publish","format-standard","has-post-thumbnail","hentry","category-futbol","category-spor","tag-aykut-kocaman","tag-aziz-yildirim","tag-fatih-terim","tag-fenerbahce","tag-nihat-ozdemir","tag-nihat-ozdemir-aciklama"],"acf":[],"_links":{"self":[{"href":"https:\/\/www.nationalturk.com\/tr\/wp-json\/wp\/v2\/posts\/61096","targetHints":{"allow":["GET"]}}],"collection":[{"href":"https:\/\/www.nationalturk.com\/tr\/wp-json\/wp\/v2\/posts"}],"about":[{"href":"https:\/\/www.nationalturk.com\/tr\/wp-json\/wp\/v2\/types\/post"}],"author":[{"embeddable":true,"href":"https:\/\/www.nationalturk.com\/tr\/wp-json\/wp\/v2\/users\/4"}],"replies":[{"embeddable":true,"href":"https:\/\/www.nationalturk.com\/tr\/wp-json\/wp\/v2\/comments?post=61096"}],"version-history":[{"count":0,"href":"https:\/\/www.nationalturk.com\/tr\/wp-json\/wp\/v2\/posts\/61096\/revisions"}],"wp:featuredmedia":[{"embeddable":true,"href":"https:\/\/www.nationalturk.com\/tr\/wp-json\/wp\/v2\/media\/189095"}],"wp:attachment":[{"href":"https:\/\/www.nationalturk.com\/tr\/wp-json\/wp\/v2\/media?parent=61096"}],"wp:term":[{"taxonomy":"category","embeddable":true,"href":"https:\/\/www.nationalturk.com\/tr\/wp-json\/wp\/v2\/categories?post=61096"},{"taxonomy":"post_tag","embeddable":true,"href":"https:\/\/www.nationalturk.com\/tr\/wp-json\/wp\/v2\/tags?post=61096"}],"curies":[{"name":"wp","href":"https:\/\/api.w.org\/{rel}","templated":true}]}}